{"id":139851,"date":"2025-05-30T18:36:13","date_gmt":"2025-05-30T18:36:13","guid":{"rendered":"https:\/\/www.europesays.com\/fr\/139851\/"},"modified":"2025-05-30T18:36:13","modified_gmt":"2025-05-30T18:36:13","slug":"et-si-un-champignon-dangereux-pour-nos-poumons-envahissait-la-planete-a-cause-du-rechauffement-climatique","status":"publish","type":"post","link":"https:\/\/www.europesays.com\/fr\/139851\/","title":{"rendered":"Et si un champignon dangereux pour nos poumons envahissait la plan\u00e8te \u00e0 cause du r\u00e9chauffement climatique ?"},"content":{"rendered":"<p> <img decoding=\"async\" fetchpriority=\"high\" src=\"https:\/\/www.europesays.com\/fr\/wp-content\/uploads\/2025\/05\/et-si-un-champignon-dangereux-pour-nos-poumons-envahissait-la-planete-a-cause-du-rechauffement-clima.jpeg\"  width=\"768\" height=\"432\" alt=\"Champignon aspergillus\" title=\"Champignon aspergillus\" data-image=\"z0t1le6at8b9\"\/>Cette \u00e9tude britannique a cartographi\u00e9 les effets de la hausse des temp\u00e9ratures sur la r\u00e9partition mondiale de trois champignons pathog\u00e8nes de l&rsquo;esp\u00e8ce Aspergillus (notre photo).   <img decoding=\"async\" fetchpriority=\"high\" src=\"https:\/\/www.europesays.com\/fr\/wp-content\/uploads\/2025\/04\/anthony-kaczmarek.jpg\" alt=\"Anthony Kaczmarek\" width=\"40\" height=\"40\"\/>    <a class=\"nombre text-hv\" href=\"https:\/\/www.tameteo.com\/auteur\/anthony-kaczmarek\/\" title=\"Anthony Kaczmarek\" rel=\"nofollow noopener\" target=\"_blank\">Anthony Kaczmarek<\/a>         30\/05\/2025 11:04   4 min   <\/p>\n<p>Tous les humains respirent des spores de champignons : le probl\u00e8me, c&rsquo;est que <strong>certaines esp\u00e8ces du genre Aspergilllus peuvent devenir pathog\u00e8nes et provoquer de graves infections respiratoires<\/strong>. Une \u00e9tude britannique en cours d&rsquo;\u00e9valuation estime qu&rsquo;<strong>avec le r\u00e9chauffement climatique, ces champignons parfois dangereux pourraient s&rsquo;installer dans de nouvelles r\u00e9gions<\/strong> du monde.<\/p>\n<p>Un champignon qui nous \u00ab\u00a0mange de l&rsquo;int\u00e9rieur\u00a0\u00bb<\/p>\n<p>Trois chercheurs ont \u00e9tudi\u00e9 le lien entre le changement climatique et les maladies infectieuses, notamment Norman van Rhijn, de l&rsquo;universit\u00e9 de Manchester, en Angleterre. Ses propos font froid dans le dos : selon lui, <strong>lorsque notre organisme ne parvient pas \u00e0 \u00e9liminer les spores issues du genre Aspergillus,<\/strong> <strong>le champignon \u00ab\u00a0commence \u00e0 se d\u00e9velopper\u00a0\u00bb et \u00ab\u00a0vous mange de l&rsquo;int\u00e9rieur\u00a0\u00bb<\/strong>. Gla\u00e7ant.<\/p>\n<p><img loading=\"lazy\" decoding=\"async\" fetchpriority=\"low\" class=\"lazy \" src=\"https:\/\/www.europesays.com\/fr\/wp-content\/uploads\/2025\/05\/1748630172_85_maxresdefault.jpg\"  width=\"768\" height=\"432\" alt=\"youtube video id=NN8DGW4MTTE\" id=\"NN8DGW4MTTE\"\/><\/p>\n<p>On parle ici d&rsquo;une <strong>infection fongique, une maladie responsable de 2,5 millions de morts chaque ann\u00e9e<\/strong>. Selon l&rsquo;article de ces chercheurs, en cours de relecture par leurs pairs, ce chiffre pourrait encore s&rsquo;alourdir, d&rsquo;apr\u00e8s leurs mod\u00e9lisations. La raison ? <strong>La hausse des temp\u00e9ratures<\/strong>, celle issue du r\u00e9chauffement climatique, qui pourrait <strong>\u00e9tendre la r\u00e9partition mondiale de trois champignons pathog\u00e8nes<\/strong>.<\/p>\n<p>Ces trois esp\u00e8ces font toutes parties du genre Aspergillus : <strong>Aspergillus flavus, Aspergillus fumigatus et <\/strong><strong>Aspergillus niger<\/strong>. Elles ne deviennent pathog\u00e8nes que dans certaines conditions, notamment pour les <strong>patients fragiles immunod\u00e9prim\u00e9s ou atteints de maladies pulmonaires chroniques<\/strong>.<\/p>\n<p><a class=\"imagen \" href=\"https:\/\/www.tameteo.com\/actualites\/science\/pourquoi-le-megalodon-a-t-il-disparu.html\" title=\"Pourquoi le M\u00e9galodon, monstre des mers pr\u00e9historique, a-t-il disparu ? Et surtout, pourrait-il revenir ?\" rel=\"nofollow noopener\" target=\"_blank\"><img loading=\"lazy\" decoding=\"async\" fetchpriority=\"low\" class=\"lazy img-body non-editable\" src=\"https:\/\/www.europesays.com\/fr\/wp-content\/uploads\/2025\/05\/pourquoi-le-megalodon-a-t-il-disparu-1748195803354_320.jpg\"  width=\"320\" height=\"225\" alt=\"Pourquoi le M\u00e9galodon, monstre des mers pr\u00e9historique, a-t-il disparu ? Et surtout, pourrait-il revenir ?\"\/><\/a><\/p>\n<p>Si nous continuons \u00e0 d\u00e9pendre des \u00e9nergies fossiles, et que le r\u00e9chauffement climatique poursuit sa dramatique trajectoire, alors <strong>la r\u00e9partition g\u00e9ographique d&rsquo;Aspergillus flavus pourrait cro\u00eetre de 16%<\/strong>, tandis que <strong>le territoire d&rsquo;Aspergillus fumigatus pourrait s&rsquo;\u00e9tendre de 77,5%<\/strong>. Au total, <strong>10 millions d&rsquo;Europ\u00e9ens en plus<\/strong> seraient potentiellement expos\u00e9s au risque d&rsquo;infection !<\/p>\n<p>\u00ab\u00a0The Last of Us\u00a0\u00bb bient\u00f4t r\u00e9el ?<\/p>\n<p>Apr\u00e8s inhalation des spores d&rsquo;Aspergillus, certains d\u00e9velopperont donc peut-\u00eatre une <strong>aspergillose, infection des voies respiratoires<\/strong>. Mais alors que ces champignons r\u00e9aliseraient leurs <strong>conqu\u00eates g\u00e9ographiques<\/strong> principalement dans les <strong>hautes latitudes<\/strong>, ils pourraient \u00e9galement dans le m\u00eame temps <strong>perdre du terrain en Afrique subsaharienne<\/strong>, devenue trop chaude.<\/p>\n<blockquote class=\"twitter-tweet\">\n<p lang=\"en\" dir=\"ltr\"> A deadly mold threatens humanity. It affects the brain and lungs, global warming is helping it take over new countries<\/p>\n<p>One of the most dangerous fungi could increase its range in Europe by 77% by the end of the century.<\/p>\n<p>The World Health Organization (WHO) calls Aspergillus <a href=\"https:\/\/t.co\/n2RYZ9SvPF\" rel=\"nofollow\">pic.twitter.com\/n2RYZ9SvPF<\/a><\/p>\n<p>\u2014 Based &amp; Viral (@ViralBased) <a href=\"https:\/\/twitter.com\/ViralBased\/status\/1921282590155419901?ref_src=twsrc%5Etfw\" rel=\"nofollow noopener\" target=\"_blank\">May 10, 2025<\/a><\/p><\/blockquote>\n<p>Ce n&rsquo;est pour autant pas forc\u00e9ment une bonne nouvelle ! Les champignons du genre Aspergillus <strong>contribuent<\/strong> en effet <strong>positivement \u00e0 la sant\u00e9 des sols et au cycle du carbone<\/strong>.<\/p>\n<p>L&rsquo;inqui\u00e9tude majeure des chercheurs est que <strong>certains champignons pourraient s&rsquo;adapter au r\u00e9chauffement climatique et devenir davantage pathog\u00e8nes<\/strong> gr\u00e2ce \u00e0 la hausse des temp\u00e9ratures. Cela pourrait entra\u00eener une <strong>hausse du nombre des infections chez les individus en bonne sant\u00e9<\/strong>, comme \u00e0 l&rsquo;image du sc\u00e9nario de la s\u00e9rie am\u00e9ricaine \u00ab\u00a0The Last of Us\u00a0\u00bb.<\/p>\n<p><a class=\"imagen \" href=\"https:\/\/www.tameteo.com\/actualites\/actualite\/les-moustiques-tigres-font-leur-retour-comment-limiter-leur-proliferation-avant-cet-ete.html\" title=\"Les moustiques tigres font leur retour : comment limiter leur prolif\u00e9ration avant cet \u00e9t\u00e9 ?\" rel=\"nofollow noopener\" target=\"_blank\"><img loading=\"lazy\" decoding=\"async\" fetchpriority=\"low\" class=\"lazy img-body non-editable\" src=\"https:\/\/www.europesays.com\/fr\/wp-content\/uploads\/2025\/05\/les-moustiques-tigres-font-leur-retour-comment-limiter-leur-proliferation-avant-cet-ete-174853352423.jpeg\"  width=\"320\" height=\"225\" alt=\"Les moustiques tigres font leur retour : comment limiter leur prolif\u00e9ration avant cet \u00e9t\u00e9 ?\"\/><\/a><\/p>\n<p>Quand on sait que <strong>sur les 5 millions d&rsquo;esp\u00e8ces de champignons pr\u00e9sentes sur notre plan\u00e8te, nous n&rsquo;en connaissons scientifiquement que 140 000<\/strong> seulement, il y a encore du chemin \u00e0 faire\u2026<\/p>\n<p>R\u00e9f\u00e9rences de l&rsquo;article :<\/p>\n<p>Geo. <a href=\"https:\/\/www.geo.fr\/environnement\/ce-champignon-qui-nous-mange-de-l-interieur-pourrait-conquerir-de-nouveaux-territoires-226793\" target=\"_blank\" rel=\"nofollow noopener\">Ce champignon qui nous \u00ab\u00a0mange de l&rsquo;int\u00e9rieur\u00a0\u00bb pourrait conqu\u00e9rir de nouveaux territoires<\/a>.<\/p>\n<p>N. van Rhijn et al., Research Square (2025). <a href=\"https:\/\/www.researchsquare.com\/article\/rs-6545782\/v1\" target=\"_blank\" rel=\"nofollow noopener\">Climate change-driven geographical shifts in Aspergillus species habitat and the implications for plant and human health<\/a>.<\/p>\n<p> <script async src=\"https:\/\/platform.twitter.com\/widgets.js\" charset=\"utf-8\"><\/script><\/p>\n","protected":false},"excerpt":{"rendered":"Cette \u00e9tude britannique a cartographi\u00e9 les effets de la hausse des temp\u00e9ratures sur la r\u00e9partition mondiale de trois&hellip;\n","protected":false},"author":2,"featured_media":139852,"comment_status":"","ping_status":"","sticky":false,"template":"","format":"standard","meta":{"footnotes":""},"categories":[10],"tags":[26650,26649,15145,11426,6764,17160,26654,7078,1011,27,26652,72,13849,16978,226,26653,74,52,13573,5140,1306,4510,71,22424,26651],"class_list":{"0":"post-139851","1":"post","2":"type-post","3":"status-publish","4":"format-standard","5":"has-post-thumbnail","7":"category-sante","8":"tag-aspergillose","9":"tag-aspergillus","10":"tag-britannique","11":"tag-carbone","12":"tag-cartographie","13":"tag-champignons","14":"tag-contamination-fongique","15":"tag-etude","16":"tag-fr","17":"tag-france","18":"tag-hausse-des-temperatures","19":"tag-health","20":"tag-infection","21":"tag-interieur","22":"tag-maladie","23":"tag-manger","24":"tag-monde","25":"tag-planete","26":"tag-poumons","27":"tag-rechauffement-climatique","28":"tag-regions","29":"tag-risque","30":"tag-sante","31":"tag-sols","32":"tag-voies-respiratoires"},"share_on_mastodon":{"url":"https:\/\/pubeurope.com\/@fr\/114598234385237326","error":""},"_links":{"self":[{"href":"https:\/\/www.europesays.com\/fr\/wp-json\/wp\/v2\/posts\/139851","targetHints":{"allow":["GET"]}}],"collection":[{"href":"https:\/\/www.europesays.com\/fr\/wp-json\/wp\/v2\/posts"}],"about":[{"href":"https:\/\/www.europesays.com\/fr\/wp-json\/wp\/v2\/types\/post"}],"author":[{"embeddable":true,"href":"https:\/\/www.europesays.com\/fr\/wp-json\/wp\/v2\/users\/2"}],"replies":[{"embeddable":true,"href":"https:\/\/www.europesays.com\/fr\/wp-json\/wp\/v2\/comments?post=139851"}],"version-history":[{"count":0,"href":"https:\/\/www.europesays.com\/fr\/wp-json\/wp\/v2\/posts\/139851\/revisions"}],"wp:featuredmedia":[{"embeddable":true,"href":"https:\/\/www.europesays.com\/fr\/wp-json\/wp\/v2\/media\/139852"}],"wp:attachment":[{"href":"https:\/\/www.europesays.com\/fr\/wp-json\/wp\/v2\/media?parent=139851"}],"wp:term":[{"taxonomy":"category","embeddable":true,"href":"https:\/\/www.europesays.com\/fr\/wp-json\/wp\/v2\/categories?post=139851"},{"taxonomy":"post_tag","embeddable":true,"href":"https:\/\/www.europesays.com\/fr\/wp-json\/wp\/v2\/tags?post=139851"}],"curies":[{"name":"wp","href":"https:\/\/api.w.org\/{rel}","templated":true}]}}