{"id":139859,"date":"2025-05-30T18:40:10","date_gmt":"2025-05-30T18:40:10","guid":{"rendered":"https:\/\/www.europesays.com\/fr\/139859\/"},"modified":"2025-05-30T18:40:10","modified_gmt":"2025-05-30T18:40:10","slug":"trump-ravive-les-tensions-commerciales-avec-la-chine-actualites","status":"publish","type":"post","link":"https:\/\/www.europesays.com\/fr\/139859\/","title":{"rendered":"Trump ravive les tensions commerciales avec la Chine : Actualit\u00e9s"},"content":{"rendered":"<p class=\"lead \">Engag\u00e9 dans une bataille juridique autour de ses droits de douane, le pr\u00e9sident am\u00e9ricain, Donald Trump, a raviv\u00e9 vendredi les tensions commerciales avec la Chine en accusant P\u00e9kin de ne pas respecter les termes de l&rsquo;accord de d\u00e9tente n\u00e9goci\u00e9 il y a deux semaines entre les deux pays \u00e0 Gen\u00e8ve.<\/p>\n<p class=\"lead \">\u00ab\u00a0Sans grande surprise, la Chine a totalement viol\u00e9 son accord avec nous\u00a0\u00bb, a d\u00e9nonc\u00e9 M. Trump dans un message sur son r\u00e9seau Truth Social, sans pr\u00e9ciser quelles actions men\u00e9es par P\u00e9kin il visait. \u00ab\u00a0Cela m&rsquo;apprendra \u00e0 vouloir \u00eatre gentil\u00a0\u00bb, a-t-il ajout\u00e9.<\/p>\n<p class=\"lead \">Les Etats-Unis et la Chine \u00e9taient parvenus \u00e0 un accord le 12 mai \u00e0 Gen\u00e8ve afin de suspendre temporairement l&rsquo;escalade commerciale qui avait port\u00e9 les droits de douane sur les produits am\u00e9ricains \u00e0 125% et ceux appliqu\u00e9s aux produits chinois \u00e0 145%.<\/p>\n<p class=\"lead \">Apr\u00e8s deux jours de rencontre, Washington et P\u00e9kin avaient accept\u00e9 de r\u00e9duire temporairement leurs droits de douane pour les abaisser \u00e0 respectivement 30% et 10%, s&rsquo;engageant \u00e0 poursuivre les discussions en vue d&rsquo;un accord commercial.<\/p>\n<p class=\"lead \">Mais le secr\u00e9taire am\u00e9ricain au Tr\u00e9sor, Scott Bessent, a reconnu jeudi que ces discussions \u00e9taient \u00ab\u00a0un peu au point mort\u00a0\u00bb, ajoutant esp\u00e9rer que Donald Trump rencontrerait prochainement son homologue Xi Jinping pour d\u00e9bloquer les n\u00e9gociations.<\/p>\n<p class=\"lead \">Interrog\u00e9 vendredi sur les propos de M. Bessent, Lin Jian, un porte-parole du minist\u00e8re chinois des Affaires \u00e9trang\u00e8res, a r\u00e9pondu lors d&rsquo;un point de presse que la Chine avait \u00ab\u00a0d\u00e9j\u00e0 clairement exprim\u00e9 sa position sur les droits de douane \u00e0 de nombreuses reprises\u00a0\u00bb.<\/p>\n<p class=\"lead \">Interrog\u00e9 par la presse, le directeur de cabinet adjoint de M. Trump, Stephen Miller, a pr\u00e9cis\u00e9 que, pour la Maison Blanche, \u00ab\u00a0la Chine n&rsquo;a pas rempli les engagements qu&rsquo;elle avait pris aupr\u00e8s des Etats-Unis\u00a0\u00bb, sans apporter de d\u00e9tails. \u00ab\u00a0Cela ouvre la porte \u00e0 des actions des Etats-Unis afin d&rsquo;assurer une future application\u00a0\u00bb, a-t-il ajout\u00e9.<\/p>\n<p class=\"lead \">Les march\u00e9s financiers ont r\u00e9agi de mani\u00e8re mitig\u00e9e \u00e0 ces nouveaux soubresauts. Wall Street \u00e9tait en baisse vendredi, ces querelles judiciaires sur les droits de douane ayant \u00e0 nouveau attis\u00e9 les incertitudes<\/p>\n<p class=\"lead \">Le nouveau coup de sang du pr\u00e9sident Trump survient deux jours apr\u00e8s que le tribunal de commerce international des Etats-Unis (ITC) a estim\u00e9 que le pr\u00e9sident am\u00e9ricain avait outrepass\u00e9 ses pouvoirs en imposant des surtaxes non cibl\u00e9es, alors qu&rsquo;il s&rsquo;agit d&rsquo;une pr\u00e9rogative du Congr\u00e8s.<\/p>\n<p class=\"lead \">Cette d\u00e9cision bloquait d\u00e8s lors tant les droits de douane impos\u00e9s au Canada, au Mexique et \u00e0 la Chine que ceux dits \u00ab\u00a0r\u00e9ciproques\u00a0\u00bb inflig\u00e9s d\u00e9but avril \u00e0 plusieurs pays.<\/p>\n<p class=\"lead \">&#8211; Discussions avec l&rsquo;Europe &#8211;<\/p>\n<p class=\"lead \">D&rsquo;autres surtaxes n&rsquo;\u00e9taient en revanche pas concern\u00e9es: celles visant des secteurs d&rsquo;activit\u00e9 particuliers, comme l&rsquo;acier et l&rsquo;aluminium ou l&rsquo;automobile.<\/p>\n<p class=\"lead \">Mais moins de 24 heures plus tard, une cour d&rsquo;appel a suspendu la d\u00e9cision de premi\u00e8re instance, le temps de se prononcer sur le fond.<\/p>\n<p class=\"lead \">En parall\u00e8le, un autre tribunal, \u00e0 Washington, a estim\u00e9 que les surtaxes visant le Canada, le Mexique et la Chine \u00e9taient \u00ab\u00a0ill\u00e9gales\u00a0\u00bb et ne pouvaient \u00eatre collect\u00e9es, assortissant sa d\u00e9cision d&rsquo;un sursis le temps d&rsquo;un \u00e9ventuel appel.<\/p>\n<p class=\"lead \">Saluant sa victoire en appel, le pr\u00e9sident am\u00e9ricain a attaqu\u00e9 jeudi l&rsquo;ITC, le qualifiant d'\u00a0\u00bbhorrible\u00a0\u00bb et r\u00e9clamant que sa d\u00e9cision soit \u00ab\u00a0rapidement et r\u00e9solument\u00a0\u00bb invers\u00e9e.<\/p>\n<p class=\"lead \">Conscient que son r\u00e9pit n&rsquo;est que temporaire, il a estim\u00e9 que si la d\u00e9cision de l&rsquo;ITC \u00e9tait maintenue, cela \u00ab\u00a0d\u00e9truirait compl\u00e8tement le pouvoir pr\u00e9sidentiel &#8211; la pr\u00e9sidence ne serait plus jamais la m\u00eame!\u00a0\u00bb <\/p>\n<p class=\"lead \">Il s&rsquo;est aussi agac\u00e9 de voir la d\u00e9cision de premi\u00e8re instance accueillie avec soulagement en dehors des Etats-Unis.<\/p>\n<p class=\"lead \">Apr\u00e8s la d\u00e9cision de l&rsquo;ITC, la Chine avait press\u00e9 Washington d'\u00a0\u00bbannuler totalement les droits de douane unilat\u00e9raux injustifi\u00e9s\u00a0\u00bb, par la voix d&rsquo;une porte-parole du minist\u00e8re du Commerce.<\/p>\n<p class=\"lead \">Le Premier ministre canadien, Mark Carney, avait lui salu\u00e9 la suspension de ce qu&rsquo;il consid\u00e8re \u00eatre des droits de douane \u00ab\u00a0ill\u00e9gaux et injustifi\u00e9s\u00a0\u00bb.<\/p>\n<p class=\"lead \">Le commissaire europ\u00e9en au Commerce, Maros Sefcovic, apr\u00e8s avoir \u00e9chang\u00e9 avec le secr\u00e9taire am\u00e9ricain au Commerce, Howard Lutnick, avait assur\u00e9 sur X que trouver une solution restait \u00ab\u00a0une priorit\u00e9 absolue de l&rsquo;UE\u00a0\u00bb.<\/p>\n<p class=\"lead \">Selon une source europ\u00e9enne, de nouvelles discussions pourraient avoir lieu mardi ou mercredi, en marge d&rsquo;une r\u00e9union minist\u00e9rielle \u00e0 Paris de l&rsquo;OCDE (Organisation de coop\u00e9ration et de d\u00e9veloppement \u00e9conomiques, qui regroupe essentiellement des pays occidentaux).<\/p>\n<p class=\"small font-weight-bold text-gray3 \"> publi\u00e9 le 30 mai \u00e0 19h54, AFP<\/p>\n<p>                             Partager<\/p>\n","protected":false},"excerpt":{"rendered":"Engag\u00e9 dans une bataille juridique autour de ses droits de douane, le pr\u00e9sident am\u00e9ricain, Donald Trump, a raviv\u00e9&hellip;\n","protected":false},"author":2,"featured_media":139860,"comment_status":"","ping_status":"","sticky":false,"template":"","format":"standard","meta":{"footnotes":""},"categories":[6],"tags":[13790,35,574,309,215,33,34,1011,27,418,26655,316,4780,308],"class_list":{"0":"post-139859","1":"post","2":"type-post","3":"status-publish","4":"format-standard","5":"has-post-thumbnail","7":"category-economie","8":"tag-conomie","9":"tag-business","10":"tag-canada","11":"tag-chine","12":"tag-commerce","13":"tag-economie","14":"tag-economy","15":"tag-fr","16":"tag-france","17":"tag-gouvernement","18":"tag-litige","19":"tag-politique","20":"tag-procs","21":"tag-usa"},"share_on_mastodon":{"url":"https:\/\/pubeurope.com\/@fr\/114598250010386504","error":""},"_links":{"self":[{"href":"https:\/\/www.europesays.com\/fr\/wp-json\/wp\/v2\/posts\/139859","targetHints":{"allow":["GET"]}}],"collection":[{"href":"https:\/\/www.europesays.com\/fr\/wp-json\/wp\/v2\/posts"}],"about":[{"href":"https:\/\/www.europesays.com\/fr\/wp-json\/wp\/v2\/types\/post"}],"author":[{"embeddable":true,"href":"https:\/\/www.europesays.com\/fr\/wp-json\/wp\/v2\/users\/2"}],"replies":[{"embeddable":true,"href":"https:\/\/www.europesays.com\/fr\/wp-json\/wp\/v2\/comments?post=139859"}],"version-history":[{"count":0,"href":"https:\/\/www.europesays.com\/fr\/wp-json\/wp\/v2\/posts\/139859\/revisions"}],"wp:featuredmedia":[{"embeddable":true,"href":"https:\/\/www.europesays.com\/fr\/wp-json\/wp\/v2\/media\/139860"}],"wp:attachment":[{"href":"https:\/\/www.europesays.com\/fr\/wp-json\/wp\/v2\/media?parent=139859"}],"wp:term":[{"taxonomy":"category","embeddable":true,"href":"https:\/\/www.europesays.com\/fr\/wp-json\/wp\/v2\/categories?post=139859"},{"taxonomy":"post_tag","embeddable":true,"href":"https:\/\/www.europesays.com\/fr\/wp-json\/wp\/v2\/tags?post=139859"}],"curies":[{"name":"wp","href":"https:\/\/api.w.org\/{rel}","templated":true}]}}