{"id":139866,"date":"2025-05-30T18:44:11","date_gmt":"2025-05-30T18:44:11","guid":{"rendered":"https:\/\/www.europesays.com\/fr\/139866\/"},"modified":"2025-05-30T18:44:11","modified_gmt":"2025-05-30T18:44:11","slug":"le-chambon-feugerolles-la-prochaine-visite-de-quartier-sera-pour-montrambert","status":"publish","type":"post","link":"https:\/\/www.europesays.com\/fr\/139866\/","title":{"rendered":"Le Chambon-Feugerolles. La prochaine visite de quartier sera pour Montrambert"},"content":{"rendered":"<p>Pour cette sixi\u00e8me visite de quartier, le maire David Fara et les \u00e9lus municipaux, se rendront le mercredi 11\u00a0juin de 16\u00a0h\u00a030 \u00e0 18\u00a0h\u00a030 sur le secteur de Montrambert.<\/p>\n<p>La d\u00e9l\u00e9gation ira \u00e0 la rencontre des habitants de Tr\u00e9molin, de la cit\u00e9 des Combes, en passant par Pontcharra, M\u00e9line, et la cit\u00e9 Marseille.<\/p>\n<p>Une halte sur le terrain attendue par les riverains qui pourront exposer leurs dol\u00e9ances et autres remarques.<\/p>\n<p>Pour rencontrer le maire \u00e0 l\u2019occasion de cette traditionnelle visite annuelle, contactez la mairie au 04.77.40.30.24.<\/p>\n","protected":false},"excerpt":{"rendered":"Pour cette sixi\u00e8me visite de quartier, le maire David Fara et les \u00e9lus municipaux, se rendront le mercredi&hellip;\n","protected":false},"author":2,"featured_media":30227,"comment_status":"","ping_status":"","sticky":false,"template":"","format":"standard","meta":{"footnotes":""},"categories":[9653],"tags":[1111,11,2430,12162,7539,1777,674,1011,27,12161,12,25,4001,104],"class_list":{"0":"post-139866","1":"post","2":"type-post","3":"status-publish","4":"format-standard","5":"has-post-thumbnail","7":"category-saint-etienne","8":"tag-actu","9":"tag-actualites","10":"tag-auvergne-rhone-alpes","11":"tag-chambon-feugerolles-ville","12":"tag-edition-loire-sud","13":"tag-eu","14":"tag-europe","15":"tag-fr","16":"tag-france","17":"tag-le-chambon-feugerolles","18":"tag-news","19":"tag-republique-francaise","20":"tag-saint-etienne","21":"tag-societe"},"share_on_mastodon":{"url":"https:\/\/pubeurope.com\/@fr\/114598265663180621","error":""},"_links":{"self":[{"href":"https:\/\/www.europesays.com\/fr\/wp-json\/wp\/v2\/posts\/139866","targetHints":{"allow":["GET"]}}],"collection":[{"href":"https:\/\/www.europesays.com\/fr\/wp-json\/wp\/v2\/posts"}],"about":[{"href":"https:\/\/www.europesays.com\/fr\/wp-json\/wp\/v2\/types\/post"}],"author":[{"embeddable":true,"href":"https:\/\/www.europesays.com\/fr\/wp-json\/wp\/v2\/users\/2"}],"replies":[{"embeddable":true,"href":"https:\/\/www.europesays.com\/fr\/wp-json\/wp\/v2\/comments?post=139866"}],"version-history":[{"count":0,"href":"https:\/\/www.europesays.com\/fr\/wp-json\/wp\/v2\/posts\/139866\/revisions"}],"wp:featuredmedia":[{"embeddable":true,"href":"https:\/\/www.europesays.com\/fr\/wp-json\/wp\/v2\/media\/30227"}],"wp:attachment":[{"href":"https:\/\/www.europesays.com\/fr\/wp-json\/wp\/v2\/media?parent=139866"}],"wp:term":[{"taxonomy":"category","embeddable":true,"href":"https:\/\/www.europesays.com\/fr\/wp-json\/wp\/v2\/categories?post=139866"},{"taxonomy":"post_tag","embeddable":true,"href":"https:\/\/www.europesays.com\/fr\/wp-json\/wp\/v2\/tags?post=139866"}],"curies":[{"name":"wp","href":"https:\/\/api.w.org\/{rel}","templated":true}]}}