{"id":139873,"date":"2025-05-30T18:48:10","date_gmt":"2025-05-30T18:48:10","guid":{"rendered":"https:\/\/www.europesays.com\/fr\/139873\/"},"modified":"2025-05-30T18:48:10","modified_gmt":"2025-05-30T18:48:10","slug":"toulonnaise-dadoption-lartiste-andrea-kertes-est-decedee","status":"publish","type":"post","link":"https:\/\/www.europesays.com\/fr\/139873\/","title":{"rendered":"Toulonnaise d&rsquo;adoption, l&rsquo;artiste Andr\u00e9a Kertes est d\u00e9c\u00e9d\u00e9e"},"content":{"rendered":"<p>Andr\u00e9a Kertes, artiste textile tr\u00e8s appr\u00e9ci\u00e9e de la sc\u00e8ne toulonnaise, nous a quitt\u00e9s ce jeudi. \u00c2g\u00e9e d\u2019une soixantaine d\u2019ann\u00e9es, elle se battait contre un cancer depuis deux ans.<\/p>\n<p>Toulon, La Garde, Six-Fours&#8230; Expos\u00e9e dans de nombreuses villes varoises, Andr\u00e9a Kertes offrait au public la d\u00e9couverte d\u2019un art m\u00e9connu: la tapisserie de haute-lice, pour laquelle les fils sont tendus verticalement sur le m\u00e9tier. Les visiteurs \u00e9taient m\u00eame invit\u00e9s \u00e0 toucher ses \u0153uvres, car son art est pour les yeux mais aussi pour les mains.<\/p>\n<p>En qu\u00eate de libert\u00e9, elle a quitt\u00e9 tr\u00e8s jeune sa Hongrie natale et rejoint Paris dans les ann\u00e9es 1980, pour y \u00e9tudier l\u2019art de la tapisserie \u00e0 l\u2019\u00e9cole des Gobelins.<\/p>\n<p>Telle une P\u00e9n\u00e9lope des temps modernes, l\u2019artiste utilisait des kilom\u00e8tres de fil et pouvait passer de longs mois \u00e0 travailler sur ses \u0153uvres.<\/p>\n<p><strong>Install\u00e9e au Mourillon<\/strong><\/p>\n<p>\u00ab\u00a0Une force int\u00e9rieure me pousse \u00e0 tisser inlassablement. Pourtant, il s\u2019agit d\u2019un art si peu connu, si peu appr\u00e9hend\u00e9, si long et lent \u00e0 ex\u00e9cuter. Ma fa\u00e7on de tisser est en totale improvisation mais bas\u00e9e sur une technique acquise. Je r\u00e9alise tant\u00f4t de grandes tailles ou de format kakemono, d\u2019\u00e9troites pi\u00e8ces qui dansent dans le vent quand on les expose dans la nature. Sur les petits formats, j\u2019\u00e9cris ma petite po\u00e9sie urbaine, des associations de mots imaginaires, une \u00e9criture tiss\u00e9e avec des polices de caract\u00e8res et les couleurs appropri\u00e9es \u00e0 mon propos \u00a0\u00bb racontait-elle \u00e0 l\u2019occasion de sa derni\u00e8re exposition \u00ab\u00a0Je tisse comme je respire\u00a0\u00bb, \u00e0 la Seyne.<\/p>\n<p>Depuis une vingtaine d\u2019ann\u00e9es, elle \u00e9tait install\u00e9e dans un petit appartement du Mourillon qui lui servait aussi d\u2019atelier pour tisser. Artiste de la t\u00eate aux pieds et ancr\u00e9e dans son territoire d\u2019adoption, elle \u00e9tait aussi mod\u00e8le vivant pour les \u00e9tudiants de l\u2019\u00e9cole des Beaux-Arts de Toulon.<\/p>\n","protected":false},"excerpt":{"rendered":"Andr\u00e9a Kertes, artiste textile tr\u00e8s appr\u00e9ci\u00e9e de la sc\u00e8ne toulonnaise, nous a quitt\u00e9s ce jeudi. \u00c2g\u00e9e d\u2019une soixantaine&hellip;\n","protected":false},"author":2,"featured_media":139874,"comment_status":"","ping_status":"","sticky":false,"template":"","format":"standard","meta":{"footnotes":""},"categories":[9619],"tags":[1111,11,251,1777,674,1011,27,12,882,25,2310,3366],"class_list":{"0":"post-139873","1":"post","2":"type-post","3":"status-publish","4":"format-standard","5":"has-post-thumbnail","7":"category-toulon","8":"tag-actu","9":"tag-actualites","10":"tag-culture","11":"tag-eu","12":"tag-europe","13":"tag-fr","14":"tag-france","15":"tag-news","16":"tag-provence-alpes-cote-dazur","17":"tag-republique-francaise","18":"tag-toulon","19":"tag-vie-locale"},"share_on_mastodon":{"url":"https:\/\/pubeurope.com\/@fr\/114598281444665773","error":""},"_links":{"self":[{"href":"https:\/\/www.europesays.com\/fr\/wp-json\/wp\/v2\/posts\/139873","targetHints":{"allow":["GET"]}}],"collection":[{"href":"https:\/\/www.europesays.com\/fr\/wp-json\/wp\/v2\/posts"}],"about":[{"href":"https:\/\/www.europesays.com\/fr\/wp-json\/wp\/v2\/types\/post"}],"author":[{"embeddable":true,"href":"https:\/\/www.europesays.com\/fr\/wp-json\/wp\/v2\/users\/2"}],"replies":[{"embeddable":true,"href":"https:\/\/www.europesays.com\/fr\/wp-json\/wp\/v2\/comments?post=139873"}],"version-history":[{"count":0,"href":"https:\/\/www.europesays.com\/fr\/wp-json\/wp\/v2\/posts\/139873\/revisions"}],"wp:featuredmedia":[{"embeddable":true,"href":"https:\/\/www.europesays.com\/fr\/wp-json\/wp\/v2\/media\/139874"}],"wp:attachment":[{"href":"https:\/\/www.europesays.com\/fr\/wp-json\/wp\/v2\/media?parent=139873"}],"wp:term":[{"taxonomy":"category","embeddable":true,"href":"https:\/\/www.europesays.com\/fr\/wp-json\/wp\/v2\/categories?post=139873"},{"taxonomy":"post_tag","embeddable":true,"href":"https:\/\/www.europesays.com\/fr\/wp-json\/wp\/v2\/tags?post=139873"}],"curies":[{"name":"wp","href":"https:\/\/api.w.org\/{rel}","templated":true}]}}