{"id":139877,"date":"2025-05-30T18:50:09","date_gmt":"2025-05-30T18:50:09","guid":{"rendered":"https:\/\/www.europesays.com\/fr\/139877\/"},"modified":"2025-05-30T18:50:09","modified_gmt":"2025-05-30T18:50:09","slug":"du-6-au-8-juin-le-festival-mama-africa-est-de-retour","status":"publish","type":"post","link":"https:\/\/www.europesays.com\/fr\/139877\/","title":{"rendered":"du 6 au 8 juin, le festival Mama Africa est de retour"},"content":{"rendered":"<p>            Par<br \/>\n        <strong><br \/>\n            <a href=\"https:\/\/actu.fr\/auteur\/g-martin\" title=\"Consulter tous les articles de Gil Martin\" rel=\"nofollow noopener\" target=\"_blank\">Gil Martin<\/a><br \/>\n        <\/strong><\/p>\n<p>        Publi\u00e9 le<\/p>\n<p>            30 mai 2025 \u00e0 20h19        <\/p>\n<p>Ouvert \u00e0 tous et gratuit, le <strong>Mama Africa revient \u00e0 Juvignac<\/strong> pour sa 7\u00e8me \u00e9dition les 6, 7 et 8 juin prochain au parc des thermes avec une programmation in\u00e9dite. Cet \u00e9v\u00e9nement invite les Montpelli\u00e9rains \u00e0 explorer trois jours durant les <strong>cultures africaines et afro-carib\u00e9ennes<\/strong> dans une ambiance festive et inclusive \u00ab en pr\u00e9sence d\u2019une cinquantaine de talents locaux \u00bb, pr\u00e9cisent les organisateurs.<\/p>\n<p class=\" wall-content\">Ces derniers annoncent <strong>10 concerts live et spectacles en plein air<\/strong> pour cette \u00e9dition 2025, mais aussi des stages de percussions, des animations, des expositions, ou encore un espace afro-market\u2026 Sans oublier une table-ronde le dimanche avec <strong>Sea Sheperd et SOS M\u00e9diterran\u00e9e<\/strong>.<\/p>\n<p>La richesse artistique locale<\/p>\n<p class=\" wall-content\">\u00ab Fond\u00e9 sur des valeurs d\u2019ouverture, de partage et d\u2019inclusivit\u00e9, le Mama Africa favorise le vivre-ensemble en c\u00e9l\u00e9brant la diversit\u00e9 et en honorant les traditions festives \u00bb, indique le festival : \u00ab La programmation met en avant<strong> l\u2019ancrage africain et afro-carib\u00e9en<\/strong> sur le territoire et met en lumi\u00e8re <strong>la richesse artistique locale<\/strong> \u00bb. Le festival permettra \u00e9galement aux participants de se d\u00e9couvrir les d\u00e9lices culinaires du continent noir et des Cara\u00efbes avec buvette et restauration aux couleurs de l\u2019Afrique.<\/p>\n<p>    <a href=\"https:\/\/www.google.com\/maps\/embed?pb=!1m18!1m12!1m3!1d46215.68484325333!2d3.7495271813215734!3d43.61736131107665!2m3!1f0!2f0!3f0!3m2!1i1024!2i768!4f13.1!3m3!1m2!1s0x12b6ac347ca8cc4b%3A0xb5aedf2c38a467fd!2s34990%20Juvignac!5e0!3m2!1sfr!2sfr!4v1748453169931!5m2!1sfr!2sfr\" title=\"Ouvrie le lien\" rel=\"nofollow noopener\" target=\"_blank\">Cliquez ici pour visualiser le contenu<\/a><\/p>\n<p class=\" wall-content\"><strong>Vendredi 6 juin :<\/strong><br \/>18h : DJ Gary Mizik (fusion Afro-descendante \u00e9lectro)<br \/>20h : Wayo Sound (\u00e9lectro-tropical)<\/p>\n<p>Vid\u00e9os : en ce moment sur Actu<\/p>\n<p class=\" wall-content\"><strong>Samedi 7 juin :<\/strong><br \/>14h : \u00e9cole de musique de Juvignac (\u00e9lectrique)<br \/>16h : Mas Oukatann (d\u00e9boul\u00e9 afro-cara\u00efb\u00e9en)<br \/>18h : Gnawa Famila (musique traditionnelle marocaine)<br \/>20h : Kunta Kinte (afrobeat \u2013 n\u00e9gro spiritual)<br \/>22h : DJ Nana Buluku (amapiano \u2013 R&amp;B soul afrobeat)<\/p>\n<p class=\" wall-content\"><strong>Dimanche 8 juin :<\/strong><br \/>12h\u00a0: Table-ronde avec Sea Sheperd et SOS M\u00e9diterran\u00e9e<br \/>16h : Afrocoeur (chorale traditionnelle du Congo)<br \/>18h : Konvoi Exceptionnel (kompa \u2013 musique tahitienne)<br \/>20h : Maya Kamaty (musique r\u00e9unionnaise)<br \/>22h : DJ M\u2019Jie (afro dancehall zouk reggae)<\/p>\n<p><strong>Infos pratiques :<\/strong><br \/>\nLe week-end du 7 au 9 juin<br \/>\nDe midi a\u0300 minuit<br \/>\nAu parc des thermes \u00e0 Juvignac<br \/>\nTout public<br \/>\nEntr\u00e9e gratuite<br \/>\nPlus d\u2019infos :<a href=\"http:\/\/www.mamasound.fr\/\" rel=\"nofollow noopener\" target=\"_blank\"> www.mamasound.fr\/<\/a><\/p>\n<p class=\" wall-content\">Suivez toute l\u2019actualit\u00e9 de vos villes et m\u00e9dias favoris en vous inscrivant \u00e0 <a href=\"https:\/\/moncompte.actu.fr\" title=\"D\u00e9couvez Mon Actu\" rel=\"nofollow noopener\" data-trk=\"{&quot;cta&quot;:{&quot;action&quot;:&quot;https:\\\/\\\/moncompte.actu.fr&quot;,&quot;category&quot;:&quot;mon compte&quot;,&quot;from&quot;:&quot;article footer&quot;,&quot;name&quot;:&quot;Mon actu&quot;,&quot;type&quot;:&quot;cta&quot;}}\" target=\"_blank\">Mon Actu<\/a>.<\/p>\n","protected":false},"excerpt":{"rendered":"Par Gil Martin Publi\u00e9 le 30 mai 2025 \u00e0 20h19 Ouvert \u00e0 tous et gratuit, le Mama Africa&hellip;\n","protected":false},"author":2,"featured_media":139878,"comment_status":"","ping_status":"","sticky":false,"template":"","format":"standard","meta":{"footnotes":""},"categories":[9599],"tags":[1111,11,1777,674,849,1011,27,1652,2208,12,2680,25],"class_list":{"0":"post-139877","1":"post","2":"type-post","3":"status-publish","4":"format-standard","5":"has-post-thumbnail","7":"category-montpellier","8":"tag-actu","9":"tag-actualites","10":"tag-eu","11":"tag-europe","12":"tag-festival","13":"tag-fr","14":"tag-france","15":"tag-loisirs-culture","16":"tag-montpellier","17":"tag-news","18":"tag-occitanie","19":"tag-republique-francaise"},"share_on_mastodon":{"url":"https:\/\/pubeurope.com\/@fr\/114598289315253899","error":""},"_links":{"self":[{"href":"https:\/\/www.europesays.com\/fr\/wp-json\/wp\/v2\/posts\/139877","targetHints":{"allow":["GET"]}}],"collection":[{"href":"https:\/\/www.europesays.com\/fr\/wp-json\/wp\/v2\/posts"}],"about":[{"href":"https:\/\/www.europesays.com\/fr\/wp-json\/wp\/v2\/types\/post"}],"author":[{"embeddable":true,"href":"https:\/\/www.europesays.com\/fr\/wp-json\/wp\/v2\/users\/2"}],"replies":[{"embeddable":true,"href":"https:\/\/www.europesays.com\/fr\/wp-json\/wp\/v2\/comments?post=139877"}],"version-history":[{"count":0,"href":"https:\/\/www.europesays.com\/fr\/wp-json\/wp\/v2\/posts\/139877\/revisions"}],"wp:featuredmedia":[{"embeddable":true,"href":"https:\/\/www.europesays.com\/fr\/wp-json\/wp\/v2\/media\/139878"}],"wp:attachment":[{"href":"https:\/\/www.europesays.com\/fr\/wp-json\/wp\/v2\/media?parent=139877"}],"wp:term":[{"taxonomy":"category","embeddable":true,"href":"https:\/\/www.europesays.com\/fr\/wp-json\/wp\/v2\/categories?post=139877"},{"taxonomy":"post_tag","embeddable":true,"href":"https:\/\/www.europesays.com\/fr\/wp-json\/wp\/v2\/tags?post=139877"}],"curies":[{"name":"wp","href":"https:\/\/api.w.org\/{rel}","templated":true}]}}