{"id":13988,"date":"2025-04-10T01:58:10","date_gmt":"2025-04-10T01:58:10","guid":{"rendered":"https:\/\/www.europesays.com\/fr\/13988\/"},"modified":"2025-04-10T01:58:10","modified_gmt":"2025-04-10T01:58:10","slug":"lukraine-rassure-bruxelles-en-tracant-des-lignes-rouges-sur-laccord-americain-sur-les-mineraux","status":"publish","type":"post","link":"https:\/\/www.europesays.com\/fr\/13988\/","title":{"rendered":"L&rsquo;Ukraine rassure Bruxelles en tra\u00e7ant des lignes rouges sur l&rsquo;accord am\u00e9ricain sur les min\u00e9raux"},"content":{"rendered":"<p><img decoding=\"async\" class=\"c-ad__placeholder__logo\" src=\"https:\/\/www.europesays.com\/fr\/wp-content\/uploads\/2025\/03\/logo-euronews-grey-6-180x22.svg.svg+xml\" width=\"180\" height=\"22\" alt=\"\" loading=\"lazy\"\/>PUBLICIT\u00c9<\/p>\n<p>L&rsquo;Ukraine a cherch\u00e9 \u00e0 rassurer l&rsquo;Union europ\u00e9enne sur le fait qu&rsquo;elle ne renoncerait pas \u00e0 sa candidature \u00e0 l&rsquo;adh\u00e9sion en raison des n\u00e9gociations avec les \u00c9tats-Unis concernant un accord sur les min\u00e9raux, qui en sont actuellement au niveau technique.<\/p>\n<p>\u00ab\u00a0Il devrait s&rsquo;agir d&rsquo;un accord de partenariat, \u00e0 des conditions \u00e9gales pour les deux parties\u00a0\u00bb, a d\u00e9clar\u00e9 le Premier ministre ukrainien Denys Shmyhal lors d&rsquo;une visite \u00e0 Bruxelles.<\/p>\n<p><img decoding=\"async\" src=\"https:\/\/www.europesays.com\/fr\/wp-content\/uploads\/2025\/03\/icon-cross-10x10-grey-6.svg.svg+xml\" width=\"10\" height=\"10\" alt=\"Close advertising\" fetchpriority=\"high\" loading=\"lazy\"\/><\/p>\n<p>Le projet d&rsquo;accord, qui a fait l&rsquo;objet d&rsquo;une fuite dans la presse le mois dernier, contient des <strong>dispositions radicales<\/strong> qui donneraient \u00e0 l&rsquo;Am\u00e9rique un \u00ab\u00a0droit de premi\u00e8re offre\u00a0\u00bb et un contr\u00f4le sans pr\u00e9c\u00e9dent sur les ressources naturelles de l&rsquo;Ukraine par l&rsquo;interm\u00e9diaire d&rsquo;un fonds d&rsquo;investissement commun.<\/p>\n<p>Selon le FT et Bloomberg, le conseil d&rsquo;administration du fonds comprendrait cinq membres : trois nomm\u00e9s par les \u00c9tats-Unis et deux nomm\u00e9s par l&rsquo;Ukraine. En pratique, cela conf\u00e9rerait \u00e0 Washington un v\u00e9ritable droit de veto sur les d\u00e9cisions cl\u00e9s concernant les nouveaux projets de routes, de chemins de fer, de ports, de mines, de p\u00e9trole, de gaz et d&rsquo;extraction de minerais essentiels.<\/p>\n<p>L&rsquo;Ukraine serait tenue de pr\u00e9senter tous les nouveaux projets au fonds pour examen \u00ab\u00a0d\u00e8s que possible\u00a0\u00bb, selon Bloomberg. Si le projet est refus\u00e9, l&rsquo;Ukraine ne pourra pas le proposer \u00e0 d&rsquo;autres parties avec des conditions \u00ab\u00a0mat\u00e9riellement meilleures\u00a0\u00bb.<\/p>\n<p>En outre, les \u00c9tats-Unis auraient le droit de r\u00e9colter tous les b\u00e9n\u00e9fices du fonds et un rendement annuel de 4 % jusqu&rsquo;\u00e0 ce que l&rsquo;aide militaire et financi\u00e8re fournie \u00e0 l&rsquo;Ukraine soit enti\u00e8rement r\u00e9cup\u00e9r\u00e9e. L&rsquo;Institut de Kiel pour l&rsquo;\u00e9conomie mondiale <a href=\"https:\/\/www.ifw-kiel.de\/publications\/news\/ukraine-support-after-3-years-of-war-aid-flows-remain-low-but-steady-shift-towards-weapons-procurement\/\" target=\"_blank\" rel=\"noreferrer noopener\"><strong>estime<\/strong><\/a> que l&rsquo;aide am\u00e9ricaine s&rsquo;\u00e9l\u00e8ve \u00e0 114 milliards d&rsquo;euros depuis le d\u00e9but de l&rsquo;invasion russe.<\/p>\n<p>Le mod\u00e8le de \u00ab\u00a0remboursement\u00a0\u00bb a \u00e9t\u00e9 au c\u0153ur de la motivation de Donald Trump pour signer l&rsquo;accord, soulevant des accusations d&rsquo;exploitation et de n\u00e9ocolonialisme.<\/p>\n<p>Les dispositions sont si \u00e9tendues que, si elles sont appliqu\u00e9es, il sera pratiquement impossible pour l&rsquo;Ukraine de respecter les r\u00e8gles de l&rsquo;UE en mati\u00e8re de concurrence, de march\u00e9 unique, de march\u00e9s publics et de transparence, qui sont des crit\u00e8res essentiels pour devenir un \u00c9tat membre.<\/p>\n<p>Mercredi, Denys Shmyhal n&rsquo;a laiss\u00e9 planer aucun doute sur le fait que l&rsquo;adh\u00e9sion primerait toujours sur tout accord commercial.<\/p>\n<p>\u00ab\u00a0Nous avons vraiment des lignes rouges\u00a0\u00bb, a d\u00e9clar\u00e9 le premier ministre lors d&rsquo;une conf\u00e9rence de presse \u00e0 l&rsquo;issue du conseil d&rsquo;association UE-Ukraine,\u00a0\u00bbTout d&rsquo;abord, il s&rsquo;agit de notre Constitution. Deuxi\u00e8mement, il s&rsquo;agit de nos aspirations et de nos obligations europ\u00e9ennes, ce qui constitue une autre ligne rouge. (Troisi\u00e8mement), la l\u00e9gislation internationale.\u00a0\u00bb<\/p>\n<p>L&rsquo;Ukraine a mis en place une \u00ab\u00a0d\u00e9l\u00e9gation sp\u00e9ciale\u00a0\u00bb d&rsquo;experts soutenus par des juristes internationaux pour mener les n\u00e9gociations techniques. Les discussions se d\u00e9rouleront aux \u00c9tats-Unis au cours du week-end et se poursuivront la semaine prochaine, en se concentrant sur le fonds d&rsquo;investissement commun.<\/p>\n<p>\u00ab\u00a0Nous verrons alors le r\u00e9sultat de ces n\u00e9gociations\u00a0\u00bb, a-t-il d\u00e9clar\u00e9, \u00ab\u00a0Nous sommes assez optimistes car nous devrions trouver des solutions (sur) la mani\u00e8re de faire de cet accord un accord de partenariat. Je le dis litt\u00e9ralement\u00a0\u00bb.<\/p>\n<p>\u00c0 ses c\u00f4t\u00e9s, Marta Kos ,Commissaire europ\u00e9en \u00e0 l&rsquo;\u00c9largissement et \u00e0 la Politique europ\u00e9enne de voisinage, qui supervise la candidature de l&rsquo;Ukraine \u00e0 l&rsquo;UE, a sembl\u00e9 rassur\u00e9e par les lignes rouges de du Premier ministre ukrainien.<\/p>\n<p>\u00ab\u00a0La Commission europ\u00e9enne soutiendra tout accord qui sera dans l&rsquo;int\u00e9r\u00eat de l&rsquo;Ukraine\u00a0\u00bb, a d\u00e9clar\u00e9 la Commissaire aux journalistes. \u00ab\u00a0Aujourd&rsquo;hui, nous avons parl\u00e9 de (l&rsquo;accord) et nous avons eu de nombreuses confirmations que l&rsquo;Ukraine resterait sur la voie europ\u00e9enne, donc je ne vois pas le danger.\u00a0\u00bb<\/p>\n<p>\u00ab\u00a0Le processus d&rsquo;\u00e9largissement est de plus en plus per\u00e7u comme une garantie de s\u00e9curit\u00e9 pour l&rsquo;Ukraine\u00a0\u00bb, a-t-elle poursuivi, \u00ab\u00a0Tout cela signifie que nous discuterons certainement de tout ce qui se passera avec les \u00c9tats-Unis, y compris dans le cadre du processus d&rsquo;\u00e9largissement.\u00a0\u00bb<\/p>\n<p><img decoding=\"async\" class=\"c-ad__placeholder__logo\" src=\"https:\/\/www.europesays.com\/fr\/wp-content\/uploads\/2025\/03\/logo-euronews-grey-6-180x22.svg.svg+xml\" width=\"180\" height=\"22\" alt=\"\" loading=\"lazy\"\/>PUBLICIT\u00c9<\/p>\n<p>Marta Kos a d\u00e9clar\u00e9 que Bruxelles s&rsquo;efforcerait d&rsquo;ouvrir les six groupes de l&rsquo;adh\u00e9sion de l&rsquo;Ukraine d&rsquo;ici la fin de l&rsquo;ann\u00e9e, un objectif \u00e9galement partag\u00e9 par Kiev. Cependant, chaque \u00e9tape n\u00e9cessite le soutien unanime des 27 Etats membres et la Hongrie a d\u00e9clar\u00e9 \u00e0 plusieurs reprises son opposition, allant m\u00eame jusqu&rsquo;\u00e0 lancer une consultation publique pour recueillir l&rsquo;avis des citoyens.<\/p>\n<p>\u00ab\u00a0Nous parlons aux repr\u00e9sentants du gouvernement hongrois et nous nous attendons \u00e0 ce que toutes les parties impliqu\u00e9es fassent preuve de bonne foi et de volont\u00e9 pour parvenir \u00e0 un compromis\u00a0\u00bb, a d\u00e9clar\u00e9 Marta Kos avertissant que le travail interne de la Commission \u00e9tait en fin de compte li\u00e9 \u00e0 la politique. \u00ab\u00a0Il y a maintenant un consensus parmi les 26 Etats membres pour aller de l&rsquo;avant.\u00a0\u00bb<\/p>\n<p>Interrog\u00e9 sur le vote de la Hongrie, le Premier ministre ukrainien a d\u00e9clar\u00e9 que son gouvernement ferait de son mieux pour mettre en \u0153uvre toutes les r\u00e9formes et mesures n\u00e9cessaires, y compris celles li\u00e9es \u00e0 la protection des minorit\u00e9s nationales, une question que Budapest a soulev\u00e9e \u00e0 plusieurs reprises.<\/p>\n<p>\u00ab\u00a0Nous comptons sur des d\u00e9cisions absolument claires de la part de l&rsquo;Union europ\u00e9enne et des \u00c9tats membres de l&rsquo;Union europ\u00e9enne\u00a0\u00bb, a-t-il d\u00e9clar\u00e9.<\/p>\n<p><img decoding=\"async\" class=\"c-ad__placeholder__logo\" src=\"https:\/\/www.europesays.com\/fr\/wp-content\/uploads\/2025\/03\/logo-euronews-grey-6-180x22.svg.svg+xml\" width=\"180\" height=\"22\" alt=\"\" loading=\"lazy\"\/>PUBLICIT\u00c9<\/p>\n","protected":false},"excerpt":{"rendered":"PUBLICIT\u00c9 L&rsquo;Ukraine a cherch\u00e9 \u00e0 rassurer l&rsquo;Union europ\u00e9enne sur le fait qu&rsquo;elle ne renoncerait pas \u00e0 sa candidature&hellip;\n","protected":false},"author":2,"featured_media":13989,"comment_status":"","ping_status":"","sticky":false,"template":"","format":"standard","meta":{"footnotes":""},"categories":[1586],"tags":[11,6157,1777,674,1779,1011,27,6158,12,25,1778,220,364],"class_list":{"0":"post-13988","1":"post","2":"type-post","3":"status-publish","4":"format-standard","5":"has-post-thumbnail","7":"category-europe","8":"tag-actualites","9":"tag-elargissement-de-lunion-europeenne","10":"tag-eu","11":"tag-europe","12":"tag-european-union","13":"tag-fr","14":"tag-france","15":"tag-marta-kos","16":"tag-news","17":"tag-republique-francaise","18":"tag-ue","19":"tag-ukraine","20":"tag-union-europeenne"},"share_on_mastodon":{"url":"https:\/\/pubeurope.com\/@fr\/114311194398710205","error":""},"_links":{"self":[{"href":"https:\/\/www.europesays.com\/fr\/wp-json\/wp\/v2\/posts\/13988","targetHints":{"allow":["GET"]}}],"collection":[{"href":"https:\/\/www.europesays.com\/fr\/wp-json\/wp\/v2\/posts"}],"about":[{"href":"https:\/\/www.europesays.com\/fr\/wp-json\/wp\/v2\/types\/post"}],"author":[{"embeddable":true,"href":"https:\/\/www.europesays.com\/fr\/wp-json\/wp\/v2\/users\/2"}],"replies":[{"embeddable":true,"href":"https:\/\/www.europesays.com\/fr\/wp-json\/wp\/v2\/comments?post=13988"}],"version-history":[{"count":0,"href":"https:\/\/www.europesays.com\/fr\/wp-json\/wp\/v2\/posts\/13988\/revisions"}],"wp:featuredmedia":[{"embeddable":true,"href":"https:\/\/www.europesays.com\/fr\/wp-json\/wp\/v2\/media\/13989"}],"wp:attachment":[{"href":"https:\/\/www.europesays.com\/fr\/wp-json\/wp\/v2\/media?parent=13988"}],"wp:term":[{"taxonomy":"category","embeddable":true,"href":"https:\/\/www.europesays.com\/fr\/wp-json\/wp\/v2\/categories?post=13988"},{"taxonomy":"post_tag","embeddable":true,"href":"https:\/\/www.europesays.com\/fr\/wp-json\/wp\/v2\/tags?post=13988"}],"curies":[{"name":"wp","href":"https:\/\/api.w.org\/{rel}","templated":true}]}}