{"id":139888,"date":"2025-05-30T18:59:16","date_gmt":"2025-05-30T18:59:16","guid":{"rendered":"https:\/\/www.europesays.com\/fr\/139888\/"},"modified":"2025-05-30T18:59:16","modified_gmt":"2025-05-30T18:59:16","slug":"ostwald-un-petit-garcon-marque-au-fer-rouge-et-battu-ses-parents-condamnes","status":"publish","type":"post","link":"https:\/\/www.europesays.com\/fr\/139888\/","title":{"rendered":"Ostwald. Un petit gar\u00e7on marqu\u00e9 au fer rouge et battu\u00a0: ses parents condamn\u00e9s"},"content":{"rendered":"<p>Pieds nus, le gar\u00e7onnet s\u2019est sauv\u00e9 de chez lui dans la soir\u00e9e du lundi 26\u00a0mai. Il est mont\u00e9 dans un bus, puis dans un tram. Il s\u2019est retrouv\u00e9 dans le quartier de la Meinau \u00e0 Strasbourg o\u00f9 il s\u2019est r\u00e9fugi\u00e9 dans un fast-food. En fin de service, un employ\u00e9 a trouv\u00e9 ce petit bonhomme \u00ab\u00a0choqu\u00e9\u00a0\u00bb, \u00ab\u00a0paniqu\u00e9\u00a0\u00bb. L\u2019enfant lui a dit qu\u2019il cherchait \u00ab\u00a0une maison\u00a0\u00bb.<\/p>\n<p>Le petit fugueur a expliqu\u00e9 qu\u2019il avait fui un nouvel \u00e9pisode de violences parentales. Il a d\u00e9voil\u00e9 aux policiers un h\u00e9matome qui s\u2019\u00e9tendait du cou \u00e0 l\u2019\u00e9paule. Il a&#8230;<\/p>\n","protected":false},"excerpt":{"rendered":"Pieds nus, le gar\u00e7onnet s\u2019est sauv\u00e9 de chez lui dans la soir\u00e9e du lundi 26\u00a0mai. Il est mont\u00e9&hellip;\n","protected":false},"author":2,"featured_media":139889,"comment_status":"","ping_status":"","sticky":false,"template":"","format":"standard","meta":{"footnotes":""},"categories":[2820],"tags":[1111,11,2389,2649,2880,1777,674,274,107,1011,27,775,12,6611,25,640,3089],"class_list":{"0":"post-139888","1":"post","2":"type-post","3":"status-publish","4":"format-standard","5":"has-post-thumbnail","7":"category-strasbourg","8":"tag-actu","9":"tag-actualites","10":"tag-alsace","11":"tag-bas-rhin","12":"tag-edition-strasbourg","13":"tag-eu","14":"tag-europe","15":"tag-faits-divers-justice","16":"tag-fil-info","17":"tag-fr","18":"tag-france","19":"tag-grand-est","20":"tag-news","21":"tag-ostwald","22":"tag-republique-francaise","23":"tag-strasbourg","24":"tag-strasbourg-sud"},"share_on_mastodon":{"url":"https:\/\/pubeurope.com\/@fr\/114598324701809344","error":""},"_links":{"self":[{"href":"https:\/\/www.europesays.com\/fr\/wp-json\/wp\/v2\/posts\/139888","targetHints":{"allow":["GET"]}}],"collection":[{"href":"https:\/\/www.europesays.com\/fr\/wp-json\/wp\/v2\/posts"}],"about":[{"href":"https:\/\/www.europesays.com\/fr\/wp-json\/wp\/v2\/types\/post"}],"author":[{"embeddable":true,"href":"https:\/\/www.europesays.com\/fr\/wp-json\/wp\/v2\/users\/2"}],"replies":[{"embeddable":true,"href":"https:\/\/www.europesays.com\/fr\/wp-json\/wp\/v2\/comments?post=139888"}],"version-history":[{"count":0,"href":"https:\/\/www.europesays.com\/fr\/wp-json\/wp\/v2\/posts\/139888\/revisions"}],"wp:featuredmedia":[{"embeddable":true,"href":"https:\/\/www.europesays.com\/fr\/wp-json\/wp\/v2\/media\/139889"}],"wp:attachment":[{"href":"https:\/\/www.europesays.com\/fr\/wp-json\/wp\/v2\/media?parent=139888"}],"wp:term":[{"taxonomy":"category","embeddable":true,"href":"https:\/\/www.europesays.com\/fr\/wp-json\/wp\/v2\/categories?post=139888"},{"taxonomy":"post_tag","embeddable":true,"href":"https:\/\/www.europesays.com\/fr\/wp-json\/wp\/v2\/tags?post=139888"}],"curies":[{"name":"wp","href":"https:\/\/api.w.org\/{rel}","templated":true}]}}