{"id":139892,"date":"2025-05-30T19:01:13","date_gmt":"2025-05-30T19:01:13","guid":{"rendered":"https:\/\/www.europesays.com\/fr\/139892\/"},"modified":"2025-05-30T19:01:13","modified_gmt":"2025-05-30T19:01:13","slug":"une-extension-de-laeroport-de-nice-pour-un-futur-a-18-millions-de-passagers","status":"publish","type":"post","link":"https:\/\/www.europesays.com\/fr\/139892\/","title":{"rendered":"Une extension de l\u2019a\u00e9roport de Nice pour un futur \u00e0 18 millions de passagers"},"content":{"rendered":"<p>                    <img loading=\"lazy\" decoding=\"async\" src=\"https:\/\/www.europesays.com\/fr\/wp-content\/uploads\/2025\/05\/a2b3849d6e9ca012c72f9c7fb22450.jpg\" class=\"img-responsive post-image\" width=\"680\" height=\"510\" alt=\"Une extension de l'a\u00e9ropo\" title=\"Une extension de l'a\u00e9roport de Nice pour un futur \u00e0 18 millions de passagers\"\/><\/p>\n<p class=\"chapo\">Engag\u00e9 dans une transformation d\u2019envergure, l\u2019a\u00e9roport Nice-C\u00f4te d\u2019Azur agrandit son terminal 2 pour r\u00e9pondre \u00e0 une croissance continue du trafic. Livraison finale pr\u00e9vue en 2026.<\/p>\n<p>\u00ab\u00a0Compl\u00e8tement n\u00e9cessaire\u00a0\u00bb\u00a0: c\u2019est en ces termes qu\u2019<strong>Aymeric Staub<\/strong>, responsable de la communication de l\u2019a\u00e9roport Nice-C\u00f4te d\u2019Azur, qualifie l\u2019extension en cours du terminal 2. L\u2019infrastructure, d\u00e9j\u00e0 \u00e0 l\u2019\u00e9troit avec 14,8 millions de passagers en 2024 (au-del\u00e0 de la \u00ab\u00a0capacit\u00e9 th\u00e9orique d\u2019accueil\u00a0\u00bb de 14 millions annuels pour les terminaux 1 et 2\u00a0; un seuil d\u00e9pass\u00e9 d\u00e8s 2019), doit faire face \u00e0 une croissance r\u00e9guli\u00e8re du trafic. La saturation guette, en particulier durant la haute saison. Objectif de cette extension\u00a0: atteindre une capacit\u00e9 de 18 millions de passagers annuels, tout en am\u00e9liorant la qualit\u00e9 de service. \u00ab\u00a0Nous sommes la porte d\u2019entr\u00e9e d\u2019un territoire d\u2019exception. L\u2019enjeu principal, c\u2019est d\u2019adapter nos infrastructures \u00e0 la r\u00e9alit\u00e9 du trafic. Cela passe par davantage d\u2019espace \u00a0\u00bb, explique Aymeric Staub. Cette croissance signifie-t-elle aussi une multiplication des vols\u00a0? Il nuance\u00a0: \u00ab\u00a0Ce n\u2019est pas l\u2019a\u00e9roport qui g\u00e9n\u00e8re du trafic, ce sont les compagnies, en r\u00e9ponse \u00e0 la demande des passagers, dans une croissance mondiale du transport a\u00e9rien.\u00a0\u00bb<\/p>\n<p>Le chantier comprend trois volets<\/p>\n<p>Certaines \u00e9tapes sont d\u00e9j\u00e0 visibles. D\u2019abord, l\u2019agrandissement de la zone d\u2019attente non-Schengen, avec un nouveau poste fronti\u00e8re et des espaces commerciaux revisit\u00e9s, d\u00e9j\u00e0 en service. Ensuite, la DARS, un nouveau couloir reliant directement les passagers aux avions, sans recours aux bus. Elle sera op\u00e9rationnelle \u00e0 l\u2019automne. Enfin, un \u00ab\u00a0module ressources\u00a0\u00bb ajoutera, d\u2019ici 2026, 36 banques d\u2019enregistrement pour les cartes d\u2019embarquement et les bagages. Ce d\u00e9veloppement ne va pas sans critiques\u00a0: une proc\u00e9dure judiciaire a impos\u00e9 une \u00e9tude d\u2019impact environnemental compl\u00e9mentaire. R\u00e9alis\u00e9e par un cabinet ind\u00e9pendant, elle conclut que, malgr\u00e9 plus de 28 000 mouvements annuels suppl\u00e9mentaires, les \u00e9missions de gaz \u00e0 effet de serre devraient baisser de 11\u00a0% d\u2019ici 2030. Un paradoxe apparent, que l\u2019a\u00e9roport explique par l\u2019\u00e9lectrification des v\u00e9hicules au sol, des trajectoires optimis\u00e9es et des avions plus modernes et mieux remplis. Depuis 2013, les \u00e9missions directes ont chut\u00e9 de 95\u00a0%. C\u00f4t\u00e9 bruit, \u00ab\u00a0pas d\u2019impact majeur\u00a0\u00bb, selon l\u2019\u00e9tude. Les d\u00e9collages vers la mer et l\u2019usage raisonn\u00e9 des moteurs permettent aux avions de franchir le littoral \u00e0 10 000 pieds, loin des oreilles riveraines.<\/p>\n<p> <a href=\"https:\/\/www.europesays.com\/fr\/wp-content\/uploads\/2025\/05\/img_5955.jpg\" class=\"spip_doc_lien mediabox\" type=\"image\/jpeg\"><br \/>\n\t\t<img loading=\"lazy\" decoding=\"async\" src=\"https:\/\/www.europesays.com\/fr\/wp-content\/uploads\/2025\/05\/img_5955.jpg\" width=\"1024\" height=\"848\" alt=\"\"\/><\/a><\/p>\n<p>\u00a9MM\n<\/p>\n<p>Et les emplois\u00a0?<\/p>\n<p>\t\t<img loading=\"lazy\" decoding=\"async\" src=\"https:\/\/www.europesays.com\/fr\/wp-content\/uploads\/2025\/05\/vertical_article_small-3.png\" width=\"375\" height=\"463\" alt=\"\"\/><\/p>\n<p>\u00a9MM\n<\/p>\n<p>L\u2019a\u00e9roport emploie directement 580 personnes, mais jusqu\u2019\u00e0 9 000 \u00ab\u00a0badges rouges\u00a0\u00bb circulent sur le site, c\u2019est-\u00e0-dire celles travaillant r\u00e9guli\u00e8rement en zone s\u00e9curis\u00e9e. L\u2019extension g\u00e9n\u00e9rera des postes, notamment dans les commerces et services associ\u00e9s. Le chantier, lui, mobilise un consortium d\u2019entreprises locales. Malgr\u00e9 84\u00a0% d\u2019avis d\u00e9favorables lors de la derni\u00e8re enqu\u00eate publique, Aymeric Staub reste serein et nuance\u00a0: \u00ab\u00a0 Cette mobilisation est relative. Moins de 1\u00a0?000 avis ont \u00e9t\u00e9 d\u00e9pos\u00e9s, souvent par les m\u00eames contributeurs \u00a0\u00bb, ajoutant que \u00ab\u00a0 certains ont post\u00e9 jusqu\u2019\u00e0 10 avis.\u00a0\u00bb La livraison compl\u00e8te est attendue pour le premier trimestre 2026. Reste \u00e0 savoir si la justice administrative, encore saisie par plusieurs recours, validera d\u00e9finitivement ce projet.<\/p>\n","protected":false},"excerpt":{"rendered":"Engag\u00e9 dans une transformation d\u2019envergure, l\u2019a\u00e9roport Nice-C\u00f4te d\u2019Azur agrandit son terminal 2 pour r\u00e9pondre \u00e0 une croissance continue&hellip;\n","protected":false},"author":2,"featured_media":139893,"comment_status":"","ping_status":"","sticky":false,"template":"","format":"standard","meta":{"footnotes":""},"categories":[2819],"tags":[1111,11,2408,1777,674,1011,27,12,2401,882,25],"class_list":{"0":"post-139892","1":"post","2":"type-post","3":"status-publish","4":"format-standard","5":"has-post-thumbnail","7":"category-nice","8":"tag-actu","9":"tag-actualites","10":"tag-appels-d","11":"tag-eu","12":"tag-europe","13":"tag-fr","14":"tag-france","15":"tag-news","16":"tag-nice","17":"tag-provence-alpes-cote-dazur","18":"tag-republique-francaise"},"share_on_mastodon":{"url":"https:\/\/pubeurope.com\/@fr\/114598332639882823","error":""},"_links":{"self":[{"href":"https:\/\/www.europesays.com\/fr\/wp-json\/wp\/v2\/posts\/139892","targetHints":{"allow":["GET"]}}],"collection":[{"href":"https:\/\/www.europesays.com\/fr\/wp-json\/wp\/v2\/posts"}],"about":[{"href":"https:\/\/www.europesays.com\/fr\/wp-json\/wp\/v2\/types\/post"}],"author":[{"embeddable":true,"href":"https:\/\/www.europesays.com\/fr\/wp-json\/wp\/v2\/users\/2"}],"replies":[{"embeddable":true,"href":"https:\/\/www.europesays.com\/fr\/wp-json\/wp\/v2\/comments?post=139892"}],"version-history":[{"count":0,"href":"https:\/\/www.europesays.com\/fr\/wp-json\/wp\/v2\/posts\/139892\/revisions"}],"wp:featuredmedia":[{"embeddable":true,"href":"https:\/\/www.europesays.com\/fr\/wp-json\/wp\/v2\/media\/139893"}],"wp:attachment":[{"href":"https:\/\/www.europesays.com\/fr\/wp-json\/wp\/v2\/media?parent=139892"}],"wp:term":[{"taxonomy":"category","embeddable":true,"href":"https:\/\/www.europesays.com\/fr\/wp-json\/wp\/v2\/categories?post=139892"},{"taxonomy":"post_tag","embeddable":true,"href":"https:\/\/www.europesays.com\/fr\/wp-json\/wp\/v2\/tags?post=139892"}],"curies":[{"name":"wp","href":"https:\/\/api.w.org\/{rel}","templated":true}]}}