{"id":139906,"date":"2025-05-30T19:08:10","date_gmt":"2025-05-30T19:08:10","guid":{"rendered":"https:\/\/www.europesays.com\/fr\/139906\/"},"modified":"2025-05-30T19:08:10","modified_gmt":"2025-05-30T19:08:10","slug":"voici-quand-cette-guinguette-de-toulouse-et-sa-mythique-terrasse-sur-la-garonne-rouvriront","status":"publish","type":"post","link":"https:\/\/www.europesays.com\/fr\/139906\/","title":{"rendered":"Voici quand cette guinguette de Toulouse et sa mythique terrasse sur la Garonne rouvriront"},"content":{"rendered":"<p>            Par<br \/>\n        <strong><br \/>\n            <a href=\"https:\/\/actu.fr\/auteur\/mareva-laville-actu-fr\" title=\"Consulter tous les articles de Mar\u00e9va Laville\" target=\"_blank\" rel=\"noopener\">Mar\u00e9va Laville<\/a><br \/>\n        <\/strong><\/p>\n<p>        Publi\u00e9 le<\/p>\n<p>            30 mai 2025 \u00e0 20h39        <\/p>\n<p>Ils se donnent \u00ab\u2009un mois\u2009\u00bb, un peu comme Num\u00e9robis dans Ast\u00e9rix et Ob\u00e9lix Mission Cl\u00e9op\u00e2tre, pour monter leur buvette et restaurant \u00e9ph\u00e9m\u00e8re, annoncent les <strong>Canotiers de Toulouse<\/strong> sur leur compte Instagram. La <strong>guinguette<\/strong> qui s\u2019\u00e9tait install\u00e9e l\u2019an pass\u00e9 au <a href=\"https:\/\/actu.fr\/occitanie\/toulouse_31555\/la-guinguette-plus-romantique-toulouse-ouvre-terrasse-flottante-sur-garonne_25931528.html\" target=\"_blank\" rel=\"noopener\">m\u00eame emplacement que l\u2019ancienne et romantique Guinguette de Chouchou<\/a>, sur le <strong>quai de Tounis,<\/strong> repart pour une seconde \u00e9dition. Au bord de l\u2019eau et les pieds, presque dans la <a href=\"https:\/\/actu.fr\/tag\/garonne\" target=\"_blank\" rel=\"noopener\">Garonne<\/a>\u2026<\/p>\n<p class=\" wall-content\"><a href=\"https:\/\/www.instagram.com\/p\/DJrg0DLCUHb\/embed\" title=\"Ouvrir le lien sur Instagram\" target=\"_blank\" rel=\"noopener\">Visualiser le contenu sur Instagram<\/a><\/p>\n<p>R\u00e9ouverture \u00e0 la mi-juin<\/p>\n<p class=\" wall-content\">La date \u00e0 retenir\u2009? <strong>Dimanche 15\u00a0juin 2025, 17h<\/strong>. Jour qui devrait convenir \u00e0 tout le monde pour s\u2019offrir une pause dominicale au soleil, un verre \u00e0 la main et pourquoi pas des \u00ab<strong>\u2009tapas<\/strong>\u2009\u00bb servis par l\u2019\u00e9quipe des Canotiers v\u00eatus de leur marini\u00e8re et chapeau de paille. Clin d\u2019\u0153il au nom de la guinguette.<\/p>\n<p class=\" wall-content\">Au menu, les bons petits plats d\u2019\u00e9t\u00e9 \u00e0 partager reviennent. Burrata sur un lit de caponata, tataki de b\u0153uf, jambon serrano et son pan con tomate (pain \u00e0 la tomate)\u2026 Le tout accompagn\u00e9 de <strong>bi\u00e8res<\/strong>, <strong>vins<\/strong>, <strong>softs<\/strong> ou <strong>cocktails<\/strong>, avec le \u00ab\u2009Venezia Martini\u2009\u00bb, comme signature cette ann\u00e9e. \u00c0 base de gin floral, liqueur de Chambord, jus de cranberry et de citron, sirop de fleur de sureau, shot de prosecco et framboise fra\u00eeche. Ambiance farniente et dolce vita au bord de l\u2019eau.\u00a0Voire<strong> sur l\u2019eau\u2009!<\/strong><\/p>\n<p>Une terrasse flottante cet \u00e9t\u00e9<\/p>\n<p class=\" wall-content\">Un mois apr\u00e8s la r\u00e9ouverture (et pas avant, en raison des restrictions de navigation en vigueur), <strong>le 15\u00a0juillet<\/strong> donc, les Canotiers r\u00e9installeront leur <strong>terrasse flottante,<\/strong> mythique dans la Ville rose.<\/p>\n<p>    <img   decoding=\"async\" loading=\"lazy\" src=\"https:\/\/www.europesays.com\/fr\/wp-content\/uploads\/2025\/05\/coucher-soleilgaronneete-960x640.jpg\" alt=\"Une vue du coucher du soleil sur la Garonne, depuis la guinguette des Canotiers de Toulouse.\" width=\"960\" height=\"640\"\/><br \/>\n    Une vue du coucher du soleil sur la Garonne, depuis la guinguette des Canotiers de Toulouse. (\u00a9Mar\u00e9va Laville \/ Actu Toulouse)Vid\u00e9os : en ce moment sur Actu<\/p>\n<p class=\" wall-content\">La plateforme de 150m\u00b2 s\u2019ajoutera \u00e0 celle de 100 m\u00b2 sur les quais de la Garonne, offrant un total de <strong>200 couverts.<\/strong> Id\u00e9al pour profiter du coucher de soleil sur le fleuve avec vue sur le Pont-Neuf. Un paysage dont on ne lasse jamais \u00e0 Toulouse et qui conf\u00e8re \u00e0 la guinguette des Canotiers, le cadre idyllique dont elle profitera\u00a0pendant <a href=\"https:\/\/actu.fr\/occitanie\/toulouse_31555\/toulouse-une-terrasse-flottante-bientot-de-retour-sur-la-garonne-avec-cette-nouvelle-guinguette_61224212.html\" target=\"_blank\" rel=\"noopener\">au moins six saisons, encore.<\/a><\/p>\n<p>    <a href=\"https:\/\/www.google.com\/maps\/embed?pb=!1m18!1m12!1m3!1d3807.4756258048405!2d1.4377552125372235!3d43.59680327098432!2m3!1f0!2f0!3f0!3m2!1i1024!2i768!4f13.1!3m3!1m2!1s0x12aebb7c59c51e89%3A0xe04b6e302a6fae1b!2sQuai%20de%20Tounis%2C%2031000%20Toulouse!5e1!3m2!1sfr!2sfr!4v1748596267917!5m2!1sfr!2sfr\" title=\"Ouvrie le lien\" target=\"_blank\" rel=\"noopener\">Cliquez ici pour visualiser le contenu<\/a><\/p>\n<p>Les Canotiers<br \/>Quai de Tounis, \u00e0 Toulouse<br \/>Ouvert du mardi au samedi, de 17\u2009h \u00e0 minuit, sans r\u00e9servation<br \/>Fermeture \u00e0 la mi-septembre<\/p>\n<p class=\" wall-content\">Suivez toute l\u2019actualit\u00e9 de vos villes et m\u00e9dias favoris en vous inscrivant \u00e0 <a href=\"https:\/\/moncompte.actu.fr\" title=\"D\u00e9couvez Mon Actu\" rel=\"nofollow noopener\" data-trk=\"{&quot;cta&quot;:{&quot;action&quot;:&quot;https:\\\/\\\/moncompte.actu.fr&quot;,&quot;category&quot;:&quot;mon compte&quot;,&quot;from&quot;:&quot;article footer&quot;,&quot;name&quot;:&quot;Mon actu&quot;,&quot;type&quot;:&quot;cta&quot;}}\" target=\"_blank\">Mon Actu<\/a>.<\/p>\n<ul class=\"ac-article-tag wall-content\">\n<li><a href=\"https:\/\/actu.fr\/tag\/garonne\" data-trk=\"{&quot;cta&quot;:{&quot;action&quot;:&quot;Garonne&quot;,&quot;category&quot;:&quot;tag&quot;,&quot;from&quot;:&quot;article footer&quot;,&quot;name&quot;:&quot;Garonne&quot;,&quot;type&quot;:&quot;cta&quot;}}\" target=\"_blank\" rel=\"noopener\">#Garonne<\/a><\/li>\n<li><a href=\"https:\/\/actu.fr\/tag\/guinguettes-a-toulouse\" data-trk=\"{&quot;cta&quot;:{&quot;action&quot;:&quot;Guinguettes \\u00e0 Toulouse&quot;,&quot;category&quot;:&quot;tag&quot;,&quot;from&quot;:&quot;article footer&quot;,&quot;name&quot;:&quot;Guinguettes \\u00e0 Toulouse&quot;,&quot;type&quot;:&quot;cta&quot;}}\" target=\"_blank\" rel=\"noopener\">#Guinguettes \u00e0 Toulouse<\/a><\/li>\n<\/ul>\n<p>                    <script async src=\"\/\/www.instagram.com\/embed.js\"><\/script><\/p>\n","protected":false},"excerpt":{"rendered":"Par Mar\u00e9va Laville Publi\u00e9 le 30 mai 2025 \u00e0 20h39 Ils se donnent \u00ab\u2009un mois\u2009\u00bb, un peu comme&hellip;\n","protected":false},"author":2,"featured_media":139907,"comment_status":"","ping_status":"","sticky":false,"template":"","format":"standard","meta":{"footnotes":""},"categories":[2816],"tags":[1111,11,1777,674,1011,27,5601,14574,1305,12,2680,25,2312],"class_list":{"0":"post-139906","1":"post","2":"type-post","3":"status-publish","4":"format-standard","5":"has-post-thumbnail","7":"category-toulouse","8":"tag-actu","9":"tag-actualites","10":"tag-eu","11":"tag-europe","12":"tag-fr","13":"tag-france","14":"tag-garonne","15":"tag-guinguettes-a-toulouse","16":"tag-lifestyle","17":"tag-news","18":"tag-occitanie","19":"tag-republique-francaise","20":"tag-toulouse"},"share_on_mastodon":{"url":"https:\/\/pubeurope.com\/@fr\/114598360111630490","error":""},"_links":{"self":[{"href":"https:\/\/www.europesays.com\/fr\/wp-json\/wp\/v2\/posts\/139906","targetHints":{"allow":["GET"]}}],"collection":[{"href":"https:\/\/www.europesays.com\/fr\/wp-json\/wp\/v2\/posts"}],"about":[{"href":"https:\/\/www.europesays.com\/fr\/wp-json\/wp\/v2\/types\/post"}],"author":[{"embeddable":true,"href":"https:\/\/www.europesays.com\/fr\/wp-json\/wp\/v2\/users\/2"}],"replies":[{"embeddable":true,"href":"https:\/\/www.europesays.com\/fr\/wp-json\/wp\/v2\/comments?post=139906"}],"version-history":[{"count":0,"href":"https:\/\/www.europesays.com\/fr\/wp-json\/wp\/v2\/posts\/139906\/revisions"}],"wp:featuredmedia":[{"embeddable":true,"href":"https:\/\/www.europesays.com\/fr\/wp-json\/wp\/v2\/media\/139907"}],"wp:attachment":[{"href":"https:\/\/www.europesays.com\/fr\/wp-json\/wp\/v2\/media?parent=139906"}],"wp:term":[{"taxonomy":"category","embeddable":true,"href":"https:\/\/www.europesays.com\/fr\/wp-json\/wp\/v2\/categories?post=139906"},{"taxonomy":"post_tag","embeddable":true,"href":"https:\/\/www.europesays.com\/fr\/wp-json\/wp\/v2\/tags?post=139906"}],"curies":[{"name":"wp","href":"https:\/\/api.w.org\/{rel}","templated":true}]}}