{"id":139908,"date":"2025-05-30T19:09:17","date_gmt":"2025-05-30T19:09:17","guid":{"rendered":"https:\/\/www.europesays.com\/fr\/139908\/"},"modified":"2025-05-30T19:09:17","modified_gmt":"2025-05-30T19:09:17","slug":"vendredi-27-juin-2025-le-theatre-du-casino-barriere-lille-accueillera-le-festival-international-de-lillusion","status":"publish","type":"post","link":"https:\/\/www.europesays.com\/fr\/139908\/","title":{"rendered":"Vendredi 27 juin 2025, le Th\u00e9\u00e2tre du Casino Barri\u00e8re Lille accueillera le Festival International de l&rsquo;Illusion"},"content":{"rendered":"<p style=\"text-align: justify;\"><strong>Vendredi 27 juin 2025 \u00e0 20h30, le Th\u00e9\u00e2tre du Casino Barri\u00e8re Lille <\/strong>accueillera le <strong>Festival International de l\u2019Illusion. Pr\u00e9sentation par Gilles Arthur<\/strong> (magicien, fondateur des Mandrakes d\u2019Or).<\/p>\n<p style=\"text-align: justify;\">Festival International de l\u2019Illusion<br \/>MANDRAKES TOUR 2025<\/p>\n<p>Direction Artistique Gilles Arthur<\/p>\n<p>Les plus grands magiciens, tous laur\u00e9ats d\u2019un Mandrake d\u2019Or sont r\u00e9unis dans ce spectacle \u00e9blouissant !<\/p>\n<p>Parce qu\u2019ils apportent du r\u00eave, les prestidigitateurs et illusionnistes s\u00e9duisent un public de plus en plus nombreux\u2026 Ils n\u2019\u00e9merveillent plus seulement les jeunes enfants, mais aussi celles et ceux qui le sont rest\u00e9s !<\/p>\n<p>Un programme unique avec des artistes incroyables pour nous transporter dans un univers o\u00f9 tout devient possible.<\/p>\n<p>Grandes Illusions, manipulations, po\u00e9sies et humours se m\u00ealent dans un festival d\u2019effets magiques pour une soir\u00e9e exceptionnelle.<\/p>\n<p>Avec entre autres :<\/p>\n<p>GILLES ARTHUR \u2013 Le cr\u00e9ateur des Mandrakes D\u2019Or<\/p>\n<p>ARKADIO \u2013 Espagne<\/p>\n<p>SOLANGE KARDINALY \u2013 Portugal<\/p>\n<p>ERIX LOGAN et Sara Maya \u2013 Italie<\/p>\n<p>MICHEL FAGES \u2013 France.<\/p>\n<p><img loading=\"lazy\" decoding=\"async\" width=\"9\" height=\"9\" src=\"https:\/\/www.europesays.com\/fr\/wp-content\/uploads\/2025\/04\/1744722321_833_arrow.png\" alt=\"Puce\"\/> <strong>Tarif<\/strong> : \u00e0 partir de 37\u20ac<\/p>\n<p><img loading=\"lazy\" decoding=\"async\" width=\"9\" height=\"9\" src=\"https:\/\/www.europesays.com\/fr\/wp-content\/uploads\/2025\/04\/1744722321_833_arrow.png\" alt=\"Puce\"\/> <a href=\"https:\/\/www.casinosbarriere.com\/lille\/spectacle\/festival-international-de-l-illusion\" target=\"_blank\" rel=\"noreferrer noopener\">Site internet du Casino Barri\u00e8re Lille<\/a><\/p>\n<p class=\"has-text-align-right\">Source : Casino Barri\u00e8re Lille \u2013 Image : DR<\/p>\n","protected":false},"excerpt":{"rendered":"Vendredi 27 juin 2025 \u00e0 20h30, le Th\u00e9\u00e2tre du Casino Barri\u00e8re Lille accueillera le Festival International de l\u2019Illusion.&hellip;\n","protected":false},"author":2,"featured_media":139909,"comment_status":"","ping_status":"","sticky":false,"template":"","format":"standard","meta":{"footnotes":""},"categories":[2815],"tags":[26658,1111,11,1697,26659,1777,674,1011,27,811,1307,12,25,25710],"class_list":{"0":"post-139908","1":"post","2":"type-post","3":"status-publish","4":"format-standard","5":"has-post-thumbnail","7":"category-lille","8":"tag-09-fevrier-2025","9":"tag-actu","10":"tag-actualites","11":"tag-concert","12":"tag-dany-brillant","13":"tag-eu","14":"tag-europe","15":"tag-fr","16":"tag-france","17":"tag-hauts-de-france","18":"tag-lille","19":"tag-news","20":"tag-republique-francaise","21":"tag-theatre-du-casino-barriere-lille"},"share_on_mastodon":{"url":"https:\/\/pubeurope.com\/@fr\/114598364158723701","error":""},"_links":{"self":[{"href":"https:\/\/www.europesays.com\/fr\/wp-json\/wp\/v2\/posts\/139908","targetHints":{"allow":["GET"]}}],"collection":[{"href":"https:\/\/www.europesays.com\/fr\/wp-json\/wp\/v2\/posts"}],"about":[{"href":"https:\/\/www.europesays.com\/fr\/wp-json\/wp\/v2\/types\/post"}],"author":[{"embeddable":true,"href":"https:\/\/www.europesays.com\/fr\/wp-json\/wp\/v2\/users\/2"}],"replies":[{"embeddable":true,"href":"https:\/\/www.europesays.com\/fr\/wp-json\/wp\/v2\/comments?post=139908"}],"version-history":[{"count":0,"href":"https:\/\/www.europesays.com\/fr\/wp-json\/wp\/v2\/posts\/139908\/revisions"}],"wp:featuredmedia":[{"embeddable":true,"href":"https:\/\/www.europesays.com\/fr\/wp-json\/wp\/v2\/media\/139909"}],"wp:attachment":[{"href":"https:\/\/www.europesays.com\/fr\/wp-json\/wp\/v2\/media?parent=139908"}],"wp:term":[{"taxonomy":"category","embeddable":true,"href":"https:\/\/www.europesays.com\/fr\/wp-json\/wp\/v2\/categories?post=139908"},{"taxonomy":"post_tag","embeddable":true,"href":"https:\/\/www.europesays.com\/fr\/wp-json\/wp\/v2\/tags?post=139908"}],"curies":[{"name":"wp","href":"https:\/\/api.w.org\/{rel}","templated":true}]}}