{"id":139912,"date":"2025-05-30T19:11:09","date_gmt":"2025-05-30T19:11:09","guid":{"rendered":"https:\/\/www.europesays.com\/fr\/139912\/"},"modified":"2025-05-30T19:11:09","modified_gmt":"2025-05-30T19:11:09","slug":"il-a-promis-quil-reviendrait-plus-fort-assurent-ces-fans-presents-au-concert-annule-de-2024","status":"publish","type":"post","link":"https:\/\/www.europesays.com\/fr\/139912\/","title":{"rendered":"\u00ab\u00a0Il a promis qu&rsquo;il reviendrait plus fort\u00a0\u00bb, assurent ces fans pr\u00e9sents au concert annul\u00e9 de 2024"},"content":{"rendered":"<p>Sur le coup, elle n\u2019y a pas cru. Nad\u00e8ge n\u2019\u00e9tait qu\u2019\u00e0 quelques heures \u00e0 peine de voir son \u00ab\u00a0Boss\u00a0\u00bb sur sc\u00e8ne quand l\u2019annonce de <a href=\"https:\/\/www.laprovence.com\/article\/region\/77405424455978\/concert-annule-de-springsteen-a-marseille-au-pied-du-stade-velodrome-les-larmes-des-fans\" target=\"_blank\" rel=\"noopener\">l\u2019annulation du concert s\u2019est r\u00e9pandue sur le parvis et tout autour du V\u00e9lodrome, le 25\u00a0mai 2024<\/a>. Il lui a fallu se rendre \u00e0 l\u2019\u00e9vidence. La soir\u00e9e venait bien de tourner \u00e0 la frustration. Vaincu par une extinction de voix, Bruce Springsteen avait d\u00fb renoncer. Mais s\u2019il \u00e9tait reparti sans avoir enflamm\u00e9 le V\u00e9l&rsquo;, ce week-end-l\u00e0, c\u2019\u00e9tait pour mieux revenir, cette ann\u00e9e. Et Nad\u00e8ge, qui l\u2019a d\u00e9j\u00e0 vu \u00e0 deux reprises (\u00e0 Montpellier et \u00e0 Nanterre), est pr\u00eate pour la passe de trois. La patience finit toujours par payer. \u00ab\u00a0Je suis s\u00fbre que \u00e7a valait le coup d\u2019attendre un an de plus, s\u2019avance cette habitante de Ch\u00e2teauneuf-les-Martigues. Bruce a promis qu\u2019il reviendrait plus fort.\u00a0\u00bb<\/p>\n","protected":false},"excerpt":{"rendered":"Sur le coup, elle n\u2019y a pas cru. Nad\u00e8ge n\u2019\u00e9tait qu\u2019\u00e0 quelques heures \u00e0 peine de voir son&hellip;\n","protected":false},"author":2,"featured_media":139913,"comment_status":"","ping_status":"","sticky":false,"template":"","format":"standard","meta":{"footnotes":""},"categories":[2814],"tags":[17,1111,11,3684,251,1777,674,1011,27,3707,884,12,26660,882,18017,25,26661,3685],"class_list":{"0":"post-139912","1":"post","2":"type-post","3":"status-publish","4":"format-standard","5":"has-post-thumbnail","7":"category-marseille","8":"tag-17","9":"tag-actu","10":"tag-actualites","11":"tag-bruce","12":"tag-culture","13":"tag-eu","14":"tag-europe","15":"tag-fr","16":"tag-france","17":"tag-il","18":"tag-marseille","19":"tag-news","20":"tag-promis","21":"tag-provence-alpes-cote-dazur","22":"tag-quil","23":"tag-republique-francaise","24":"tag-reviendrait","25":"tag-springsteen"},"share_on_mastodon":{"url":"https:\/\/pubeurope.com\/@fr\/114598371873823694","error":""},"_links":{"self":[{"href":"https:\/\/www.europesays.com\/fr\/wp-json\/wp\/v2\/posts\/139912","targetHints":{"allow":["GET"]}}],"collection":[{"href":"https:\/\/www.europesays.com\/fr\/wp-json\/wp\/v2\/posts"}],"about":[{"href":"https:\/\/www.europesays.com\/fr\/wp-json\/wp\/v2\/types\/post"}],"author":[{"embeddable":true,"href":"https:\/\/www.europesays.com\/fr\/wp-json\/wp\/v2\/users\/2"}],"replies":[{"embeddable":true,"href":"https:\/\/www.europesays.com\/fr\/wp-json\/wp\/v2\/comments?post=139912"}],"version-history":[{"count":0,"href":"https:\/\/www.europesays.com\/fr\/wp-json\/wp\/v2\/posts\/139912\/revisions"}],"wp:featuredmedia":[{"embeddable":true,"href":"https:\/\/www.europesays.com\/fr\/wp-json\/wp\/v2\/media\/139913"}],"wp:attachment":[{"href":"https:\/\/www.europesays.com\/fr\/wp-json\/wp\/v2\/media?parent=139912"}],"wp:term":[{"taxonomy":"category","embeddable":true,"href":"https:\/\/www.europesays.com\/fr\/wp-json\/wp\/v2\/categories?post=139912"},{"taxonomy":"post_tag","embeddable":true,"href":"https:\/\/www.europesays.com\/fr\/wp-json\/wp\/v2\/tags?post=139912"}],"curies":[{"name":"wp","href":"https:\/\/api.w.org\/{rel}","templated":true}]}}