{"id":139916,"date":"2025-05-30T19:13:13","date_gmt":"2025-05-30T19:13:13","guid":{"rendered":"https:\/\/www.europesays.com\/fr\/139916\/"},"modified":"2025-05-30T19:13:13","modified_gmt":"2025-05-30T19:13:13","slug":"le-defi-de-lassociation-vrac","status":"publish","type":"post","link":"https:\/\/www.europesays.com\/fr\/139916\/","title":{"rendered":"le d\u00e9fi de l\u2019association VRAC"},"content":{"rendered":"<p>Un jeudi par mois, l\u2019association VRAC (Vers un R\u00e9seau d\u2019Achat en Commun) prend possession de la salle commune du quartier Jacques-Monod \u00e0 Villeurbanne. De grandes tables sont install\u00e9es sur lesquelles on trouve des produits secs d\u2019\u00e9picerie, d\u2019hygi\u00e8ne, de cosm\u00e9tique et des denr\u00e9es alimentaires telles que de la farine ou de l\u2019huile d\u2019olive. 95\u00a0% sont d\u2019origine biologique. <\/p>\n<p>\u00ab\u00a0Nous essayons de travailler avec le plus de producteurs locaux possibles. Certaines denr\u00e9es, comme l\u2019huile d\u2019olive, ne sont pas locales, mais nous avons les \u0153ufs par exemple, qui viennent&#8230;<\/p>\n","protected":false},"excerpt":{"rendered":"Un jeudi par mois, l\u2019association VRAC (Vers un R\u00e9seau d\u2019Achat en Commun) prend possession de la salle commune&hellip;\n","protected":false},"author":2,"featured_media":139917,"comment_status":"","ping_status":"","sticky":false,"template":"","format":"standard","meta":{"footnotes":""},"categories":[1889],"tags":[1111,11,2430,130,33,2757,1777,674,107,1011,27,2428,12,2922,25,2429,273,104,1631,6345,6346],"class_list":{"0":"post-139916","1":"post","2":"type-post","3":"status-publish","4":"format-standard","5":"has-post-thumbnail","7":"category-lyon","8":"tag-actu","9":"tag-actualites","10":"tag-auvergne-rhone-alpes","11":"tag-consommation","12":"tag-economie","13":"tag-edition-lyon-villeurbanne","14":"tag-eu","15":"tag-europe","16":"tag-fil-info","17":"tag-fr","18":"tag-france","19":"tag-lyon","20":"tag-news","21":"tag-pouvoir-dachat","22":"tag-republique-francaise","23":"tag-rhone","24":"tag-selection-de-la-redaction","25":"tag-societe","26":"tag-vie-associative","27":"tag-villeurbanne","28":"tag-villeurbanne-bassin"},"share_on_mastodon":{"url":"https:\/\/pubeurope.com\/@fr\/114598379710850893","error":""},"_links":{"self":[{"href":"https:\/\/www.europesays.com\/fr\/wp-json\/wp\/v2\/posts\/139916","targetHints":{"allow":["GET"]}}],"collection":[{"href":"https:\/\/www.europesays.com\/fr\/wp-json\/wp\/v2\/posts"}],"about":[{"href":"https:\/\/www.europesays.com\/fr\/wp-json\/wp\/v2\/types\/post"}],"author":[{"embeddable":true,"href":"https:\/\/www.europesays.com\/fr\/wp-json\/wp\/v2\/users\/2"}],"replies":[{"embeddable":true,"href":"https:\/\/www.europesays.com\/fr\/wp-json\/wp\/v2\/comments?post=139916"}],"version-history":[{"count":0,"href":"https:\/\/www.europesays.com\/fr\/wp-json\/wp\/v2\/posts\/139916\/revisions"}],"wp:featuredmedia":[{"embeddable":true,"href":"https:\/\/www.europesays.com\/fr\/wp-json\/wp\/v2\/media\/139917"}],"wp:attachment":[{"href":"https:\/\/www.europesays.com\/fr\/wp-json\/wp\/v2\/media?parent=139916"}],"wp:term":[{"taxonomy":"category","embeddable":true,"href":"https:\/\/www.europesays.com\/fr\/wp-json\/wp\/v2\/categories?post=139916"},{"taxonomy":"post_tag","embeddable":true,"href":"https:\/\/www.europesays.com\/fr\/wp-json\/wp\/v2\/tags?post=139916"}],"curies":[{"name":"wp","href":"https:\/\/api.w.org\/{rel}","templated":true}]}}