{"id":139920,"date":"2025-05-30T19:16:21","date_gmt":"2025-05-30T19:16:21","guid":{"rendered":"https:\/\/www.europesays.com\/fr\/139920\/"},"modified":"2025-05-30T19:16:21","modified_gmt":"2025-05-30T19:16:21","slug":"vigilance-orages-dispositif-special-pour-psg-inter-milan-concerts-gratuits-linfo-a-midi-en-ile-de-france","status":"publish","type":"post","link":"https:\/\/www.europesays.com\/fr\/139920\/","title":{"rendered":"Vigilance orages, dispositif sp\u00e9cial pour PSG-Inter Milan, concerts gratuits\u2026 l\u2019info \u00e0 midi en \u00cele-de-France"},"content":{"rendered":"<p>            Par<br \/>\n        <strong><br \/>\n            <a href=\"https:\/\/actu.fr\/auteur\/audrey-gruaz\" title=\"Consulter tous les articles de Audrey Gruaz\" rel=\"nofollow noopener\" target=\"_blank\">Audrey Gruaz<\/a><br \/>\n        <\/strong><\/p>\n<p>        Publi\u00e9 le<\/p>\n<p>            30 mai 2025 \u00e0 11h57        <\/p>\n<p><b>Vendredi 30 mai 2025<\/b>, malgr\u00e9 le soleil qui domine depuis ce matin, des orages sont annonc\u00e9s sur l\u2019<b>\u00cele-de-France<\/b> pour le reste du week-end marqu\u00e9 par le pont de l\u2019Ascension.\u00a0<\/p>\n<p class=\" wall-content\">Le pr\u00e9fet de police de <b>Paris <\/b>a annonc\u00e9 le dispositif de s\u00e9curit\u00e9 qui sera mis en place \u00e0 l\u2019occasion de la finale de Ligue des Champions entre le PSG et l\u2019Inter Milan.\u00a0<\/p>\n<p class=\" wall-content\">En <b>Seine-et-Marne<\/b>, une commune propose des concerts gratuits tous les vendredis durant l\u2019\u00e9t\u00e9.\u00a0<\/p>\n<p class=\" wall-content\">Dans le <b>Val-d\u2019Oise<\/b>, apr\u00e8s la mort d\u2019un agent des routes lors d\u2019une intervention, ses coll\u00e8gues soulignent la dangerosit\u00e9 de ce m\u00e9tier.\u00a0<\/p>\n<p class=\" wall-content\">Dans les <b>Yvelines<\/b>, \u00e0 Conflans-Saint-Honorine, un chantier entre dans sa 3e phase et marque la fin des travaux dans l\u2019axe principal de cette ville.<\/p>\n<p class=\" wall-content\">Voici les principales informations du vendredi 30 mai 2025 en <b><a href=\"https:\/\/actu.fr\/ile-de-france\/\" rel=\"nofollow noopener\" target=\"_blank\">\u00cele-de-France<\/a>,<\/b> \u00e0 midi. Cliquez sur les liens si vous voulez en savoir plus sur les sujets qui font l\u2019actualit\u00e9 dans les d\u00e9partements de la r\u00e9gion francilienne.<\/p>\n<p>Vid\u00e9os : en ce moment sur ActuLes cinq infos \u00e0 retenir<\/p>\n<p class=\" wall-content\"><b>\u00cele-de-France.<\/b>\u00a0<a href=\"https:\/\/actu.fr\/meteo\/meteo-vigilance-aux-orages-activee-apres-le-pic-de-chaleur-a-paris-et-en-ile-de-france-de-ce-vendredi_62705779.html\" rel=\"nofollow noopener\" target=\"_blank\">M\u00e9t\u00e9o : Vigilance aux orages activ\u00e9e apr\u00e8s le pic de chaleur \u00e0 Paris et en \u00cele-de-France de ce vendredi<\/a><\/p>\n<p class=\" wall-content\">Apr\u00e8s un grand soleil et des temp\u00e9ratures estivales ce vendredi 30 mai, une d\u00e9gradation orageuse va toucher Paris et l\u2019\u00cele-de-France.<\/p>\n<p class=\" wall-content\"><b>Paris.<\/b>\u00a0<a href=\"https:\/\/actu.fr\/ile-de-france\/paris_75056\/finale-psg-inter-le-prefet-de-police-annonce-un-dispositif-de-securite-massif-a-paris-et-en-banlieue_62705809.html\" rel=\"nofollow noopener\" target=\"_blank\">Finale PSG-Inter : le pr\u00e9fet de police annonce un dispositif de s\u00e9curit\u00e9 \u00ab\u00a0massif\u00a0\u00bb \u00e0 Paris et en banlieue<\/a><\/p>\n<p class=\" wall-content\">La pr\u00e9fecture de Police de Paris a d\u00e9voil\u00e9 le dispositif de s\u00e9curit\u00e9 qui sera d\u00e9ploy\u00e9 pour la finale PSG-Inter Milan samedi 31 mai 2025.<\/p>\n<p class=\" wall-content\"><b>Seine-et-Marne.<\/b>\u00a0<a href=\"https:\/\/actu.fr\/ile-de-france\/magny-le-hongre_77268\/buvette-et-concerts-gratuits-tout-lete-dans-cette-ville-de-seine-et-marne-les-vendredis-sont-festifs_62705232.html\" rel=\"nofollow noopener\" target=\"_blank\">Buvette et concerts gratuits tout l\u2019\u00e9t\u00e9 : dans cette ville de Seine-et-Marne, les vendredis sont festifs<\/a><\/p>\n<p class=\" wall-content\">Chaque vendredi, Magny le Hongre met \u00e0 disposition des tables en centre-ville. Les spectateurs peuvent s\u2019installer et profiter des commerces locaux et d\u2019un concert gratuit.<\/p>\n<p class=\" wall-content\"><b>Val-d\u2019Oise.<\/b>\u00a0<a href=\"https:\/\/actu.fr\/ile-de-france\/fontenay-en-parisis_95241\/apres-la-mort-dun-agent-en-intervention-le-difficile-retour-a-la-normale-pour-la-dirif-dans-le-val-doise_62696521.html\" rel=\"nofollow noopener\" target=\"_blank\">Apr\u00e8s la mort d\u2019un agent en intervention, le difficile retour \u00e0 la normale pour la Dirif dans le Val-d\u2019Oise<\/a><\/p>\n<p class=\" wall-content\">Jacques Salhi, directeur des routes d\u2019\u00cele-de-France, revient sur l\u2019accident tragique survenu pr\u00e8s de l\u2019a\u00e9roport de Roissy (Val-d\u2019Oise) et souligne la dangerosit\u00e9 de ce m\u00e9tier.\u00a0<\/p>\n<p class=\" wall-content\"><b>Yvelines. <\/b><a href=\"https:\/\/actu.fr\/ile-de-france\/conflans-sainte-honorine_78172\/travaux-du-centre-ville-de-cette-ville-des-yvelines-suite-et-fin_62694714.html\" rel=\"nofollow noopener\" target=\"_blank\">Travaux du centre-ville de cette ville : suite et fin ?<\/a><\/p>\n<p class=\" wall-content\">Le chantier de requalification du principal axe commer\u00e7ant de Conflans-Sainte-Honorine est entr\u00e9 dans sa 3e et ultime phase. Les travaux vont se poursuivre jusqu\u2019\u00e0 fin d\u00e9cembre.<\/p>\n<p>Suivez-nous pour en savoir plus\u2009!<\/p>\n<p class=\" wall-content\">Vous voulez plus d\u2019infos sur l\u2019\u00cele-de-France\u2009? Vous pouvez nous retrouver sur\u00a0Actu\u00a0<b>\u00cele-de-France.<\/b><\/p>\n<p class=\" wall-content\">Pour nous suivre\u00a0<b>sur les r\u00e9seaux sociaux<\/b>, dans vos d\u00e9partements\u2009:<\/p>\n<p class=\" wall-content\"><b>Paris<\/b>\u2009: retrouvez\u00a0Actu\u00a0Paris\u00a0sur\u00a0<a href=\"https:\/\/www.facebook.com\/actufr.paris\/\" rel=\"nofollow noopener\" target=\"_blank\">Facebook<\/a>\u00a0et\u00a0<a href=\"https:\/\/twitter.com\/actufrparis\" rel=\"nofollow noopener\" target=\"_blank\">Twitter<\/a>\u2009<b>;<\/b><\/p>\n<p class=\" wall-content\"><b>Seine-et-Marne<\/b>\u2009: retrouvez\u00a0La R\u00e9publique de Seine-et-Marne (sud) sur\u00a0<a href=\"https:\/\/www.facebook.com\/RepubliqueSeineMarne\/\" rel=\"nofollow noopener\" target=\"_blank\">Facebook<\/a>\u00a0et\u00a0<a href=\"https:\/\/twitter.com\/LaRep77\" rel=\"nofollow noopener\" target=\"_blank\">Twitter<\/a>\u2009; La Marne (nord) sur\u00a0<a href=\"https:\/\/www.facebook.com\/journallarmarne\/?__tn__=%2Cd%2CP-R&amp;eid=ARDLZc91LaHbXzDwChLLLQJVMBLx_ABJremTC2-RG0CYvg0f4f8CLvbV5G1Lli4g_6QoXDcKkU1_LX1W\" rel=\"nofollow noopener\" target=\"_blank\">Facebook<\/a>\u00a0et\u00a0<a href=\"https:\/\/twitter.com\/JournalLaMarne\" rel=\"nofollow noopener\" target=\"_blank\">Twitter<\/a>\u2009; et\u00a0Le Pays Briard\u00a0sur\u00a0<a href=\"https:\/\/www.facebook.com\/LePaysBriard\/?ref=bookmarks\" rel=\"nofollow noopener\" target=\"_blank\">Facebook<\/a>\u00a0et\u00a0<a href=\"https:\/\/twitter.com\/78actu\" rel=\"nofollow noopener\" target=\"_blank\">Twitter<\/a>\u2009<b>;<\/b><\/p>\n<p class=\" wall-content\"><b>Yvelines<\/b>\u2009: retrouvez\u00a078Actu\u00a0sur\u00a0<a href=\"https:\/\/www.facebook.com\/78actu\/\" rel=\"nofollow noopener\" target=\"_blank\">Facebook<\/a>\u00a0et\u00a0<a href=\"https:\/\/twitter.com\/78actu\" rel=\"nofollow noopener\" target=\"_blank\">Twitter<\/a>\u2009<b>;<\/b><\/p>\n<p class=\" wall-content\"><b>Essonne<\/b>\u2009: retrouvez\u00a0Actu Essonne\u00a0sur\u00a0<a href=\"https:\/\/www.facebook.com\/actuessonne\/?ref=br_rs\" rel=\"nofollow noopener\" target=\"_blank\">Facebook<\/a>\u00a0et\u00a0<a href=\"https:\/\/twitter.com\/ActuEssonne\" rel=\"nofollow noopener\" target=\"_blank\">Twitter<\/a>\u2009<b>;<\/b><\/p>\n<p class=\" wall-content\"><b>Hauts-de-Seine<\/b>\u2009: retrouvez\u00a0Actu\u00a0Hauts-de-Seine\u00a0sur\u00a0<a href=\"https:\/\/www.facebook.com\/actufr.hautsdeseine\/\" rel=\"nofollow noopener\" target=\"_blank\">Facebook<\/a>\u00a0et\u00a0<a href=\"https:\/\/twitter.com\/actufr92\" rel=\"nofollow noopener\" target=\"_blank\">Twitter<\/a>\u2009;<\/p>\n<p class=\" wall-content\"><b>Seine-Saint-Denis<\/b>\u2009: retrouvez\u00a0Actu\u00a0Seine-Saint-Denis sur\u00a0<a href=\"https:\/\/www.facebook.com\/actufr.seinesaintdenis\/\" rel=\"nofollow noopener\" target=\"_blank\">Facebook<\/a>\u00a0et\u00a0<a href=\"https:\/\/twitter.com\/Actufr93\" rel=\"nofollow noopener\" target=\"_blank\">Twitter<\/a>\u2009<b>;<\/b><\/p>\n<p class=\" wall-content\"><b>Val-de-Marne<\/b>\u2009: retrouvez\u00a0Actu Val-de-Marne\u00a0sur\u00a0<a href=\"https:\/\/www.facebook.com\/actu94.valdemarne\/\" rel=\"nofollow noopener\" target=\"_blank\">Facebook<\/a>\u00a0et\u00a0<a href=\"https:\/\/twitter.com\/actufr94\" rel=\"nofollow noopener\" target=\"_blank\">Twitter<\/a>\u2009<b>;<\/b><\/p>\n<p class=\" wall-content\"><b>Val-d\u2019Oise<\/b>\u2009: retrouvez La Gazette du Val-d\u2019Oise sur\u00a0<a href=\"https:\/\/www.facebook.com\/lagazetteduvaldoise\/\" rel=\"nofollow noopener\" target=\"_blank\">Facebook<\/a>\u2009; L\u2019Echo, le r\u00e9gional sur\u00a0<a href=\"https:\/\/www.facebook.com\/echo.regional\" rel=\"nofollow noopener\" target=\"_blank\">Facebook<\/a>\u00a0et C\u00f4t\u00e9 Val-d\u2019Oise sur\u00a0<a href=\"https:\/\/www.facebook.com\/Cotevaldoise\" rel=\"nofollow noopener\" target=\"_blank\">Facebook<\/a>.<\/p>\n<p class=\" wall-content\">Suivez toute l\u2019actualit\u00e9 de vos villes et m\u00e9dias favoris en vous inscrivant \u00e0 <a href=\"https:\/\/moncompte.actu.fr\" title=\"D\u00e9couvez Mon Actu\" rel=\"nofollow noopener\" data-trk=\"{&quot;cta&quot;:{&quot;action&quot;:&quot;https:\\\/\\\/moncompte.actu.fr&quot;,&quot;category&quot;:&quot;mon compte&quot;,&quot;from&quot;:&quot;article footer&quot;,&quot;name&quot;:&quot;Mon actu&quot;,&quot;type&quot;:&quot;cta&quot;}}\" target=\"_blank\">Mon Actu<\/a>.<\/p>\n<p>                    <script async src=\"https:\/\/platform.twitter.com\/widgets.js\" charset=\"utf-8\"><\/script><\/p>\n","protected":false},"excerpt":{"rendered":"Par Audrey Gruaz Publi\u00e9 le 30 mai 2025 \u00e0 11h57 Vendredi 30 mai 2025, malgr\u00e9 le soleil qui&hellip;\n","protected":false},"author":2,"featured_media":139921,"comment_status":"","ping_status":"","sticky":false,"template":"","format":"standard","meta":{"footnotes":""},"categories":[1592],"tags":[1111,11,1697,1777,674,1011,27,662,12,4594,626,2332,25,104],"class_list":{"0":"post-139920","1":"post","2":"type-post","3":"status-publish","4":"format-standard","5":"has-post-thumbnail","7":"category-ile-de-france","8":"tag-actu","9":"tag-actualites","10":"tag-concert","11":"tag-eu","12":"tag-europe","13":"tag-fr","14":"tag-france","15":"tag-ile-de-france","16":"tag-news","17":"tag-orages","18":"tag-paris","19":"tag-paris-saint-germain-psg","20":"tag-republique-francaise","21":"tag-societe"},"share_on_mastodon":{"url":"https:\/\/pubeurope.com\/@fr\/114598391556371650","error":""},"_links":{"self":[{"href":"https:\/\/www.europesays.com\/fr\/wp-json\/wp\/v2\/posts\/139920","targetHints":{"allow":["GET"]}}],"collection":[{"href":"https:\/\/www.europesays.com\/fr\/wp-json\/wp\/v2\/posts"}],"about":[{"href":"https:\/\/www.europesays.com\/fr\/wp-json\/wp\/v2\/types\/post"}],"author":[{"embeddable":true,"href":"https:\/\/www.europesays.com\/fr\/wp-json\/wp\/v2\/users\/2"}],"replies":[{"embeddable":true,"href":"https:\/\/www.europesays.com\/fr\/wp-json\/wp\/v2\/comments?post=139920"}],"version-history":[{"count":0,"href":"https:\/\/www.europesays.com\/fr\/wp-json\/wp\/v2\/posts\/139920\/revisions"}],"wp:featuredmedia":[{"embeddable":true,"href":"https:\/\/www.europesays.com\/fr\/wp-json\/wp\/v2\/media\/139921"}],"wp:attachment":[{"href":"https:\/\/www.europesays.com\/fr\/wp-json\/wp\/v2\/media?parent=139920"}],"wp:term":[{"taxonomy":"category","embeddable":true,"href":"https:\/\/www.europesays.com\/fr\/wp-json\/wp\/v2\/categories?post=139920"},{"taxonomy":"post_tag","embeddable":true,"href":"https:\/\/www.europesays.com\/fr\/wp-json\/wp\/v2\/tags?post=139920"}],"curies":[{"name":"wp","href":"https:\/\/api.w.org\/{rel}","templated":true}]}}