{"id":139922,"date":"2025-05-30T19:17:10","date_gmt":"2025-05-30T19:17:10","guid":{"rendered":"https:\/\/www.europesays.com\/fr\/139922\/"},"modified":"2025-05-30T19:17:10","modified_gmt":"2025-05-30T19:17:10","slug":"5-bars-ou-voir-la-finale-de-la-ligue-des-champions-a-metz","status":"publish","type":"post","link":"https:\/\/www.europesays.com\/fr\/139922\/","title":{"rendered":"5 bars o\u00f9 voir la finale de la Ligue des champions \u00e0 Metz"},"content":{"rendered":"<p>            Par<br \/>\n        <strong><br \/>\n            <a href=\"https:\/\/actu.fr\/auteur\/florent-arnold\" title=\"Consulter tous les articles de Florent Arnold\" rel=\"nofollow noopener\" target=\"_blank\">Florent Arnold<\/a><br \/>\n        <\/strong><\/p>\n<p>        Publi\u00e9 le<\/p>\n<p>            30 mai 2025 \u00e0 18h55        <\/p>\n<p>Samedi 31 mai 2025, \u00e0 21h, presque toute la France se retrouvera \u00e0 supporter le <a href=\"https:\/\/actu.fr\/tag\/paris-saint-germain-psg\" rel=\"nofollow noopener\" target=\"_blank\">Paris Saint-Germain<\/a> face \u00e0 l\u2019Inter Milan<strong> lors de la finale<\/strong> de la <a href=\"https:\/\/actu.fr\/tag\/ligue-des-champions\" rel=\"nofollow noopener\" target=\"_blank\">Ligue des champions<\/a>.<\/p>\n<p class=\" wall-content\"><strong>O\u00f9 voir ce match tant attendu<\/strong> \u00e0 <a href=\"https:\/\/actu.fr\/grand-est\/metz_57463\" rel=\"nofollow noopener\" target=\"_blank\">Metz<\/a>\u2009? On vous a dress\u00e9 <strong>une liste non exhaustive<\/strong> d\u2019endroits qui le diffuseront.<\/p>\n<p>Voir la finale PSG \u2013 Inter \u00e0 Metz\u2009: des bars sportifs, mais pas que<\/p>\n<p class=\" wall-content\">\u00c0 Metz, <strong>des bars sportifs<\/strong>,<strong> mais pas que<\/strong>, diffuseront la finale PSG \u2013 Inter, voici lesquels\u2009:<\/p>\n<ul class=\" wall-content\">\n<li><a href=\"https:\/\/actu.fr\/grand-est\/metz_57463\/le-red-barrel-un-bar-sportif-ouvre-a-metz-l-endroit-parfait-pour-regarder-les-jo-de-paris-2024_61406132.html\" rel=\"nofollow noopener\" target=\"_blank\">Le Red Barrel<\/a>, avenue Robert-Schuman, promet \u00ab\u2009quatre TV en simultan\u00e9, avec une ambiance comme au stade\u2009\u00bb\u2009;<\/li>\n<li><a href=\"https:\/\/actu.fr\/grand-est\/metz_57463\/un-bar-a-shooter-va-bientot-ouvrir-a-metz-il-va-y-avoir-beaucoup-de-feu_61429213.html\" rel=\"nofollow noopener\" target=\"_blank\">Le Labo<\/a>, rue de la Fontaine\u2009;<\/li>\n<li><strong>Le Vivian\u2019s Pub Fairy<\/strong>, place Saint-Louis\u2009;<\/li>\n<li><strong>Le Temple<\/strong>, rue Sainte-Marie.<\/li>\n<\/ul>\n<p class=\" wall-content\">En s\u2019excentrant un petit peu de Metz, il sera \u00e9galement possible de visionner la finale <strong>depuis le bar de <\/strong>\u00ab<strong>\u2009LE FIVE Metz<\/strong>\u2009\u00bb. Dans la majorit\u00e9 de ces bars, il est conseill\u00e9 <strong>d\u2019appeler afin de r\u00e9server une place<\/strong>.<\/p>\n<p class=\" wall-content\">Suivez toute l\u2019actualit\u00e9 de vos villes et m\u00e9dias favoris en vous inscrivant \u00e0 <a href=\"https:\/\/moncompte.actu.fr\" title=\"D\u00e9couvez Mon Actu\" rel=\"nofollow noopener\" data-trk=\"{&quot;cta&quot;:{&quot;action&quot;:&quot;https:\\\/\\\/moncompte.actu.fr&quot;,&quot;category&quot;:&quot;mon compte&quot;,&quot;from&quot;:&quot;article footer&quot;,&quot;name&quot;:&quot;Mon actu&quot;,&quot;type&quot;:&quot;cta&quot;}}\" target=\"_blank\">Mon Actu<\/a>.<\/p>\n<ul class=\"ac-article-tag wall-content\">\n<li><a href=\"https:\/\/actu.fr\/tag\/ligue-des-champions\" data-trk=\"{&quot;cta&quot;:{&quot;action&quot;:&quot;Ligue des Champions&quot;,&quot;category&quot;:&quot;tag&quot;,&quot;from&quot;:&quot;article footer&quot;,&quot;name&quot;:&quot;Ligue des Champions&quot;,&quot;type&quot;:&quot;cta&quot;}}\" rel=\"nofollow noopener\" target=\"_blank\">#Ligue des Champions<\/a><\/li>\n<li><a href=\"https:\/\/actu.fr\/tag\/paris-saint-germain-psg\" data-trk=\"{&quot;cta&quot;:{&quot;action&quot;:&quot;Paris Saint Germain (PSG)&quot;,&quot;category&quot;:&quot;tag&quot;,&quot;from&quot;:&quot;article footer&quot;,&quot;name&quot;:&quot;Paris Saint Germain (PSG)&quot;,&quot;type&quot;:&quot;cta&quot;}}\" rel=\"nofollow noopener\" target=\"_blank\">#Paris Saint Germain (PSG)<\/a><\/li>\n<\/ul>\n","protected":false},"excerpt":{"rendered":"Par Florent Arnold Publi\u00e9 le 30 mai 2025 \u00e0 18h55 Samedi 31 mai 2025, \u00e0 21h, presque toute&hellip;\n","protected":false},"author":2,"featured_media":139923,"comment_status":"","ping_status":"","sticky":false,"template":"","format":"standard","meta":{"footnotes":""},"categories":[1888],"tags":[1111,1928,11,1927,1777,674,63,1011,27,447,12,1926,626,1925,2332,25,60],"class_list":{"0":"post-139922","1":"post","2":"type-post","3":"status-publish","4":"format-standard","5":"has-post-thumbnail","7":"category-paris","8":"tag-actu","9":"tag-actu-paris","10":"tag-actualites","11":"tag-actualites-paris","12":"tag-eu","13":"tag-europe","14":"tag-football","15":"tag-fr","16":"tag-france","17":"tag-ligue-des-champions","18":"tag-news","19":"tag-news-paris","20":"tag-paris","21":"tag-paris-news","22":"tag-paris-saint-germain-psg","23":"tag-republique-francaise","24":"tag-sports"},"share_on_mastodon":{"url":"https:\/\/pubeurope.com\/@fr\/114598395500468240","error":""},"_links":{"self":[{"href":"https:\/\/www.europesays.com\/fr\/wp-json\/wp\/v2\/posts\/139922","targetHints":{"allow":["GET"]}}],"collection":[{"href":"https:\/\/www.europesays.com\/fr\/wp-json\/wp\/v2\/posts"}],"about":[{"href":"https:\/\/www.europesays.com\/fr\/wp-json\/wp\/v2\/types\/post"}],"author":[{"embeddable":true,"href":"https:\/\/www.europesays.com\/fr\/wp-json\/wp\/v2\/users\/2"}],"replies":[{"embeddable":true,"href":"https:\/\/www.europesays.com\/fr\/wp-json\/wp\/v2\/comments?post=139922"}],"version-history":[{"count":0,"href":"https:\/\/www.europesays.com\/fr\/wp-json\/wp\/v2\/posts\/139922\/revisions"}],"wp:featuredmedia":[{"embeddable":true,"href":"https:\/\/www.europesays.com\/fr\/wp-json\/wp\/v2\/media\/139923"}],"wp:attachment":[{"href":"https:\/\/www.europesays.com\/fr\/wp-json\/wp\/v2\/media?parent=139922"}],"wp:term":[{"taxonomy":"category","embeddable":true,"href":"https:\/\/www.europesays.com\/fr\/wp-json\/wp\/v2\/categories?post=139922"},{"taxonomy":"post_tag","embeddable":true,"href":"https:\/\/www.europesays.com\/fr\/wp-json\/wp\/v2\/tags?post=139922"}],"curies":[{"name":"wp","href":"https:\/\/api.w.org\/{rel}","templated":true}]}}