{"id":139924,"date":"2025-05-30T19:18:13","date_gmt":"2025-05-30T19:18:13","guid":{"rendered":"https:\/\/www.europesays.com\/fr\/139924\/"},"modified":"2025-05-30T19:18:13","modified_gmt":"2025-05-30T19:18:13","slug":"aisne-un-train-deraille-sur-la-ligne-laon-paris-3-blesses","status":"publish","type":"post","link":"https:\/\/www.europesays.com\/fr\/139924\/","title":{"rendered":"Aisne : un train d\u00e9raille sur la ligne Laon-Paris, 3 bless\u00e9s"},"content":{"rendered":"<p>Un TER a d\u00e9raill\u00e9 ce vendredi 30 mai sur la ligne Laon-Paris, provoquant un incendie dans des voitures.Trois personnes ont \u00e9t\u00e9 l\u00e9g\u00e8rement bless\u00e9es.La ligne restera coup\u00e9e plusieurs jours.<\/p>\n<p data-module=\"article-paragraph\" class=\"jsx-362436225 Paragraph Paragraph__End\">Un train sorti des voies. Un accident s&rsquo;est produit ce vendredi 30 mai sur la ligne Laon-Paris, dans l&rsquo;Aisne, indique <a href=\"https:\/\/www.aisne.gouv.fr\/Publications\/Espace-presse\/Communiques-et-dossiers-de-presse-2025\/Accident-ferroviaire-sur-la-ligne-TER-Laon-Paris\" target=\"_blank\" rel=\"noopener\">un communiqu\u00e9 (nouvelle fen\u00eatre)<\/a> de la pr\u00e9f\u00e8te du d\u00e9partement. \u00ab\u00a0T\u00f4t ce matin, un train TER circulant de Laon vers Paris a fait l&rsquo;objet d&rsquo;un accident \u00e0 la sortie de Laon, au croisement de la D750 et de la D1044\u00a0\u00bb, \u00e9crit-elle. \u00ab\u00a0Le train a d\u00e9raill\u00e9, mais est rest\u00e9 debout. Un incendie s&rsquo;est d\u00e9clar\u00e9 dans deux des douze voitures du train.\u00a0\u00bb<\/p>\n<p>Pas de retour \u00e0 la normale avant mardi 3 juin<\/p>\n<p data-module=\"article-paragraph\" class=\"jsx-362436225 Paragraph\">Au total, 25 personnes se trouvaient \u00e0 bord de ce TER. Parmi elles, trois ont \u00e9t\u00e9 l\u00e9g\u00e8rement bless\u00e9es. \u00ab\u00a0Elles ont \u00e9t\u00e9 prises en charge par les services de secours et transport\u00e9s \u00e0 l&rsquo;h\u00f4pital de Laon pour y recevoir des soins\u00a0\u00bb, fait savoir la pr\u00e9fecture. \u00ab\u00a0Un gymnase \u00e0 proximit\u00e9 du lieu de l&rsquo;accident\u00a0\u00bb a \u00e9t\u00e9 ouvert pour accueillir les autres passagers, \u00ab\u00a0le temps d&rsquo;une \u00e9valuation de leur \u00e9tat de sant\u00e9 et de s&rsquo;assurer qu&rsquo;ils pouvaient repartir sans risque\u00a0\u00bb. \u00ab\u00a0\u00c0 l&rsquo;issue, tous ont \u00e9t\u00e9 pris en charge par la SNCF et sont rentr\u00e9s chez eux.\u00a0\u00bb<\/p>\n<p data-module=\"article-paragraph\" class=\"jsx-362436225 Paragraph Paragraph__End\">Pour l&rsquo;heure, la ligne reste coup\u00e9e. \u00ab\u00a0La circulation des trains est interrompue dans les deux sens entre Soissons et Laon en raison d&rsquo;un incident de circulation dans le secteur de Clacy-Mons\u00a0\u00bb, peut-on lire sur <a href=\"https:\/\/www.sncf-connect.com\/app\/trafficInfo\" target=\"_blank\" rel=\"nofollow noopener\">le site de la SNCF (nouvelle fen\u00eatre)<\/a>. \u00ab\u00a0La reprise normale des circulations est pr\u00e9vue le mardi 3 juin \u00e0 6h.\u00a0\u00bb Des bus de substitution ont \u00e9t\u00e9 mis en place.<\/p>\n<ul class=\"jsx-3657663356 ReadMoreArticle__List flex flex-column\">\n<li class=\"jsx-3657663356\"><a href=\"https:\/\/www.tf1info.fr\/transports\/sncf-vers-une-nouvelle-greve-le-jeudi-5-juin-tgv-trains-2373643.html\" rel=\"noopener\" class=\"jsx-4233824444 Link flex\" target=\"_blank\"><img decoding=\"async\" src=\"https:\/\/www.europesays.com\/fr\/wp-content\/uploads\/2025\/05\/cgt-illustration-1-56fa14-0@1x.jpeg\" alt=\"Lire aussi\" loading=\"lazy\" importance=\"low\" fetchpriority=\"low\" class=\"\"\/>\n<p class=\"jsx-3657663356 ReadMoreArticle__Title\">Lire aussi<\/p>\n<p class=\"jsx-3657663356\">SNCF : vers une nouvelle gr\u00e8ve le jeudi 5 juin ?<\/p>\n<p><\/a><\/li>\n<\/ul>\n<p data-module=\"article-paragraph\" class=\"jsx-362436225 Paragraph\">D&rsquo;apr\u00e8s la pr\u00e9fecture de l&rsquo;Aisne, une enqu\u00eate a \u00e9t\u00e9 ouverte pour d\u00e9terminer les causes exactes de l&rsquo;accident. <a href=\"https:\/\/x.com\/VilledieuFabien\/status\/1928406329078567183\" target=\"_blank\">Sur X (nouvelle fen\u00eatre)<\/a>, le secr\u00e9taire f\u00e9d\u00e9ral SUD Rail, Fabien Villedieu, a \u00e9voqu\u00e9 une \u00ab\u00a0pince de pelle de chantier laiss\u00e9e sur les voies\u00a0\u00bb.<\/p>\n<p data-module=\"article-paragraph\" class=\"jsx-362436225 Paragraph Paragraph__End\">\u00ab\u00a0Tous les services impliqu\u00e9s ont fait preuve d&rsquo;une grande r\u00e9activit\u00e9 et d&rsquo;une coordination essentielle dans la gestion de ce type d&rsquo;\u00e9v\u00e8nement\u00a0\u00bb, a encore salu\u00e9 la pr\u00e9f\u00e8te Fanny Anor.<\/p>\n<p>I.N<\/p>\n","protected":false},"excerpt":{"rendered":"Un TER a d\u00e9raill\u00e9 ce vendredi 30 mai sur la ligne Laon-Paris, provoquant un incendie dans des voitures.Trois&hellip;\n","protected":false},"author":2,"featured_media":139925,"comment_status":"","ping_status":"","sticky":false,"template":"","format":"standard","meta":{"footnotes":""},"categories":[1888],"tags":[3085,1111,1928,11,1927,1921,1777,674,1011,27,811,1922,12,1926,626,1925,25,2215,926,2803,12310,133,8191],"class_list":{"0":"post-139924","1":"post","2":"type-post","3":"status-publish","4":"format-standard","5":"has-post-thumbnail","7":"category-paris","8":"tag-accidents","9":"tag-actu","10":"tag-actu-paris","11":"tag-actualites","12":"tag-actualites-paris","13":"tag-article-video","14":"tag-eu","15":"tag-europe","16":"tag-fr","17":"tag-france","18":"tag-hauts-de-france","19":"tag-info","20":"tag-news","21":"tag-news-paris","22":"tag-paris","23":"tag-paris-news","24":"tag-republique-francaise","25":"tag-sncf","26":"tag-train","27":"tag-transport","28":"tag-transports-en-commun-du-quotidien","29":"tag-video","30":"tag-video-transports"},"share_on_mastodon":{"url":"https:\/\/pubeurope.com\/@fr\/114598400167215749","error":""},"_links":{"self":[{"href":"https:\/\/www.europesays.com\/fr\/wp-json\/wp\/v2\/posts\/139924","targetHints":{"allow":["GET"]}}],"collection":[{"href":"https:\/\/www.europesays.com\/fr\/wp-json\/wp\/v2\/posts"}],"about":[{"href":"https:\/\/www.europesays.com\/fr\/wp-json\/wp\/v2\/types\/post"}],"author":[{"embeddable":true,"href":"https:\/\/www.europesays.com\/fr\/wp-json\/wp\/v2\/users\/2"}],"replies":[{"embeddable":true,"href":"https:\/\/www.europesays.com\/fr\/wp-json\/wp\/v2\/comments?post=139924"}],"version-history":[{"count":0,"href":"https:\/\/www.europesays.com\/fr\/wp-json\/wp\/v2\/posts\/139924\/revisions"}],"wp:featuredmedia":[{"embeddable":true,"href":"https:\/\/www.europesays.com\/fr\/wp-json\/wp\/v2\/media\/139925"}],"wp:attachment":[{"href":"https:\/\/www.europesays.com\/fr\/wp-json\/wp\/v2\/media?parent=139924"}],"wp:term":[{"taxonomy":"category","embeddable":true,"href":"https:\/\/www.europesays.com\/fr\/wp-json\/wp\/v2\/categories?post=139924"},{"taxonomy":"post_tag","embeddable":true,"href":"https:\/\/www.europesays.com\/fr\/wp-json\/wp\/v2\/tags?post=139924"}],"curies":[{"name":"wp","href":"https:\/\/api.w.org\/{rel}","templated":true}]}}