{"id":139926,"date":"2025-05-30T19:19:23","date_gmt":"2025-05-30T19:19:23","guid":{"rendered":"https:\/\/www.europesays.com\/fr\/139926\/"},"modified":"2025-05-30T19:19:23","modified_gmt":"2025-05-30T19:19:23","slug":"quinte-quinte-du-samedi-31-mai-a-auteuil-just-for-win-notre-coup-de-coeur","status":"publish","type":"post","link":"https:\/\/www.europesays.com\/fr\/139926\/","title":{"rendered":"Quint\u00e9+: Quint\u00e9+ du samedi 31 mai \u00e0 Auteuil : Just For Win, notre coup de c\u0153ur"},"content":{"rendered":"<p><strong>Les partants du Quint\u00e9+ de ce samedi 31 mai<\/strong><strong style=\"float: left;margin-left: 2%;\">PRIX HARDATIT<\/strong><strong style=\"float: right;margin-right: 2%;\">SAMEDI 31 MAI<\/strong><br \/>AUTEUIL &#8211; 3600 METRES &#8211; \u00a0<img decoding=\"async\" alt=\"picto_obstacle\" class=\"img2\" src=\"https:\/\/www.europesays.com\/fr\/wp-content\/uploads\/2025\/04\/obstacles.svg.svg+xml\"\/>D\u00c9PART : 15H15<\/p>\n<tr class=\"row1\" style=\"border: thin solid #020338; width: 50%; padding: 5px; background-color: #020338; color: #FFFFFF; text-align: left; line-height: 15px;\">N\u00b0\u00a0CHEVAL\u00a0JOCKEYPOIDS\u00a0ENTRA\u00ceNEURVALEURGAINS<\/tr>\n<tr class=\"row2\" style=\"text-align: left; background-color: #FFFFFF; line-height: 15px;\">\n<td class=\"col1\" style=\"text-align: center; width: 65px;font-weight: bold;\">1<\/td>\n<td class=\"col2\"><a href=\"https:\/\/www.equidia.fr\/chevaux\/celtic-warrior?horse_uuid=11d25a66-4119-4f4b-a7ac-3741b3ad85e4\" target=\"_blank\" rel=\"noopener\">CELTIC WARRIOR<\/a><\/td>\n<td class=\"col3\">C.LEFEBVRE<\/td>\n<td class=\"col4\">72.0 kg<\/td>\n<td class=\"col5\">SOURDEAU DE BEAUREGARD (S<\/td>\n<td class=\"col6\" style=\"text-align: center;\">61.0<\/td>\n<td class=\"col7\" style=\"text-align: right;\">84255 \u20ac<\/td>\n<\/tr>\n<tr class=\"row3\" style=\"text-align: left; background-color: rgb(218, 218, 226); line-height: 15px;\">\n<td class=\"col1\" style=\"text-align: center; width: 65px;font-weight: bold;\">2<\/td>\n<td class=\"col2\"><a href=\"https:\/\/www.equidia.fr\/chevaux\/kalibre-2?horse_uuid=bb5fd8c3-ee98-4c3a-9852-a7b6df0027d8\" target=\"_blank\" rel=\"noopener\">KALIBRE<\/a><\/td>\n<td class=\"col3\">F.GILES<\/td>\n<td class=\"col4\">71.5 kg<\/td>\n<td class=\"col5\">S.DEHEZ (S)<\/td>\n<td class=\"col6\" style=\"text-align: center;\">62.5<\/td>\n<td class=\"col7\" style=\"text-align: right;\">156515 \u20ac<\/td>\n<\/tr>\n<tr class=\"row2\" style=\"text-align: left; background-color: #FFFFFF; line-height: 15px;\">\n<td class=\"col1\" style=\"text-align: center; width: 65px;font-weight: bold;\">3<\/td>\n<td class=\"col2\"><a href=\"https:\/\/www.equidia.fr\/chevaux\/heraliste?horse_uuid=c8fce1bd-ad7b-4d0a-82f6-0621ef9d7679\" target=\"_blank\" rel=\"noopener\">HERALISTE<\/a><\/td>\n<td class=\"col3\">G.MASURE<\/td>\n<td class=\"col4\">70.5 kg<\/td>\n<td class=\"col5\">CHAILLE-CHAILLE &amp; PAMART<\/td>\n<td class=\"col6\" style=\"text-align: center;\">59.5<\/td>\n<td class=\"col7\" style=\"text-align: right;\">217180 \u20ac<\/td>\n<\/tr>\n<tr class=\"row3\" style=\"text-align: left; background-color: rgb(218, 218, 226); line-height: 15px;\">\n<td class=\"col1\" style=\"text-align: center; width: 65px;font-weight: bold;\">4<\/td>\n<td class=\"col2\"><a href=\"https:\/\/www.equidia.fr\/chevaux\/polyrisk?horse_uuid=1af47961-582f-4998-bdec-54c989fa19ed\" target=\"_blank\" rel=\"noopener\">POLYRISK<\/a><\/td>\n<td class=\"col3\">B.GELHAY<\/td>\n<td class=\"col4\">69.5 kg<\/td>\n<td class=\"col5\">F.ALLONCLE<\/td>\n<td class=\"col6\" style=\"text-align: center;\">58.5<\/td>\n<td class=\"col7\" style=\"text-align: right;\">60320 \u20ac<\/td>\n<\/tr>\n<tr class=\"row2\" style=\"text-align: left; background-color: #FFFFFF; line-height: 15px;\">\n<td class=\"col1\" style=\"text-align: center; width: 65px;font-weight: bold;\">5<\/td>\n<td class=\"col2\"><a href=\"https:\/\/www.equidia.fr\/chevaux\/fiction-du-berlais?horse_uuid=ba25853d-271e-49bb-b547-9108c6a46945\" target=\"_blank\" rel=\"noopener\">FICTION DU BERLAIS<\/a><\/td>\n<td class=\"col3\">L.ZULIANI<\/td>\n<td class=\"col4\">68.5 kg<\/td>\n<td class=\"col5\">A.BOISBRUNET (S)<\/td>\n<td class=\"col6\" style=\"text-align: center;\">57.5<\/td>\n<td class=\"col7\" style=\"text-align: right;\">122295 \u20ac<\/td>\n<\/tr>\n<tr class=\"row3\" style=\"text-align: left; background-color: rgb(218, 218, 226); line-height: 15px;\">\n<td class=\"col1\" style=\"text-align: center; width: 65px;font-weight: bold;\">6<\/td>\n<td class=\"col2\"><a href=\"https:\/\/www.equidia.fr\/chevaux\/transatlantic?horse_uuid=a54b41e5-216d-4f94-90ef-2902b70ba1e8\" target=\"_blank\" rel=\"noopener\">TRANSATLANTIC<\/a><\/td>\n<td class=\"col3\">L.BRECHET<\/td>\n<td class=\"col4\">67.5 kg<\/td>\n<td class=\"col5\">M.SEROR (S)<\/td>\n<td class=\"col6\" style=\"text-align: center;\">56.5<\/td>\n<td class=\"col7\" style=\"text-align: right;\">127361 \u20ac<\/td>\n<\/tr>\n<tr class=\"row2\" style=\"text-align: left; background-color: #FFFFFF; line-height: 15px;\">\n<td class=\"col1\" style=\"text-align: center; width: 65px;font-weight: bold;\">7<\/td>\n<td class=\"col2\"><a href=\"https:\/\/www.equidia.fr\/chevaux\/saint-langis?horse_uuid=d4c05241-a6b0-4e05-af2a-929e0e8e54a0\" target=\"_blank\" rel=\"noopener\">SAINT LANGIS<\/a><\/td>\n<td class=\"col3\">.NON PARTANT<\/td>\n<td class=\"col4\">67.5 kg<\/td>\n<td class=\"col5\">MME B.RE-SCANDELLA<\/td>\n<td class=\"col6\" style=\"text-align: center;\">56.5<\/td>\n<td class=\"col7\" style=\"text-align: right;\">114960 \u20ac<\/td>\n<\/tr>\n<tr class=\"row3\" style=\"text-align: left; background-color: rgb(218, 218, 226); line-height: 15px;\">\n<td class=\"col1\" style=\"text-align: center; width: 65px;font-weight: bold;\">8<\/td>\n<td class=\"col2\"><a href=\"https:\/\/www.equidia.fr\/chevaux\/jumper-baie?horse_uuid=3d3ff877-e8ff-4d63-b334-bf9bd6a4ef62\" target=\"_blank\" rel=\"noopener\">JUMPER BAIE<\/a><\/td>\n<td class=\"col3\">S.PLANQUE<\/td>\n<td class=\"col4\">67.0 kg<\/td>\n<td class=\"col5\">R.SCHMIDLIN<\/td>\n<td class=\"col6\" style=\"text-align: center;\">56.0<\/td>\n<td class=\"col7\" style=\"text-align: right;\">124275 \u20ac<\/td>\n<\/tr>\n<tr class=\"row2\" style=\"text-align: left; background-color: #FFFFFF; line-height: 15px;\">\n<td class=\"col1\" style=\"text-align: center; width: 65px;font-weight: bold;\">9<\/td>\n<td class=\"col2\"><a href=\"https:\/\/www.equidia.fr\/chevaux\/lion-kirikou?horse_uuid=eb09741c-e147-44fe-822a-b58edf39188b\" target=\"_blank\" rel=\"noopener\">LION KIRIKOU<\/a><\/td>\n<td class=\"col3\">C.PRICHARD<\/td>\n<td class=\"col4\">67.0 kg<\/td>\n<td class=\"col5\">JPH .DUBOIS<\/td>\n<td class=\"col6\" style=\"text-align: center;\">56.0<\/td>\n<td class=\"col7\" style=\"text-align: right;\">85750 \u20ac<\/td>\n<\/tr>\n<tr class=\"row3\" style=\"text-align: left; background-color: rgb(218, 218, 226); line-height: 15px;\">\n<td class=\"col1\" style=\"text-align: center; width: 65px;font-weight: bold;\">10<\/td>\n<td class=\"col2\"><a href=\"https:\/\/www.equidia.fr\/chevaux\/lucky-one?horse_uuid=33a47681-64df-43a9-a494-5bc8df1c89d9\" target=\"_blank\" rel=\"noopener\">LUCKY ONE<\/a><\/td>\n<td class=\"col3\">B.LESTRADE<\/td>\n<td class=\"col4\">66.0 kg<\/td>\n<td class=\"col5\">MME S.LEECH<\/td>\n<td class=\"col6\" style=\"text-align: center;\">55.0<\/td>\n<td class=\"col7\" style=\"text-align: right;\">233780 \u20ac<\/td>\n<\/tr>\n<tr class=\"row2\" style=\"text-align: left; background-color: #FFFFFF; line-height: 15px;\">\n<td class=\"col1\" style=\"text-align: center; width: 65px;font-weight: bold;\">11<\/td>\n<td class=\"col2\"><a href=\"https:\/\/www.equidia.fr\/chevaux\/illico?horse_uuid=919a624d-8138-42ee-960c-f18948a2e452\" target=\"_blank\" rel=\"noopener\">ILLICO<\/a><\/td>\n<td class=\"col3\">G.MEUNIER<\/td>\n<td class=\"col4\">66.0 kg<\/td>\n<td class=\"col5\">D.COTTIN (S)<\/td>\n<td class=\"col6\" style=\"text-align: center;\">55.0<\/td>\n<td class=\"col7\" style=\"text-align: right;\">148725 \u20ac<\/td>\n<\/tr>\n<tr class=\"row3\" style=\"text-align: left; background-color: rgb(218, 218, 226); line-height: 15px;\">\n<td class=\"col1\" style=\"text-align: center; width: 65px;font-weight: bold;\">12<\/td>\n<td class=\"col2\"><a href=\"https:\/\/www.equidia.fr\/chevaux\/just-a-joke-1?horse_uuid=9193e114-d9d6-488b-838a-fc22a6a2f29c\" target=\"_blank\" rel=\"noopener\">JUST A JOKE<\/a><\/td>\n<td class=\"col3\">A.LEPAGE<\/td>\n<td class=\"col4\">65.5 kg<\/td>\n<td class=\"col5\">S.ZULIANI (S)<\/td>\n<td class=\"col6\" style=\"text-align: center;\">54.5<\/td>\n<td class=\"col7\" style=\"text-align: right;\">32750 \u20ac<\/td>\n<\/tr>\n<tr class=\"row2\" style=\"text-align: left; background-color: #FFFFFF; line-height: 15px;\">\n<td class=\"col1\" style=\"text-align: center; width: 65px;font-weight: bold;\">13<\/td>\n<td class=\"col2\"><a href=\"https:\/\/www.equidia.fr\/chevaux\/jakarta-de-baune?horse_uuid=c08f35c3-635e-4bf3-8fe3-389a64c10878\" target=\"_blank\" rel=\"noopener\">JAKARTA DE BAUNE<\/a><\/td>\n<td class=\"col3\">A.COUPU<\/td>\n<td class=\"col4\">65.5 kg<\/td>\n<td class=\"col5\">M.NEY<\/td>\n<td class=\"col6\" style=\"text-align: center;\">54.5<\/td>\n<td class=\"col7\" style=\"text-align: right;\">29680 \u20ac<\/td>\n<\/tr>\n<tr class=\"row3\" style=\"text-align: left; background-color: rgb(218, 218, 226); line-height: 15px;\">\n<td class=\"col1\" style=\"text-align: center; width: 65px;font-weight: bold;\">14<\/td>\n<td class=\"col2\"><a href=\"https:\/\/www.equidia.fr\/chevaux\/just-for-win?horse_uuid=60c7f107-4b76-4600-a3ee-18455dcca9e0\" target=\"_blank\" rel=\"noopener\">JUST FOR WIN<\/a><\/td>\n<td class=\"col3\">C.GUITRAUD<\/td>\n<td class=\"col4\">65.0 kg<\/td>\n<td class=\"col5\">MME E.LAMBERT<\/td>\n<td class=\"col6\" style=\"text-align: center;\">54.0<\/td>\n<td class=\"col7\" style=\"text-align: right;\">17675 \u20ac<\/td>\n<\/tr>\n<tr class=\"row2\" style=\"text-align: left; background-color: #FFFFFF; line-height: 15px;\">\n<td class=\"col1\" style=\"text-align: center; width: 65px;font-weight: bold;\">15<\/td>\n<td class=\"col2\"><a href=\"https:\/\/www.equidia.fr\/chevaux\/jaborosa-1?horse_uuid=f00bfb25-4754-4050-8e9b-91fc16378966\" target=\"_blank\" rel=\"noopener\">JABOROSA<\/a><\/td>\n<td class=\"col3\">K.NABET<\/td>\n<td class=\"col4\">64.5 kg<\/td>\n<td class=\"col5\">M.SEROR (S)<\/td>\n<td class=\"col6\" style=\"text-align: center;\">53.5<\/td>\n<td class=\"col7\" style=\"text-align: right;\">65180 \u20ac<\/td>\n<\/tr>\n<tr class=\"row3\" style=\"text-align: left; background-color: rgb(218, 218, 226); line-height: 15px;\">\n<td class=\"col1\" style=\"text-align: center; width: 65px;font-weight: bold;\">16<\/td>\n<td class=\"col2\"><a href=\"https:\/\/www.equidia.fr\/chevaux\/hushua-des-obeaux?horse_uuid=dcf33e8e-2615-4cc5-8247-42bd3cbeb2ff\" target=\"_blank\" rel=\"noopener\">HUSHUA DES OBEAUX<\/a><\/td>\n<td class=\"col3\">O.JOUIN<\/td>\n<td class=\"col4\">64.0 kg<\/td>\n<td class=\"col5\">N.DEVILDER<\/td>\n<td class=\"col6\" style=\"text-align: center;\">53.0<\/td>\n<td class=\"col7\" style=\"text-align: right;\">24445 \u20ac<\/td>\n<\/tr>\n<p><strong>Les forces en pr\u00e9sence<\/strong><\/p>\n<p style=\"text-align: justify;\">Tr\u00e8s tardif, puisqu&rsquo;il a seulement d\u00e9but\u00e9 \u00e0 la fin de son ann\u00e9e de 5 ans, <a href=\"https:\/\/www.equidia.fr\/chevaux\/just-for-win?horse_uuid=60c7f107-4b76-4600-a3ee-18455dcca9e0\" target=\"_blank\" rel=\"noopener\">JUST FOR WIN (14)<\/a> vient d&rsquo;effectuer de probants d\u00e9buts sur la butte Mortemart (3e), dans une \u00e9preuve remport\u00e9e par French Baron, laur\u00e9at depuis d&rsquo;un Quint\u00e9+. Bien plac\u00e9 au poids, il pourrait bien ouvrir son palmar\u00e8s ce samedi.<\/p>\n<p style=\"text-align: justify;\"><a href=\"https:\/\/www.equidia.fr\/chevaux\/fiction-du-berlais?horse_uuid=ba25853d-271e-49bb-b547-9108c6a46945\" target=\"_blank\" rel=\"noopener\">FICTION DU BERLAIS (5)<\/a> a pu reprendre un peu de fra\u00eecheur depuis son excellente cinqui\u00e8me place dans la Grande Course de Haies de Printemps (Gr.3) et constitue un solide point d&rsquo;appui. Dou\u00e9 dans les deux sp\u00e9cialit\u00e9s, <a href=\"https:\/\/www.equidia.fr\/chevaux\/kalibre-2?horse_uuid=bb5fd8c3-ee98-4c3a-9852-a7b6df0027d8\" target=\"_blank\" rel=\"noopener\">KALIBRE (2)<\/a> retrouve le parcours de son dernier succ\u00e8s et repr\u00e9sente un choix prioritaire, tout comme <a href=\"https:\/\/www.equidia.fr\/chevaux\/jumper-baie?horse_uuid=3d3ff877-e8ff-4d63-b334-bf9bd6a4ef62\" target=\"_blank\" rel=\"noopener\">JUMPER BAIE (8)<\/a>, qui trouve un lot un peu moins relev\u00e9 que lors de ses deux derni\u00e8res sorties.<\/p>\n<p style=\"text-align: justify;\"><a href=\"https:\/\/www.equidia.fr\/chevaux\/lion-kirikou?horse_uuid=eb09741c-e147-44fe-822a-b58edf39188b\" target=\"_blank\" rel=\"noopener\">LION KIRIKOU (9)<\/a>, sur la montante apr\u00e8s une longue absence, <a href=\"https:\/\/www.equidia.fr\/chevaux\/celtic-warrior?horse_uuid=11d25a66-4119-4f4b-a7ac-3741b3ad85e4\" target=\"_blank\" rel=\"noopener\">CELTIC WARRIOR (1)<\/a>, \u00e0 ne pas condamner sur son dernier \u00e9chec en steeple, et <a href=\"https:\/\/www.equidia.fr\/chevaux\/lucky-one?horse_uuid=33a47681-64df-43a9-a494-5bc8df1c89d9\" target=\"_blank\" rel=\"noopener\">LUCKY ONE (10)<\/a>, en regain de forme, sont des possibilit\u00e9s parmi d&rsquo;autres pour les places. <a href=\"https:\/\/www.equidia.fr\/chevaux\/heraliste?horse_uuid=c8fce1bd-ad7b-4d0a-82f6-0621ef9d7679\" target=\"_blank\" rel=\"noopener\">HERALISTE (3)<\/a> n&rsquo;a encore rien montr\u00e9 cette saison, mais il d\u00e9tient une belle chance en valeur intrins\u00e8que&#8230;<\/p>\n<p><strong>Le prono de Micka\u00ebl AFRIAT<\/strong><\/p>\n<tr cellpadding=\"0\" cellspacing=\"10\" class=\"row5\" style=\"text-align: left; background-color: #FFFFFF; font-size: 130%;\">\n<td style=\"text-align: center;\">14<\/td>\n<td style=\"text-align: center;\">5<\/td>\n<td style=\"text-align: center;\">2<\/td>\n<td style=\"text-align: center;\">8<\/td>\n<td style=\"text-align: center;\">9<\/td>\n<td style=\"text-align: center;\">1<\/td>\n<td style=\"text-align: center;\">10<\/td>\n<td style=\"text-align: center;\">3<\/td>\n<\/tr>\n<tr class=\"row6\" style=\"text-align: center; background-color: #FFFFFF; column-width: 6rem;\">\n<td class=\"col14\"><img decoding=\"async\" alt=\"casaque_JUST FOR WIN\" class=\"cas\" src=\"https:\/\/www.europesays.com\/fr\/wp-content\/uploads\/2025\/05\/20250531-r1c8p14-png.png\" style=\" width: 70%;\"\/><\/p>\n<p class=\"col10\" style=\"font-size: x-small; line-height: 11px;;\">JUST FOR WIN<\/p>\n<\/td>\n<td class=\"col5\"><img decoding=\"async\" alt=\"casaque_FICTION DU BERLAIS\" class=\"cas\" src=\"https:\/\/www.europesays.com\/fr\/wp-content\/uploads\/2025\/05\/20250531-r1c8p5-png.png\" style=\" width: 70%;\"\/><\/p>\n<p class=\"col10\" style=\"font-size: x-small; line-height: 11px;;\">FICTION DU BERLAIS<\/p>\n<\/td>\n<td class=\"col2\"><img decoding=\"async\" alt=\"casaque_KALIBRE\" class=\"cas\" src=\"https:\/\/www.europesays.com\/fr\/wp-content\/uploads\/2025\/05\/20250531-r1c8p2-png.png\" style=\" width: 70%;\"\/><\/p>\n<p class=\"col10\" style=\"font-size: x-small; line-height: 11px;;\">KALIBRE<\/p>\n<\/td>\n<td class=\"col8\"><img decoding=\"async\" alt=\"casaque_JUMPER BAIE\" class=\"cas\" src=\"https:\/\/www.europesays.com\/fr\/wp-content\/uploads\/2025\/05\/20250531-r1c8p8-png.png\" style=\" width: 70%;\"\/><\/p>\n<p class=\"col10\" style=\"font-size: x-small; line-height: 11px;;\">JUMPER BAIE<\/p>\n<\/td>\n<td class=\"col9\"><img decoding=\"async\" alt=\"casaque_LION KIRIKOU\" class=\"cas\" src=\"https:\/\/www.europesays.com\/fr\/wp-content\/uploads\/2025\/05\/20250531-r1c8p9-png.png\" style=\" width: 70%;\"\/><\/p>\n<p class=\"col10\" style=\"font-size: x-small; line-height: 11px;;\">LION KIRIKOU<\/p>\n<\/td>\n<td class=\"col1\"><img decoding=\"async\" alt=\"casaque_CELTIC WARRIOR\" class=\"cas\" src=\"https:\/\/www.europesays.com\/fr\/wp-content\/uploads\/2025\/05\/20250531-r1c8p1-png.png\" style=\" width: 70%;\"\/><\/p>\n<p class=\"col10\" style=\"font-size: x-small; line-height: 11px;;\">CELTIC WARRIOR<\/p>\n<\/td>\n<td class=\"col10\"><img decoding=\"async\" alt=\"casaque_LUCKY ONE\" class=\"cas\" src=\"https:\/\/www.europesays.com\/fr\/wp-content\/uploads\/2025\/05\/20250531-r1c8p10-png.png\" style=\" width: 70%;\"\/><\/p>\n<p class=\"col10\" style=\"font-size: x-small; line-height: 11px;;\">LUCKY ONE<\/p>\n<\/td>\n<td class=\"col3\"><img decoding=\"async\" alt=\"casaque_HERALISTE\" class=\"cas\" src=\"https:\/\/www.europesays.com\/fr\/wp-content\/uploads\/2025\/05\/20250531-r1c8p3-png.png\" style=\" width: 70%;\"\/><\/p>\n<p class=\"col10\" style=\"font-size: x-small; line-height: 11px;;\">HERALISTE<\/p>\n<\/td>\n<\/tr>\n<p><a href=\"https:\/\/servedby.revive-adserver.net\/ck.php?n=a3265498&amp;cb=1234\" target=\"_blank\" rel=\"noopener\"><img decoding=\"async\" alt=\"\" border=\"0\" src=\"https:\/\/www.europesays.com\/fr\/wp-content\/uploads\/2025\/05\/1748632756_961_avw\"\/><\/a><\/p>\n<p><strong>Les partants en d\u00e9tail (par M. AFRIAT) et l&rsquo;avis des pros (par F. BOERSCH)<\/strong><\/p>\n<p id=\"ch_CELTIC WARRIOR\" style=\"margin-bottom: 1%;\"><a href=\"https:\/\/www.equidia.fr\/chevaux\/celtic-warrior?horse_uuid=11d25a66-4119-4f4b-a7ac-3741b3ad85e4\" target=\"_blank\" rel=\"noopener\">1 &#8211; \u00a0<img decoding=\"async\" alt=\"casaque_CELTIC WARRIOR\" src=\"https:\/\/www.europesays.com\/fr\/wp-content\/uploads\/2025\/05\/1748632757_680_20250531-r1c8p1-png.png\" style=\"width: 4.5%; margin :0; vertical-align : middle;\"\/>\u00a0\u00a0CELTIC WARRIOR<\/a><\/p>\n<p style=\"text-align: justify;\">Ce fils de Doctor Dino a obtenu ses meilleurs titres en steeple et disputera seulement sa troisi\u00e8me course en haies. Il aurait pr\u00e9f\u00e9r\u00e9 une piste lourde et sa valeur n&rsquo;a rien d&rsquo;un cadeau. Vu la qualit\u00e9 du lot, il n&rsquo;est tout de m\u00eame pas hors d&rsquo;affaire pour les places.<\/p>\n<p><strong>L&rsquo;avis du reporter : <\/strong><\/p>\n<p style=\"text-align: justify;\">\u00ab Celtic Warrior (1) a sign\u00e9 de belles performances en steeple, mais reste peu exp\u00e9riment\u00e9 sur les \u00ab\u00a0balais\u00a0\u00bb. Cela dit, la distance ne lui posera aucun probl\u00e8me, lui qui a d\u00e9j\u00e0 triomph\u00e9 sur 3 500 m\u00e8tres. Face \u00e0 cette opposition qui n&rsquo;a rien d&rsquo;extraordinaire, il peut l\u00e9gitimement nourrir quelques ambitions. \u00bb<\/p>\n<p id=\"ch_KALIBRE\" style=\"margin-bottom: 1%;\"><a href=\"https:\/\/www.equidia.fr\/chevaux\/kalibre-2?horse_uuid=bb5fd8c3-ee98-4c3a-9852-a7b6df0027d8\" target=\"_blank\" rel=\"noopener\">2 &#8211; \u00a0<img decoding=\"async\" alt=\"casaque_KALIBRE\" src=\"https:\/\/www.europesays.com\/fr\/wp-content\/uploads\/2025\/05\/1748632757_634_20250531-r1c8p2-png.png\" style=\"width: 4.5%; margin :0; vertical-align : middle;\"\/>\u00a0\u00a0KALIBRE<\/a><\/p>\n<p style=\"text-align: justify;\">Apr\u00e8s son succ\u00e8s dans l&rsquo;\u00e9v\u00e9nement du 24 f\u00e9vrier, sur le parcours qui nous int\u00e9resse, ce cheval \u00e9clectique a r\u00e9alis\u00e9 de belles valeurs en steeple. Il a franchi un cap cette ann\u00e9e et semble en mesure de prendre une part active \u00e0 l&rsquo;arriv\u00e9e, m\u00eame s&rsquo;il disputera sa troisi\u00e8me course en un mois.<\/p>\n<p><strong>Sylvain Dehez, entra\u00eeneur : <\/strong><\/p>\n<p style=\"text-align: justify;\">\u00ab Kalibre (2) s&rsquo;\u00e9tait bien impos\u00e9 en d\u00e9but d&rsquo;ann\u00e9e sur ce parcours. Il est encore dans un bel \u00e9tat de forme et a bien r\u00e9cup\u00e9r\u00e9 de ses derni\u00e8res sorties en steeple-chase. Je trouve que le lot est \u00e0 sa port\u00e9e. Malgr\u00e9 la p\u00e9nalisation, j&rsquo;en attends une bonne performance. \u00bb<\/p>\n<p id=\"ch_HERALISTE\" style=\"margin-bottom: 1%;\"><a href=\"https:\/\/www.equidia.fr\/chevaux\/heraliste?horse_uuid=c8fce1bd-ad7b-4d0a-82f6-0621ef9d7679\" target=\"_blank\" rel=\"noopener\">3 &#8211; \u00a0<img decoding=\"async\" alt=\"casaque_HERALISTE\" src=\"https:\/\/www.europesays.com\/fr\/wp-content\/uploads\/2025\/05\/1748632757_468_20250531-r1c8p3-png.png\" style=\"width: 4.5%; margin :0; vertical-align : middle;\"\/>\u00a0\u00a0HERALISTE<\/a><\/p>\n<p style=\"text-align: justify;\">Absent des programmes durant six mois apr\u00e8s son \u00e9clatant succ\u00e8s dans le Prix Montgomery (Gr.3), ce hongre de 8 ans a radicalement \u00e9chou\u00e9 lors de ses deux courses de remise en route. Sa valeur a chut\u00e9, mais o\u00f9 en est-il r\u00e9ellement ? \u00c0 glisser en fin de combinaison.<\/p>\n<p><strong>L&rsquo;avis du reporter : <\/strong><\/p>\n<p style=\"text-align: justify;\">\u00ab Heraliste (3) avait brillamment remport\u00e9 le convoit\u00e9 Prix Montgomery, en steeple-chase, l&rsquo;an pass\u00e9. En deux sorties cette ann\u00e9e dans la sp\u00e9cialit\u00e9 qui nous int\u00e9resse, il n&rsquo;a pas pu se mettre en \u00e9vidence et voit ainsi sa valeur diminuer. S&rsquo;il n&rsquo;est pas trop pris de vitesse, il pourrait bien refaire parler de lui. \u00bb<\/p>\n<p id=\"ch_POLYRISK\" style=\"margin-bottom: 1%;\"><a href=\"https:\/\/www.equidia.fr\/chevaux\/polyrisk?horse_uuid=1af47961-582f-4998-bdec-54c989fa19ed\" target=\"_blank\" rel=\"noopener\">4 &#8211; \u00a0<img decoding=\"async\" alt=\"casaque_POLYRISK\" src=\"https:\/\/www.europesays.com\/fr\/wp-content\/uploads\/2025\/05\/20250531-r1c8p4-png.png\" style=\"width: 4.5%; margin :0; vertical-align : middle;\"\/>\u00a0\u00a0POLYRISK<\/a><\/p>\n<p style=\"text-align: justify;\">Pour ses premiers pas dans un gros handicap, le 18 mai, il a mieux couru que ne l&rsquo;indique le classement brut (10e). Il vaut mieux que ne l&rsquo;indique sa musique r\u00e9cente, mais sa marge de man\u0153uvre est r\u00e9duite en valeur 58,5. Pour une cote.<\/p>\n<p><strong>Francis Alloncle, entra\u00eeneur : <\/strong><\/p>\n<p style=\"text-align: justify;\">\u00ab J&rsquo;ai re\u00e7u Polyrisk (4) en d\u00e9but d&rsquo;ann\u00e9e et j&rsquo;ai appris \u00e0 le conna\u00eetre. Lors de sa derni\u00e8re sortie, il a couru le jour du Grand Steeple-Chase de Paris, et l&rsquo;ambiance l&rsquo;a beaucoup tendu. Avant cela, il avait pris part \u00e0 une \u00e9preuve interrompue \u00e0 cause d&rsquo;une temp\u00eate de gr\u00eale. Nous n&rsquo;avons donc pas eu beaucoup de chance avec lui. Cela dit, je le trouve bien plac\u00e9 au poids dans cette sp\u00e9cialit\u00e9. J&rsquo;esp\u00e8re qu&rsquo;il saura se d\u00e9tendre et qu&rsquo;on pourra voir sa vraie valeur. Il est possible que je le repasse en steeple-chase par la suite, mais pour l&rsquo;heure, j&rsquo;esp\u00e8re qu&rsquo;il va bien se comporter dans ce Quint\u00e9+. \u00bb<\/p>\n<p id=\"ch_FICTION DU BERLAIS\" style=\"margin-bottom: 1%;\"><a href=\"https:\/\/www.equidia.fr\/chevaux\/fiction-du-berlais?horse_uuid=ba25853d-271e-49bb-b547-9108c6a46945\" target=\"_blank\" rel=\"noopener\">5 &#8211; \u00a0<img decoding=\"async\" alt=\"casaque_FICTION DU BERLAIS\" src=\"https:\/\/www.europesays.com\/fr\/wp-content\/uploads\/2025\/05\/1748632758_121_20250531-r1c8p5-png.png\" style=\"width: 4.5%; margin :0; vertical-align : middle;\"\/>\u00a0\u00a0FICTION DU BERLAIS<\/a><\/p>\n<p style=\"text-align: justify;\">Bonne deuxi\u00e8me du Prix Rose Or No (Listed), cette prot\u00e9g\u00e9e d&rsquo;Augustin Adeline de Boisbrunet a confirm\u00e9 sa mont\u00e9e en puissance en se classant cinqui\u00e8me de la Grande Course de Haies de Printemps (Gr.3). S\u00e9rieuse, elle devrait encore \u00eatre dans le coup.<\/p>\n<p><strong>Augustin Adeline de Boisbrunet, entra\u00eeneur : <\/strong><\/p>\n<p style=\"text-align: justify;\">\u00ab Fiction du Berlais (5) \u00e9volue dans un tr\u00e8s bel \u00e9tat de forme, comme le montrent ses derni\u00e8res performances. J&rsquo;aurais pr\u00e9f\u00e9r\u00e9 une course sur 3 900 m\u00e8tres, mais elle s&rsquo;est d\u00e9j\u00e0 tr\u00e8s bien comport\u00e9e sur la distance propos\u00e9e. Elle est assur\u00e9ment comp\u00e9titive et m\u00e9riterait de remporter son Quint\u00e9+. En tout cas, je pense que son jour est proche. Elle est pratique et s&rsquo;entend tr\u00e8s bien avec Lucas Zuliani. J&rsquo;ai fait l&rsquo;impasse sur un pr\u00e9c\u00e9dent engagement pour optimiser nos chances au maximum. Je suis confiant. \u00bb<\/p>\n<p id=\"ch_TRANSATLANTIC\" style=\"margin-bottom: 1%;\"><a href=\"https:\/\/www.equidia.fr\/chevaux\/transatlantic?horse_uuid=a54b41e5-216d-4f94-90ef-2902b70ba1e8\" target=\"_blank\" rel=\"noopener\">6 &#8211; \u00a0<img decoding=\"async\" alt=\"casaque_TRANSATLANTIC\" src=\"https:\/\/www.europesays.com\/fr\/wp-content\/uploads\/2025\/05\/20250531-r1c8p6-png.png\" style=\"width: 4.5%; margin :0; vertical-align : middle;\"\/>\u00a0\u00a0TRANSATLANTIC<\/a><\/p>\n<p style=\"text-align: justify;\">Apr\u00e8s neuf mois d&rsquo;absence, ce pensionnaire de Micka\u00ebl Seror n&rsquo;a pu finir son parcours dans le Prix Wild Risk. Laur\u00e9at d&rsquo;un \u00e9v\u00e9nement l&rsquo;\u00e9t\u00e9 dernier \u00e0 Clairefontaine, il est sans doute encore en phase de pr\u00e9paration pour le meeting estival normand. \u00c0 revoir.<\/p>\n<p><strong>Micka\u00ebl Seror, entra\u00eeneur : <\/strong><\/p>\n<p style=\"text-align: justify;\">\u00ab Transatlantic (6) a beaucoup consomm\u00e9 lors de sa rentr\u00e9e et a donc demand\u00e9 \u00e0 souffler pour finir. Il devrait appr\u00e9cier cette distance, surtout s&rsquo;il y a du rythme. Sachez qu&rsquo;il \u00e9volue sur la montante. \u00bb<\/p>\n<p id=\"ch_SAINT LANGIS\" style=\"margin-bottom: 1%;\"><a href=\"https:\/\/www.equidia.fr\/chevaux\/saint-langis?horse_uuid=d4c05241-a6b0-4e05-af2a-929e0e8e54a0\" target=\"_blank\" rel=\"noopener\">7 &#8211; \u00a0<img decoding=\"async\" alt=\"casaque_SAINT LANGIS\" src=\"https:\/\/www.europesays.com\/fr\/wp-content\/uploads\/2025\/05\/20250531-r1c8p7-png.png\" style=\"width: 4.5%; margin :0; vertical-align : middle;\"\/>\u00a0\u00a0SAINT LANGIS<\/a><\/p>\n<p style=\"text-align: justify;\">Non Partant<\/p>\n<p><strong>Brigitte R\u00e9-Scandella, entra\u00eeneur : <\/strong><\/p>\n<p style=\"text-align: justify;\">\u00ab Saint Langis (7) a d\u00e9sormais 7 ans, et j&rsquo;estime qu&rsquo;il a fini de m\u00fbrir. C&rsquo;\u00e9tait finalement un cheval plut\u00f4t tardif. Je le trouve maintenant bien costaud, et il n&rsquo;a plus de probl\u00e8mes au dos. Les courses plates lui ont vraiment fait beaucoup de bien. Pour son retour en obstacles, \u00e0 Lyon-Parilly, tout s&rsquo;est bien pass\u00e9. Il n&rsquo;\u00e9volue plus qu&rsquo;en valeur 56,5, et je pense qu&rsquo;il est comp\u00e9titif \u00e0 ce niveau. Sachez, en tout cas, que le cheval est tr\u00e8s beau actuellement. \u00bb<\/p>\n<p id=\"ch_JUMPER BAIE\" style=\"margin-bottom: 1%;\"><a href=\"https:\/\/www.equidia.fr\/chevaux\/jumper-baie?horse_uuid=3d3ff877-e8ff-4d63-b334-bf9bd6a4ef62\" target=\"_blank\" rel=\"noopener\">8 &#8211; \u00a0<img decoding=\"async\" alt=\"casaque_JUMPER BAIE\" src=\"https:\/\/www.europesays.com\/fr\/wp-content\/uploads\/2025\/05\/1748632758_989_20250531-r1c8p8-png.png\" style=\"width: 4.5%; margin :0; vertical-align : middle;\"\/>\u00a0\u00a0JUMPER BAIE<\/a><\/p>\n<p style=\"text-align: justify;\">Excellent \u00e0 deux reprises au mois de mars, il n&rsquo;a pas d\u00e9m\u00e9rit\u00e9 ensuite dans deux Quint\u00e9+ relev\u00e9s. Toutefois, il ne m\u00e9nage pas ses efforts et aurait pr\u00e9f\u00e9r\u00e9 une piste bien plus souple. Comme le lot est plus creux qu&rsquo;\u00e0 l&rsquo;accoutum\u00e9e, il a tout de m\u00eame sa place \u00e0 l&rsquo;arriv\u00e9e.<\/p>\n<p><strong>R\u00e9gis Schmidlin, entra\u00eeneur : <\/strong><\/p>\n<p style=\"text-align: justify;\">\u00ab Jumper Baie (8) ne sera pas d\u00e9rang\u00e9 par le retour sur 3 600 m\u00e8tres. Il s&rsquo;est d\u00e9j\u00e0 illustr\u00e9 \u00e0 plusieurs reprises dans cette cat\u00e9gorie, prouvant sa comp\u00e9titivit\u00e9 \u00e0 cette valeur. Il est au top, et nous en attendons logiquement un bon comportement. \u00bb<\/p>\n<p id=\"ch_LION KIRIKOU\" style=\"margin-bottom: 1%;\"><a href=\"https:\/\/www.equidia.fr\/chevaux\/lion-kirikou?horse_uuid=eb09741c-e147-44fe-822a-b58edf39188b\" target=\"_blank\" rel=\"noopener\">9 &#8211; \u00a0<img decoding=\"async\" alt=\"casaque_LION KIRIKOU\" src=\"https:\/\/www.europesays.com\/fr\/wp-content\/uploads\/2025\/05\/1748632759_863_20250531-r1c8p9-png.png\" style=\"width: 4.5%; margin :0; vertical-align : middle;\"\/>\u00a0\u00a0LION KIRIKOU<\/a><\/p>\n<p style=\"text-align: justify;\">Longtemps \u00e9loign\u00e9 des pistes apr\u00e8s un d\u00e9but de carri\u00e8re tr\u00e8s prometteur, ce repr\u00e9sentant Victoria Dreams est clairement sur la montante. Il d\u00e9bute dans les handicaps \u00e0 une valeur int\u00e9ressante, eu \u00e9gard \u00e0 ses meilleurs titres. Pour ses premiers pas \u00e0 Auteuil, il doit \u00eatre surveill\u00e9 de pr\u00e8s.<\/p>\n<p><strong>Jean-Philippe Dubois, entra\u00eeneur : <\/strong><\/p>\n<p style=\"text-align: justify;\">\u00ab Lion Kirikou (9) reste sur une bonne tentative en steeple-chase, et il est mont\u00e9 en condition depuis. Il me semble bien plac\u00e9 en haies et j&rsquo;ai h\u00e2te de voir s&rsquo;il a la pointure d&rsquo;une telle \u00e9preuve \u00e0 cette valeur. Il est \u00e9videmment plus performant dans l&rsquo;autre sp\u00e9cialit\u00e9, mais l&rsquo;engagement est int\u00e9ressant, donc je me laisse tenter. \u00bb<\/p>\n<p id=\"ch_LUCKY ONE\" style=\"margin-bottom: 1%;\"><a href=\"https:\/\/www.equidia.fr\/chevaux\/lucky-one?horse_uuid=33a47681-64df-43a9-a494-5bc8df1c89d9\" target=\"_blank\" rel=\"noopener\">10 &#8211; \u00a0<img decoding=\"async\" alt=\"casaque_LUCKY ONE\" src=\"https:\/\/www.europesays.com\/fr\/wp-content\/uploads\/2025\/05\/1748632759_436_20250531-r1c8p10-png.png\" style=\"width: 4.5%; margin :0; vertical-align : middle;\"\/>\u00a0\u00a0LUCKY ONE<\/a><\/p>\n<p style=\"text-align: justify;\">Apr\u00e8s son succ\u00e8s dans l&rsquo;\u00e9dition 2023 de la Grande Course de Haies de Printemps (Gr.3), il a connu une longue travers\u00e9e du d\u00e9sert. Son ultime tentative \u00e0 Compi\u00e8gne le montre sur la bonne voie, mais il aurait sans doute pr\u00e9f\u00e9r\u00e9 une distance plus longue. Affaire d&rsquo;impression.<\/p>\n<p><strong>Christian Leech, mari de l&rsquo;entra\u00eeneur : <\/strong><\/p>\n<p style=\"text-align: justify;\">\u00ab Nous sommes tr\u00e8s satisfaits de la condition physique de Lucky One (10). Sa derni\u00e8re course \u00e0 Compi\u00e8gne est d&rsquo;ailleurs sa meilleure performance depuis longtemps. Il adore courir en France, et c&rsquo;est ici qu&rsquo;il a r\u00e9alis\u00e9 ses meilleures valeurs. La distance du Prix Hypoth\u00e8se lui convenait beaucoup mieux, mais \u00e0 ce rating, nous devions courir ce handicap. Nous esp\u00e9rons de la pluie, car la distance sera un peu courte pour lui. Cela dit, cela ressemble \u00e0 un Quint\u00e9+ de fin de saison, moins relev\u00e9 que d&rsquo;habitude. Nous esp\u00e9rons donc une place dans les cinq premiers. \u00bb<\/p>\n<p id=\"ch_ILLICO\" style=\"margin-bottom: 1%;\"><a href=\"https:\/\/www.equidia.fr\/chevaux\/illico?horse_uuid=919a624d-8138-42ee-960c-f18948a2e452\" target=\"_blank\" rel=\"noopener\">11 &#8211; \u00a0<img decoding=\"async\" alt=\"casaque_ILLICO\" src=\"https:\/\/www.europesays.com\/fr\/wp-content\/uploads\/2025\/05\/20250531-r1c8p11-png.png\" style=\"width: 4.5%; margin :0; vertical-align : middle;\"\/>\u00a0\u00a0ILLICO<\/a><\/p>\n<p style=\"text-align: justify;\">Convaincant \u00e0 Pau durant l&rsquo;hiver 2023\/2024, cet excellent cheval de cross ne sera pas dans son registre favori ce samedi. Largement domin\u00e9 le 18 mai, dans une \u00e9preuve analogue, il semble confront\u00e9 \u00e0 trop forte partie. Gros outsider.<\/p>\n<p><strong>L&rsquo;avis du reporter : <\/strong><\/p>\n<p style=\"text-align: justify;\">\u00ab Apr\u00e8s plusieurs \u00e9checs en cross, Illico (11) n&rsquo;a pu se mettre en \u00e9vidence lors de son retour sur les \u00ab\u00a0balais\u00a0\u00bb. Il est certes abaiss\u00e9 de quatre livres, mais il aurait certainement pr\u00e9f\u00e9r\u00e9 une distance plus longue. Il doit, dans un premier temps, rassurer. \u00bb<\/p>\n<p id=\"ch_JUST A JOKE\" style=\"margin-bottom: 1%;\"><a href=\"https:\/\/www.equidia.fr\/chevaux\/just-a-joke-1?horse_uuid=9193e114-d9d6-488b-838a-fc22a6a2f29c\" target=\"_blank\" rel=\"noopener\">12 &#8211; \u00a0<img decoding=\"async\" alt=\"casaque_JUST A JOKE\" src=\"https:\/\/www.europesays.com\/fr\/wp-content\/uploads\/2025\/05\/20250531-r1c8p12-png.png\" style=\"width: 4.5%; margin :0; vertical-align : middle;\"\/>\u00a0\u00a0JUST A JOKE<\/a><\/p>\n<p style=\"text-align: justify;\">Apr\u00e8s une assez longue interruption, ce fils de Voiladenuo n&rsquo;a pu r\u00e9ellement convaincre lors de ses quatre tentatives de l&rsquo;ann\u00e9e. De plus, sa seule tentative \u00e0 Auteuil s&rsquo;est sold\u00e9e par un cuisant \u00e9chec (tomb\u00e9 alors qu&rsquo;il \u00e9tait battu). Difficile d&rsquo;y croire.<\/p>\n<p><strong>S\u00e9bastien Zuliani, entra\u00eeneur : <\/strong><\/p>\n<p style=\"text-align: justify;\">\u00ab Just a Joke (12) \u00e9tait tr\u00e8s prometteur \u00e0 4 ans et avait ainsi h\u00e9rit\u00e9 d&rsquo;une grosse valeur handicap. Il n&rsquo;a pu confirmer lors de ses deux saisons suivantes, mais il reste tout de m\u00eame \u00e0 un rating \u00e9lev\u00e9 compte tenu de ses derni\u00e8res tentatives. Je n&rsquo;ai pas un bon programme avec lui et je prends les courses les unes apr\u00e8s les autres. J&rsquo;ai trouv\u00e9 qu&rsquo;il s&rsquo;\u00e9tait plut\u00f4t bien comport\u00e9 lors de ses deux derni\u00e8res sorties et j&rsquo;esp\u00e8re qu&rsquo;il va poursuivre dans ce sens. Ce ne sera bien s\u00fbr pas simple de gagner, mais je ne serais pas surpris de le voir dans la bonne combinaison du Quint\u00e9+, surtout face \u00e0 cette opposition qui n&rsquo;est pas tr\u00e8s relev\u00e9e. C&rsquo;est l&rsquo;occasion id\u00e9ale de le revoir \u00e0 Auteuil. \u00bb<\/p>\n<p id=\"ch_JAKARTA DE BAUNE\" style=\"margin-bottom: 1%;\"><a href=\"https:\/\/www.equidia.fr\/chevaux\/jakarta-de-baune?horse_uuid=c08f35c3-635e-4bf3-8fe3-389a64c10878\" target=\"_blank\" rel=\"noopener\">13 &#8211; \u00a0<img decoding=\"async\" alt=\"casaque_JAKARTA DE BAUNE\" src=\"https:\/\/www.europesays.com\/fr\/wp-content\/uploads\/2025\/05\/20250531-r1c8p13-png.png\" style=\"width: 4.5%; margin :0; vertical-align : middle;\"\/>\u00a0\u00a0JAKARTA DE BAUNE<\/a><\/p>\n<p style=\"text-align: justify;\">Cette repr\u00e9sentante de Maxime Ney a d\u00e9sormais deux courses dans les jambes apr\u00e8s plus d&rsquo;un an d&rsquo;absence. Sa derni\u00e8re sortie est meilleure que ne l&rsquo;indique le r\u00e9sultat brut (quatri\u00e8me en net retrait), mais elle pourrait s&rsquo;av\u00e9rer insuffisante pour briller dans une telle \u00e9preuve. Second choix.<\/p>\n<p><strong>Maxime Ney, entra\u00eeneur : <\/strong><\/p>\n<p style=\"text-align: justify;\">\u00ab Apr\u00e8s une rentr\u00e9e n\u00e9cessaire au Lion d&rsquo;Angers, Jakarta de Baune (13) avait encore besoin de courir \u00e0 Nantes, mais elle a termin\u00e9 de plaisante mani\u00e8re. Elle a bien progress\u00e9 et a d&rsquo;ailleurs un poil bien plus beau. J&rsquo;h\u00e9sitais avec un engagement \u00e0 Cholet, mais c&rsquo;est vrai qu&rsquo;elle appr\u00e9cie les grands trac\u00e9s. Elle devrait donc se plaire sur cette piste. Sur cette courte distance, il devrait y avoir du rythme, ce qui va l&rsquo;avantager. Vous l&rsquo;aurez compris, j&rsquo;en attends une bonne performance. \u00bb<\/p>\n<p id=\"ch_JUST FOR WIN\" style=\"margin-bottom: 1%;\"><a href=\"https:\/\/www.equidia.fr\/chevaux\/just-for-win?horse_uuid=60c7f107-4b76-4600-a3ee-18455dcca9e0\" target=\"_blank\" rel=\"noopener\">14 &#8211; \u00a0<img decoding=\"async\" alt=\"casaque_JUST FOR WIN\" src=\"https:\/\/www.europesays.com\/fr\/wp-content\/uploads\/2025\/05\/1748632760_890_20250531-r1c8p14-png.png\" style=\"width: 4.5%; margin :0; vertical-align : middle;\"\/>\u00a0\u00a0JUST FOR WIN<\/a><\/p>\n<p style=\"text-align: justify;\">Ce hongre de 6 ans a seulement d\u00e9but\u00e9 en novembre dernier et poss\u00e8de une belle marge de progression. Il vient de s&rsquo;intercaler entre deux sujets dou\u00e9s dans le Prix Arthur Veil-Picard et semble bien plac\u00e9 en valeur 54. Notre coup de c\u0153ur.<\/p>\n<p><strong>\u00c9lodie Lambert, entra\u00eeneur : <\/strong><\/p>\n<p style=\"text-align: justify;\">\u00ab En dernier lieu, Just For Win (14) a r\u00e9alis\u00e9 une performance int\u00e9ressante pour sa premi\u00e8re tentative \u00e0 Auteuil. Nous n&rsquo;avons encore jamais couru sur une distance aussi courte, mais je ne pense pas que cela le d\u00e9range. Le cheval va porter un peu moins de poids que lors de sa derni\u00e8re sortie, ce qui sera un atout. Avant le coup, nous sommes logiquement confiants. \u00bb<\/p>\n<p id=\"ch_JABOROSA\" style=\"margin-bottom: 1%;\"><a href=\"https:\/\/www.equidia.fr\/chevaux\/jaborosa-1?horse_uuid=f00bfb25-4754-4050-8e9b-91fc16378966\" target=\"_blank\" rel=\"noopener\">15 &#8211; \u00a0<img decoding=\"async\" alt=\"casaque_JABOROSA\" src=\"https:\/\/www.europesays.com\/fr\/wp-content\/uploads\/2025\/05\/20250531-r1c8p15-png.png\" style=\"width: 4.5%; margin :0; vertical-align : middle;\"\/>\u00a0\u00a0JABOROSA<\/a><\/p>\n<p style=\"text-align: justify;\">Cette jument r\u00e9guli\u00e8re aborde ce rendez-vous en pleine forme mais n&rsquo;a pas une grande marge de man\u0153uvre en valeur 53,5. Toutefois, elle \u00e9voluera sur sa meilleure distance et son mentor est assez optimiste. \u00c0 glisser dans un champ r\u00e9duit.<\/p>\n<p><strong>Micka\u00ebl Seror, entra\u00eeneur : <\/strong><\/p>\n<p style=\"text-align: justify;\">\u00ab Jaborosa (15) est tr\u00e8s r\u00e9guli\u00e8re dans la cat\u00e9gorie des handicaps. Elle a souvent l&rsquo;habitude de participer aux deuxi\u00e8mes \u00e9preuves, mais c&rsquo;est une petite jument et porter un petit poids sera certainement un avantage. Cela va \u00eatre tr\u00e8s int\u00e9ressant de la voir dans ces conditions. \u00bb<\/p>\n<p id=\"ch_HUSHUA DES OBEAUX\" style=\"margin-bottom: 1%;\"><a href=\"https:\/\/www.equidia.fr\/chevaux\/hushua-des-obeaux?horse_uuid=dcf33e8e-2615-4cc5-8247-42bd3cbeb2ff\" target=\"_blank\" rel=\"noopener\">16 &#8211; \u00a0<img decoding=\"async\" alt=\"casaque_HUSHUA DES OBEAUX\" src=\"https:\/\/www.europesays.com\/fr\/wp-content\/uploads\/2025\/05\/20250531-r1c8p16-png.png\" style=\"width: 4.5%; margin :0; vertical-align : middle;\"\/>\u00a0\u00a0HUSHUA DES OBEAUX<\/a><\/p>\n<p style=\"text-align: justify;\">Apr\u00e8s 513 jours d&rsquo;absence, cette \u00e9l\u00e8ve de Nicolas Devilder manquait logiquement de rythme le 5 mai \u00e0 Nantes. Des progr\u00e8s sont l\u00e9gitimement attendus, mais peut-\u00eatre ne seront-il pas suffisants pour briller dans un tel lot. En bout de piste.<\/p>\n<p><strong>Nicolas Devilder, entra\u00eeneur : <\/strong><\/p>\n<p style=\"text-align: justify;\">\u00ab Hushua des Obeaux (16) a connu quelques soucis physiques et a ainsi d\u00fb \u00eatre arr\u00eat\u00e9e pendant de nombreux mois. Elle vient d&rsquo;effectuer sa rentr\u00e9e et a bien progress\u00e9 dessus. Elle \u00e9volue dans un tr\u00e8s bel \u00e9tat physique et je la pense comp\u00e9titive \u00e0 cette valeur. J&rsquo;ai longtemps h\u00e9sit\u00e9 avec un engagement \u00e0 Dieppe, mais finalement je trouve que ce Quint\u00e9+ n&rsquo;est pas tr\u00e8s relev\u00e9. C&rsquo;est une jument qui est vite sur jambes et je pense que cette distance va parfaitement lui convenir, surtout s&rsquo;il y a du rythme. Gagner ne sera pas simple, mais \u00e0 l&rsquo;issue d&rsquo;un bon parcours, on peut se placer. \u00bb<\/p>\n<p><strong>Les favoris de la presse<\/strong><\/p>\n<p class=\"synthese\"><strong>SYNTH\u00c8SE \u00a0\u00a0\u00a0\u00a05\u00a0\u00a0&#8211;\u00a0\u00a02\u00a0\u00a0&#8211;\u00a0\u00a08\u00a0\u00a0&#8211;\u00a0\u00a015\u00a0\u00a0&#8211;\u00a0\u00a03\u00a0\u00a0&#8211;\u00a0\u00a01\u00a0\u00a0&#8211;\u00a0\u00a09\u00a0\u00a0&#8211;\u00a0\u00a014<\/strong><\/p>\n<p><a href=\"https:\/\/servedby.revive-adserver.net\/ck.php?n=aa10a822&amp;cb=1234\" target=\"_blank\" rel=\"noopener\"><img decoding=\"async\" alt=\"\" border=\"0\" src=\"https:\/\/www.europesays.com\/fr\/wp-content\/uploads\/2025\/05\/1748632761_580_avw\"\/><\/a><\/p>\n<p><strong>Les stats du jour<\/strong><\/p>\n<p><img decoding=\"async\" src=\"https:\/\/www.europesays.com\/fr\/wp-content\/uploads\/2025\/05\/0531_stats-web_2025-jpg\"\/><\/p>\n<p><strong>Nos \u00e9missions de pronos<\/strong><a href=\"https:\/\/www.equidia.fr\/emissions\/3-mn-q-2023\" target=\"_blank\" rel=\"noopener\"><img decoding=\"async\" alt=\"3min-pronos\" class=\"img_prono\" src=\"https:\/\/www.europesays.com\/fr\/wp-content\/uploads\/2025\/04\/vignette-article-3min-pronos-jpg-1.jpeg\"\/><\/a>3 mn PRONOS du 31\/05<br \/>(Disponible vendredi 30 mai 2025, \u00e0 partir de 20h25)<a href=\"https:\/\/www.equidia.fr\/emissions\/ticket-gagnant-2023\" target=\"_blank\" rel=\"noopener\"><img decoding=\"async\" alt=\"ticket-gagnant\" class=\"img_prono\" src=\"https:\/\/www.europesays.com\/fr\/wp-content\/uploads\/2025\/04\/vignette-article-ticket-gagnant-jpg-1.jpeg\"\/><\/a>TICKET GAGNANT du 31\/05<br \/>(Disponible vendredi 30 mai 2025, \u00e0 partir de 20h30)<\/p>\n","protected":false},"excerpt":{"rendered":"Les partants du Quint\u00e9+ de ce samedi 31 maiPRIX HARDATITSAMEDI 31 MAIAUTEUIL &#8211; 3600 METRES &#8211; \u00a0D\u00c9PART :&hellip;\n","protected":false},"author":2,"featured_media":139927,"comment_status":"","ping_status":"","sticky":false,"template":"","format":"standard","meta":{"footnotes":""},"categories":[1888],"tags":[11,1777,674,1011,27,3014,10339,12,626,1821,3015,25],"class_list":{"0":"post-139926","1":"post","2":"type-post","3":"status-publish","4":"format-standard","5":"has-post-thumbnail","7":"category-paris","8":"tag-actualites","9":"tag-eu","10":"tag-europe","11":"tag-fr","12":"tag-france","13":"tag-galop","14":"tag-haies","15":"tag-news","16":"tag-paris","17":"tag-pronostics","18":"tag-qrcode","19":"tag-republique-francaise"},"share_on_mastodon":{"url":"https:\/\/pubeurope.com\/@fr\/114598404375595988","error":""},"_links":{"self":[{"href":"https:\/\/www.europesays.com\/fr\/wp-json\/wp\/v2\/posts\/139926","targetHints":{"allow":["GET"]}}],"collection":[{"href":"https:\/\/www.europesays.com\/fr\/wp-json\/wp\/v2\/posts"}],"about":[{"href":"https:\/\/www.europesays.com\/fr\/wp-json\/wp\/v2\/types\/post"}],"author":[{"embeddable":true,"href":"https:\/\/www.europesays.com\/fr\/wp-json\/wp\/v2\/users\/2"}],"replies":[{"embeddable":true,"href":"https:\/\/www.europesays.com\/fr\/wp-json\/wp\/v2\/comments?post=139926"}],"version-history":[{"count":0,"href":"https:\/\/www.europesays.com\/fr\/wp-json\/wp\/v2\/posts\/139926\/revisions"}],"wp:featuredmedia":[{"embeddable":true,"href":"https:\/\/www.europesays.com\/fr\/wp-json\/wp\/v2\/media\/139927"}],"wp:attachment":[{"href":"https:\/\/www.europesays.com\/fr\/wp-json\/wp\/v2\/media?parent=139926"}],"wp:term":[{"taxonomy":"category","embeddable":true,"href":"https:\/\/www.europesays.com\/fr\/wp-json\/wp\/v2\/categories?post=139926"},{"taxonomy":"post_tag","embeddable":true,"href":"https:\/\/www.europesays.com\/fr\/wp-json\/wp\/v2\/tags?post=139926"}],"curies":[{"name":"wp","href":"https:\/\/api.w.org\/{rel}","templated":true}]}}