{"id":139932,"date":"2025-05-30T19:22:09","date_gmt":"2025-05-30T19:22:09","guid":{"rendered":"https:\/\/www.europesays.com\/fr\/139932\/"},"modified":"2025-05-30T19:22:09","modified_gmt":"2025-05-30T19:22:09","slug":"fin-de-lecole-entre-crainte-et-fierte-pour-les-eleves-ukrainiens","status":"publish","type":"post","link":"https:\/\/www.europesays.com\/fr\/139932\/","title":{"rendered":"Fin de l&rsquo;\u00e9cole entre crainte et fiert\u00e9 pour les \u00e9l\u00e8ves ukrainiens"},"content":{"rendered":"<p>En regardant son fils Vladyslav, \u00e2g\u00e9 de 17 ans, obtenir son dipl\u00f4me de fin d&rsquo;\u00e9tudes secondaires \u00e0 Kiev vendredi, la militaire Oksana Baranovska a ressenti un m\u00e9lange de fiert\u00e9 et de crainte.<\/p>\n<p>Son fils a termin\u00e9 l&rsquo;\u00e9cole malgr\u00e9 des ann\u00e9es de perturbations &#8211; d&rsquo;abord \u00e0 cause de la pand\u00e9mie de coronavirus, puis de l&rsquo;invasion russe &#8211; mais elle s&rsquo;inqui\u00e8te de ce que lui r\u00e9serve l&rsquo;avenir dans un pays en guerre.<\/p>\n<p>Malgr\u00e9 les pourparlers de paix et les efforts diplomatiques d\u00e9ploy\u00e9s pour tenter de mettre un terme \u00e0 la guerre, la promotion 2025 de l&rsquo;Ukraine, comme les trois pr\u00e9c\u00e9dentes, a obtenu son dipl\u00f4me dans un pays soumis \u00e0 des bombardements quotidiens et o\u00f9 rien n&rsquo;indique que Moscou veuille mettre un terme \u00e0 son invasion.<\/p>\n<p>\u00ab\u00a0Comme toutes les m\u00e8res, je suis inqui\u00e8te pour l&rsquo;avenir de mon enfant. A l&rsquo;\u00e9cole, il \u00e9tait mieux prot\u00e9g\u00e9 en cas d&rsquo;attaques. Mais la vie adulte, malheureusement, peut \u00eatre plus difficile\u00a0\u00bb, explique \u00e0 l&rsquo;AFP Mme Baranovska, 42 ans.<\/p>\n<p>Lorsque Vladyslav aura 18 ans, il lui sera interdit de quitter le pays en vertu de la loi martiale ukrainienne. Mme Baranovska, qui travaillait comme garde-fronti\u00e8re, a confi\u00e9 avoir offert \u00e0 son fils une derni\u00e8re chance de partir \u00e0 l&rsquo;\u00e9tranger avant son anniversaire.<\/p>\n<p>Mais il a insist\u00e9 pour rester dans son pays.<\/p>\n<p>&#8211; Que Poutine aille se faire voir ! &#8211;<\/p>\n<p>Vendredi, il a particip\u00e9 \u00e0 la c\u00e9r\u00e9monie de la \u00ab\u00a0derni\u00e8re sonnerie\u00a0\u00bb de son lyc\u00e9e, une tradition qui marque symboliquement la fin de l&rsquo;ann\u00e9e scolaire.<\/p>\n<p>Des gar\u00e7ons en costume ont ensuite entra\u00een\u00e9 des filles v\u00eatues de robes blanches dans une valse dans la cour de l&rsquo;\u00e9cole. La directrice, Olga Timochenko, a pouss\u00e9 un soupir de soulagement.<\/p>\n<p>\u00ab\u00a0Nous sommes tous vivants, tous en bonne sant\u00e9, nous \u00e9tions tous ensemble. C&rsquo;est pour cela que l&rsquo;ann\u00e9e a \u00e9t\u00e9 bonne malgr\u00e9 tout\u00a0\u00bb, a-t-elle d\u00e9clar\u00e9 \u00e0 l&rsquo;AFP.<\/p>\n<p>La menace d&rsquo;attaques russes plane constamment sur les \u00e9coles d&rsquo;Ukraine. Selon Save the Children, les alertes a\u00e9riennes ont contraint les enfants \u00e0 manquer en moyenne une le\u00e7on sur cinq au cours de l&rsquo;ann\u00e9e scolaire \u00e9coul\u00e9e.<\/p>\n<p>Les Nations unies affirment que plus de 1.600 \u00e9coles ont \u00e9t\u00e9 endommag\u00e9es ou d\u00e9truites au cours des trois premi\u00e8res ann\u00e9es de la guerre.<\/p>\n<p>Dans l&rsquo;est du pays, plus proche de la ligne de front, les \u00e9coles ont \u00e9t\u00e9 forc\u00e9es de se r\u00e9fugier dans les souterrains pour se prot\u00e9ger des obus.<\/p>\n<p>Mme Timochenko fait valoir que les enfants ont appris les mesures de s\u00e9curit\u00e9. \u00ab\u00a0Lorsque l&rsquo;alarme retentit, ils sont les premiers \u00e0 se pr\u00e9cipiter, ils connaissent leur place. Vous savez, les enfants s&rsquo;adaptent \u00e0 tout tr\u00e8s rapidement\u00a0\u00bb, a-t-elle soulign\u00e9.<\/p>\n<p>La remise des dipl\u00f4mes s&rsquo;est d\u00e9roul\u00e9e sans sir\u00e8ne de raid a\u00e9rien, au grand soulagement de Vladyslav. Le jeune homme de 17 ans avait \u00e9galement un message pour les \u00e9l\u00e8ves russes, de l&rsquo;autre c\u00f4t\u00e9 de la fronti\u00e8re et de la ligne de front.<\/p>\n<p>\u00ab\u00a0S&rsquo;il vous pla\u00eet, arr\u00eatez cette guerre \u00e0 tout prix. Ce sera mieux pour vous et pour le monde entier\u00a0\u00bb, a-t-il lanc\u00e9. \u00ab\u00a0Et que Poutine aille se faire voir !\u00a0\u00bb<\/p>\n<p>bur-brw\/jc\/ial\/lpt<\/p>\n","protected":false},"excerpt":{"rendered":"En regardant son fils Vladyslav, \u00e2g\u00e9 de 17 ans, obtenir son dipl\u00f4me de fin d&rsquo;\u00e9tudes secondaires \u00e0 Kiev&hellip;\n","protected":false},"author":2,"featured_media":139933,"comment_status":"","ping_status":"","sticky":false,"template":"","format":"standard","meta":{"footnotes":""},"categories":[1590],"tags":[9080,11,1777,674,14852,14370,12,220],"class_list":{"0":"post-139932","1":"post","2":"type-post","3":"status-publish","4":"format-standard","5":"has-post-thumbnail","7":"category-ukraine","8":"tag-17-ans","9":"tag-actualites","10":"tag-eu","11":"tag-europe","12":"tag-fin-de-lannee","13":"tag-les-enfants","14":"tag-news","15":"tag-ukraine"},"share_on_mastodon":{"url":"https:\/\/pubeurope.com\/@fr\/114598415124248354","error":""},"_links":{"self":[{"href":"https:\/\/www.europesays.com\/fr\/wp-json\/wp\/v2\/posts\/139932","targetHints":{"allow":["GET"]}}],"collection":[{"href":"https:\/\/www.europesays.com\/fr\/wp-json\/wp\/v2\/posts"}],"about":[{"href":"https:\/\/www.europesays.com\/fr\/wp-json\/wp\/v2\/types\/post"}],"author":[{"embeddable":true,"href":"https:\/\/www.europesays.com\/fr\/wp-json\/wp\/v2\/users\/2"}],"replies":[{"embeddable":true,"href":"https:\/\/www.europesays.com\/fr\/wp-json\/wp\/v2\/comments?post=139932"}],"version-history":[{"count":0,"href":"https:\/\/www.europesays.com\/fr\/wp-json\/wp\/v2\/posts\/139932\/revisions"}],"wp:featuredmedia":[{"embeddable":true,"href":"https:\/\/www.europesays.com\/fr\/wp-json\/wp\/v2\/media\/139933"}],"wp:attachment":[{"href":"https:\/\/www.europesays.com\/fr\/wp-json\/wp\/v2\/media?parent=139932"}],"wp:term":[{"taxonomy":"category","embeddable":true,"href":"https:\/\/www.europesays.com\/fr\/wp-json\/wp\/v2\/categories?post=139932"},{"taxonomy":"post_tag","embeddable":true,"href":"https:\/\/www.europesays.com\/fr\/wp-json\/wp\/v2\/tags?post=139932"}],"curies":[{"name":"wp","href":"https:\/\/api.w.org\/{rel}","templated":true}]}}