{"id":139937,"date":"2025-05-30T19:25:14","date_gmt":"2025-05-30T19:25:14","guid":{"rendered":"https:\/\/www.europesays.com\/fr\/139937\/"},"modified":"2025-05-30T19:25:14","modified_gmt":"2025-05-30T19:25:14","slug":"csio-de-st-gall-et-a-la-fin-cest-lallemagne-qui-gagne","status":"publish","type":"post","link":"https:\/\/www.europesays.com\/fr\/139937\/","title":{"rendered":"CSIO de St-Gall : et \u00e0 la fin \u2026. c\u2019est l\u2019Allemagne qui gagne"},"content":{"rendered":"<p>\tAu Gr\u00fcndenmoos, l\u2019Allemagne a remport\u00e9 la Coupe des Nations avec la mani\u00e8re devant la Belgique et la Suisse, qui a altern\u00e9 le chaud et le froid.<\/p>\n<p style=\"text-align:justify\">C\u2019est \u00e0 un duel germano-belge qu\u2019a assist\u00e9 le nombreux public du Gr\u00fcndenmoos ce vendredi apr\u00e8s-midi \u00e0 l\u2019occasion de la Coupe des Nations de Suisse aux couleurs Land Rover Discovery. Impeccables en premi\u00e8re manche, l\u2019Allemagne et la Belgique ont chacune grill\u00e9 leur joker lors de la troisi\u00e8me rotation, avec trois fautes de Hans-Dieter Dreher (Elysium) et du n\u00e9ophyte Nathan Budd (Tourado Blue Z). De quoi faire grimper le suspense !\u00a0<\/p>\n<p style=\"text-align:justify\">Il en fallait plus toutefois pour d\u00e9stabiliser le finisseur allemand Richard Vogel, dont l\u2019United Touch S a aval\u00e9 les onze obstacles avec une facilit\u00e9 d\u00e9concertante. \u00ab\u00a0Je suis tr\u00e8s heureux de mon cheval, qui m\u2019a bien aid\u00e9 aujourd\u2019hui\u00a0\u00bb, a confi\u00e9 le natif de Mannheim. La Suisse r\u00e9ussit bien \u00e0 ce couple embl\u00e9matique ! Pour la Mannschaft, compos\u00e9e \u00e9galement de Marcus Ehning (Coolio) et Sophie Hinners (Iron Dames Combella), c\u2019est la 20e victoire dans cette Coupe des Nations de Suisse.\u00a0<\/p>\n<p>\tLe retour parfait de Nadja Peter Steiner\u00a0<\/p>\n<p style=\"text-align:justify\">S\u2019\u00e9lan\u00e7ant en derni\u00e8re, Emilie Conter n\u2019\u00e9tait pas loin de l\u2019exploit avec Portobella van de Fruitkorf, mais la faute en entr\u00e9e de combinaison n\u00ba11 privait la Belgique, dont l\u2019\u00e9quipe \u00e9tait compl\u00e9t\u00e9e par Jos Verlooy et Thibeau Spits, de barrage.\u00a0<\/p>\n<p style=\"text-align:justify\">3e, la Suisse aurait pu jouer les arbitres dans ce duel palpitant, mais les troupes de Peter van der Waaij ont altern\u00e9 le chaud et le froid. Nadja Peter Steiner (Mila), de retour dans l\u2019\u00e9quipe apr\u00e8s plusieurs ann\u00e9es, et Steve Guerdat (Dynamix de B\u00e9lh\u00e8me) ont d\u00e9roul\u00e9 deux parcours parfaits. Edouard Schmitz et Gamin van\u2019t Naastveldhof ont commis 8 puis 4 pts. Quant \u00e0 Martin Fuchs, il a d\u00fb composer avec un Commissar Pezi peu coop\u00e9ratif. Son Hanovrien a d\u2019abord coll\u00e9 \u00e0 la sortie au premier tour, puis a renvers\u00e9 les quatre derniers lors du second. Suivaient l&rsquo;Irlande, la France et l&rsquo;Autriche. La Grande-Bretagne (!), le Br\u00e9sil et l&rsquo;Arabie saoudite ne s&rsquo;\u00e9taient pas qualifi\u00e9s pour la seconde manche.\u00a0<\/p>\n<p style=\"text-align:justify\">Plus t\u00f4t dans la journ\u00e9e, la 150 \u00e9tait tomb\u00e9e dans l\u2019escarcelle de Roger-Yves Bost. Martin Fuchs \u00e9tait 5e avec Fortjump du Beaumenil juste devant Nadja Peter Steiner (Nice van\u2019t Zorgvliet), d\u00e9j\u00e0 14e, et Jason Smith (Picobello van\u2019t Roosakker), bon 6e de la qualificative la veille. Bryan Balsiger \u00e9tait 12e ce matin, G\u00e9raldine Straumann 11e hier. Dominik Fuhrer, Adrian Schmid et Niklaus Rutschi et Ga\u00ebtan Joliat \u00e9taient aux prix sur 145 cm. Dans le -25, Guillaume Gillioz a conduit un tour d\u2019honneur avec Emerine Z.\u00a0<\/p>\n<p>Reportage, interviews et r\u00e9actions dans le prochain n\u00b0 du Cavalier Romand. E.O.\u00a0<\/p>\n","protected":false},"excerpt":{"rendered":"Au Gr\u00fcndenmoos, l\u2019Allemagne a remport\u00e9 la Coupe des Nations avec la mani\u00e8re devant la Belgique et la Suisse,&hellip;\n","protected":false},"author":2,"featured_media":139938,"comment_status":"","ping_status":"","sticky":false,"template":"","format":"standard","meta":{"footnotes":""},"categories":[1587],"tags":[26664,11,26679,672,26670,26693,18121,26700,26676,1804,26691,26662,26707,26709,26708,12668,26715,26668,26665,26678,451,26688,2622,1805,1803,25248,26722,26695,12219,26711,1777,674,26681,26721,1801,26702,26675,26689,11462,26719,26703,26686,26696,26698,26716,3996,26710,26669,26699,26705,26685,26674,26697,26682,26692,26706,12,26667,26680,26701,26677,26718,26672,26723,26724,26704,26712,1802,26673,699,26687,26713,2004,26666,26690,26694,26720,26663,26684,26683,26671,26714,26717],"class_list":{"0":"post-139937","1":"post","2":"type-post","3":"status-publish","4":"format-standard","5":"has-post-thumbnail","7":"category-allemagne","8":"tag-actualite-equestre","9":"tag-actualites","10":"tag-alban-poudret","11":"tag-allemagne","12":"tag-attelage","13":"tag-baloubet-du-rouet","14":"tag-barre","15":"tag-beat-mandli","16":"tag-beerbaum","17":"tag-bundesrepublik-deutschland","18":"tag-calvaro","19":"tag-cavalier","20":"tag-cavalier-romand","21":"tag-cavalier-suisse","22":"tag-cavaliers-romands","23":"tag-cheval","24":"tag-christina-liebherr","25":"tag-concours-complet","26":"tag-concours-hippique","27":"tag-concours-hippique-international-de-geneve","28":"tag-coupe-du-monde","29":"tag-coupe-du-monde-rolex-fei","30":"tag-courses","31":"tag-de","32":"tag-deutschland","33":"tag-dressage","34":"tag-equipub","35":"tag-eric-lamaze","36":"tag-et","37":"tag-etalon","38":"tag-eu","39":"tag-europe","40":"tag-fuchs","41":"tag-geneva-palexpo","42":"tag-germany","43":"tag-global-champions-tour","44":"tag-guerdat","45":"tag-hickstead","46":"tag-hippisme","47":"tag-iena","48":"tag-isabel-werth","49":"tag-jalisca-solier","50":"tag-jappeloup","51":"tag-jeunes-cavaliers","52":"tag-jeux-equestres-mondiaux","53":"tag-jeux-olympiques","54":"tag-journal-equestre","55":"tag-jumping","56":"tag-juniors","57":"tag-lausanne","58":"tag-leprevost","59":"tag-magazine-equestre","60":"tag-marcus-ehning","61":"tag-martin-fuchs","62":"tag-milton","63":"tag-mulet","64":"tag-news","65":"tag-obstacles","66":"tag-pessoa","67":"tag-piste-de-concours","68":"tag-pius-schwizer","69":"tag-pmu","70":"tag-polo","71":"tag-publicite-hippique","72":"tag-publicite-hippisme","73":"tag-pully","74":"tag-reproduction","75":"tag-republique-federale-dallemagne","76":"tag-revue-equestre","77":"tag-rolex","78":"tag-rolex-fei","79":"tag-rolf-goran-bengtsson","80":"tag-roman","81":"tag-saut","82":"tag-shutterfly","83":"tag-silvana-de-hus","84":"tag-sophie-mottu","85":"tag-sports-equestres","86":"tag-staut","87":"tag-steve-guerdat","88":"tag-voltige","89":"tag-wild-card","90":"tag-world-equestrian-games"},"share_on_mastodon":{"url":"","error":"Validation failed: Text character limit of 500 exceeded"},"_links":{"self":[{"href":"https:\/\/www.europesays.com\/fr\/wp-json\/wp\/v2\/posts\/139937","targetHints":{"allow":["GET"]}}],"collection":[{"href":"https:\/\/www.europesays.com\/fr\/wp-json\/wp\/v2\/posts"}],"about":[{"href":"https:\/\/www.europesays.com\/fr\/wp-json\/wp\/v2\/types\/post"}],"author":[{"embeddable":true,"href":"https:\/\/www.europesays.com\/fr\/wp-json\/wp\/v2\/users\/2"}],"replies":[{"embeddable":true,"href":"https:\/\/www.europesays.com\/fr\/wp-json\/wp\/v2\/comments?post=139937"}],"version-history":[{"count":0,"href":"https:\/\/www.europesays.com\/fr\/wp-json\/wp\/v2\/posts\/139937\/revisions"}],"wp:featuredmedia":[{"embeddable":true,"href":"https:\/\/www.europesays.com\/fr\/wp-json\/wp\/v2\/media\/139938"}],"wp:attachment":[{"href":"https:\/\/www.europesays.com\/fr\/wp-json\/wp\/v2\/media?parent=139937"}],"wp:term":[{"taxonomy":"category","embeddable":true,"href":"https:\/\/www.europesays.com\/fr\/wp-json\/wp\/v2\/categories?post=139937"},{"taxonomy":"post_tag","embeddable":true,"href":"https:\/\/www.europesays.com\/fr\/wp-json\/wp\/v2\/tags?post=139937"}],"curies":[{"name":"wp","href":"https:\/\/api.w.org\/{rel}","templated":true}]}}