{"id":139940,"date":"2025-05-30T19:27:08","date_gmt":"2025-05-30T19:27:08","guid":{"rendered":"https:\/\/www.europesays.com\/fr\/139940\/"},"modified":"2025-05-30T19:27:08","modified_gmt":"2025-05-30T19:27:08","slug":"a-eu-une-ceremonie-du-souvenir-pour-accompagner-les-personnes-endeuillees","status":"publish","type":"post","link":"https:\/\/www.europesays.com\/fr\/139940\/","title":{"rendered":"\u00c0 Eu, une c\u00e9r\u00e9monie du souvenir, pour accompagner les personnes endeuill\u00e9es"},"content":{"rendered":"<p>            Par<br \/>\n        <strong><br \/>\n            <a href=\"https:\/\/actu.fr\/auteur\/lucas-farcy\" title=\"Consulter tous les articles de Lucas Farcy\" target=\"_blank\" rel=\"noopener\">Lucas Farcy<\/a><br \/>\n        <\/strong><\/p>\n<p>        Publi\u00e9 le<\/p>\n<p>            30 mai 2025 \u00e0 20h36        <\/p>\n<p>C\u2019est un moment<b> fort en \u00e9motions<\/b> que s\u2019appr\u00eatent \u00e0 vivre <b>des familles endeuill\u00e9es<\/b>, samedi 31 mai 2025 <a href=\"https:\/\/actu.fr\/normandie\/eu_76255\" target=\"_blank\" rel=\"noopener\">\u00e0 Eu<\/a> (Seine-Maritime) : la <b>maison fun\u00e9raire Hannedouche<\/b> organise pour la premi\u00e8re fois <b>une c\u00e9r\u00e9monie du souvenir<\/b>. Un moment d\u2019\u00e9change au cours duquel les proches de personnes d\u00e9c\u00e9d\u00e9es pourront <b>rendre hommage aux d\u00e9funts<\/b>.<\/p>\n<p class=\" wall-content\">L\u2019id\u00e9e est venue de deux assistants fun\u00e9raires, <b>Aur\u00e9lie Desmet et Ki\u00e9ran Louis<\/b>, qui ont tous deux particip\u00e9 \u00e0 des c\u00e9r\u00e9monies similaires dans d\u2019autres r\u00e9gions de France. \u00ab\u00a0Cette c\u00e9r\u00e9monie permet aux gens d\u2019honorer leur d\u00e9funt en dehors des p\u00e9riodes d\u2019obs\u00e8ques. Pour ceux qui vivent un deuil difficile, \u00e9changer avec des personnes qui vivent aussi ce moment, \u00e7a peut aider\u00a0\u00bb, explique Aur\u00e9lie Desmet.<\/p>\n<p>Vers la cr\u00e9ation d\u2019une association autour du deuil ?<\/p>\n<p class=\" wall-content\">L\u2019assistante fun\u00e9raire consid\u00e8re qu\u2019accompagner les familles au-del\u00e0 du moment des fun\u00e9railles fait partie de son m\u00e9tier : \u00ab\u00a0on ne veut pas laisser les gens dans la nature, ce n\u2019est pas \u00e7a notre m\u00e9tier. \u00c0 ma connaissance, il n\u2019y a pas de c\u00e9r\u00e9monie similaire dans la r\u00e9gion, ni d\u2019association ou de groupe de paroles pour les personnes endeuill\u00e9es\u00a0\u00bb. Aur\u00e9lie Desmet se dit d\u2019ailleurs que cette premi\u00e8re c\u00e9r\u00e9monie pourrait donner l\u2019id\u00e9e \u00e0 certain de cr\u00e9er une association autour de l\u2019accompagnement du deuil.<\/p>\n<p class=\" wall-content\">\u00ab\u00a0C\u2019est un moment pour les personnes qui restent, qui veulent rendre hommage aux d\u00e9funts et montrer qu\u2019ils n\u2019oublient pas\u00a0\u00bb poursuit Ki\u00e9ran Louis.<\/p>\n<p class=\" wall-content\">Les deux assistants fun\u00e9raires ont associ\u00e9s les id\u00e9es qu\u2019ils avaient vues chez leurs pr\u00e9c\u00e9dents employeurs en Bretagne et dans le Nord, pour construire la c\u00e9r\u00e9monie. Celle-ci d\u00e9butera par une c\u00e9r\u00e9monie dans les locaux de la maison Hannedouche, puis un temps de parole sera offert \u00e0 ceux qui veulent rendre hommage \u00e0 leurs proches. Un moment important pour certaines personnes endeuill\u00e9es, qui n\u2019ont pas toutes l\u2019opportunit\u00e9 d\u2019\u00eatre \u00e9cout\u00e9es quand ils parlent de leurs \u00e9motions face \u00e0 la mort d\u2019un proche.<\/p>\n<p>Vid\u00e9os : en ce moment sur ActuDes messages accroch\u00e9s dans un olivier<\/p>\n<p class=\" wall-content\">\u00ab\u00a0Nous sortirons ensuite, pour accrocher des messages sur les branches d\u2019un olivier\u00a0\u00bb, explique Aur\u00e9lie Desmet. Un moment o\u00f9 les familles pourront \u00e9changer entre elles, de fa\u00e7on plus informelle. L\u00e0 aussi, le dialogue peut aider certains \u00e0 faire face \u00e0 la difficile exp\u00e9rience du deuil.<\/p>\n<p class=\" wall-content\">\u00ab\u00a0Nous avons lanc\u00e9 les invitations aux personnes qui ont perdu un proche au cours de l\u2019ann\u00e9e. Les retours sont positifs, certains nous f\u00e9licitent pour la d\u00e9marche\u00a0\u00bb, conclut Aur\u00e9lie Desmet. Un point positif, pour faire de la c\u00e9r\u00e9monie du samedi 31 mai un moment qui sera renouvel\u00e9 les ann\u00e9es suivantes.<\/p>\n<p class=\" wall-content\">Suivez toute l\u2019actualit\u00e9 de vos villes et m\u00e9dias favoris en vous inscrivant \u00e0 <a href=\"https:\/\/moncompte.actu.fr\" title=\"D\u00e9couvez Mon Actu\" rel=\"nofollow noopener\" data-trk=\"{&quot;cta&quot;:{&quot;action&quot;:&quot;https:\\\/\\\/moncompte.actu.fr&quot;,&quot;category&quot;:&quot;mon compte&quot;,&quot;from&quot;:&quot;article footer&quot;,&quot;name&quot;:&quot;Mon actu&quot;,&quot;type&quot;:&quot;cta&quot;}}\" target=\"_blank\">Mon Actu<\/a>.<\/p>\n","protected":false},"excerpt":{"rendered":"Par Lucas Farcy Publi\u00e9 le 30 mai 2025 \u00e0 20h36 C\u2019est un moment fort en \u00e9motions que s\u2019appr\u00eatent&hellip;\n","protected":false},"author":2,"featured_media":139941,"comment_status":"","ping_status":"","sticky":false,"template":"","format":"standard","meta":{"footnotes":""},"categories":[1586],"tags":[11,1777,674,1779,1011,27,12,25,104,1778,364,3587],"class_list":{"0":"post-139940","1":"post","2":"type-post","3":"status-publish","4":"format-standard","5":"has-post-thumbnail","7":"category-europe","8":"tag-actualites","9":"tag-eu","10":"tag-europe","11":"tag-european-union","12":"tag-fr","13":"tag-france","14":"tag-news","15":"tag-republique-francaise","16":"tag-societe","17":"tag-ue","18":"tag-union-europeenne","19":"tag-villes-soeurs"},"share_on_mastodon":{"url":"https:\/\/pubeurope.com\/@fr\/114598435002285439","error":""},"_links":{"self":[{"href":"https:\/\/www.europesays.com\/fr\/wp-json\/wp\/v2\/posts\/139940","targetHints":{"allow":["GET"]}}],"collection":[{"href":"https:\/\/www.europesays.com\/fr\/wp-json\/wp\/v2\/posts"}],"about":[{"href":"https:\/\/www.europesays.com\/fr\/wp-json\/wp\/v2\/types\/post"}],"author":[{"embeddable":true,"href":"https:\/\/www.europesays.com\/fr\/wp-json\/wp\/v2\/users\/2"}],"replies":[{"embeddable":true,"href":"https:\/\/www.europesays.com\/fr\/wp-json\/wp\/v2\/comments?post=139940"}],"version-history":[{"count":0,"href":"https:\/\/www.europesays.com\/fr\/wp-json\/wp\/v2\/posts\/139940\/revisions"}],"wp:featuredmedia":[{"embeddable":true,"href":"https:\/\/www.europesays.com\/fr\/wp-json\/wp\/v2\/media\/139941"}],"wp:attachment":[{"href":"https:\/\/www.europesays.com\/fr\/wp-json\/wp\/v2\/media?parent=139940"}],"wp:term":[{"taxonomy":"category","embeddable":true,"href":"https:\/\/www.europesays.com\/fr\/wp-json\/wp\/v2\/categories?post=139940"},{"taxonomy":"post_tag","embeddable":true,"href":"https:\/\/www.europesays.com\/fr\/wp-json\/wp\/v2\/tags?post=139940"}],"curies":[{"name":"wp","href":"https:\/\/api.w.org\/{rel}","templated":true}]}}