{"id":139942,"date":"2025-05-30T19:28:10","date_gmt":"2025-05-30T19:28:10","guid":{"rendered":"https:\/\/www.europesays.com\/fr\/139942\/"},"modified":"2025-05-30T19:28:10","modified_gmt":"2025-05-30T19:28:10","slug":"donald-trump-salue-chaleureusement-le-patron-de-tesla-qui-quitte-la-tete-du-doge","status":"publish","type":"post","link":"https:\/\/www.europesays.com\/fr\/139942\/","title":{"rendered":"Donald Trump salue chaleureusement le patron de Tesla, qui quitte la t\u00eate du Doge"},"content":{"rendered":"<p>Le milliardaire a de son c\u00f4t\u00e9 r\u00e9pondu qu\u2019il allait continuer \u00e0 \u00eatre \u00abun ami et un conseiller\u00bb du pr\u00e9sident, et qu\u2019il avait \u00abh\u00e2te\u00bb de revenir \u00e0 la Maison-Blanche, un \u00ablieu magnifique\u00bb.<\/p>\n<p class=\"fig-paragraph\">Il lui a fait personnellement ses adieux, en conf\u00e9rence de presse.\u00a0<a href=\"http:\/\/www.lefigaro.fr\/conjoncture\/donald-trump-accuse-la-chine-d-avoir-viole-l-accord-sur-les-droits-de-douane-20250530\" target=\"_blank\" data-fig-type=\"NewsFlash\" rel=\"noopener nofollow\" data-gtm-custom-categorie=\"navigation\" data-gtm-custom-action=\"crossclick\" data-gtm-custom-label=\"Contextuel\" data-gtm-event=\"customEventSPE\" data-fig-domain=\"LEFIGARO\">Donald Trump<\/a>\u00a0a salu\u00e9 ce vendredi 30 mai \u00e0 la Maison-Blanche le \u00abformidable\u00bb\u00a0<a href=\"http:\/\/www.lefigaro.fr\/international\/les-grands-moments-d-elon-musk-pendant-ses-130-jours-au-doge-20250530\" target=\"_blank\" data-fig-type=\"NewsFlash\" rel=\"noopener nofollow\" data-gtm-custom-categorie=\"navigation\" data-gtm-custom-action=\"crossclick\" data-gtm-custom-label=\"Contextuel\" data-gtm-event=\"customEventSPE\" data-fig-domain=\"LEFIGARO\">Elon Musk<\/a>, qui a quitt\u00e9 son impopulaire r\u00f4le de conseiller \u00e0 l\u2019aust\u00e9rit\u00e9 budg\u00e9taire (Doge). Debout aux c\u00f4t\u00e9s du pr\u00e9sident des \u00c9tats-Unis, une casquette viss\u00e9e sur la t\u00eate et avec un T-shirt \u00abDogefather\u00bb (une r\u00e9f\u00e9rence au film Le Parrain, The Godfather en anglais) cach\u00e9 sous sa veste noire, il a \u00e9cout\u00e9 les longues louanges du 47e pr\u00e9sident des \u00c9tats-Unis.<\/p>\n<p class=\"fig-paragraph\">\u00abL\u2019un des plus grands capitaines d\u2019industrie du monde a mis son talent au service de notre nation. Il a pris les r\u00eanes d\u2019une des plus grandes r\u00e9formes de notre pays et, ce qu\u2019il a trouv\u00e9, lui et ses \u00e9quipes, est incroyable\u00bb, a d\u2019abord lu Donald Trump, estimant qu\u2019\u00abElon avait pris ses responsabilit\u00e9s\u00bb. \u00abOn se rappellera de vous quand nous annoncerons la fin de milliards de gaspillages et d\u2019abus.\u00bb<\/p>\n<p>Elon Musk a \u00abh\u00e2te\u00bb de revenir<\/p>\n<p class=\"fig-paragraph\">\u00c0 la t\u00eate du DOGE, Elon Musk avait pour objectif de sabrer les d\u00e9penses de l\u2019\u00c9tat f\u00e9d\u00e9ral. Mais les estimations des \u00e9conomies r\u00e9alis\u00e9es sont tr\u00e8s loin du faramineux chiffre de 2000 milliards de dollars, puis de 1000 milliards de dollars, avanc\u00e9 par l\u2019hyperactif entrepreneur de 53 ans. D\u2019apr\u00e8s une estimation du magazine The Atlantic, sa commission \u00e0 l\u2019efficacit\u00e9 gouvernementale n\u2019est parvenue \u00e0 r\u00e9aliser que 2 milliards de dollars d\u2019\u00e9conomies.<\/p>\n<p class=\"fig-paragraph\">\u00abOn continue de travailler, les chiffres pourraient doubler voire tripler \u00e0 l\u2019avenir. Cette mission ne va pas s\u2019arr\u00eater de sit\u00f4t, nous avons d\u00e9nich\u00e9 des d\u00e9penses stupides\u00bb, a repris Donald Trump, citant des \u00abexp\u00e9riences sur des souris transgenres\u00bb ou des aides \u00ababsurdes\u00bb aux migrants. \u00abNous allons peaufiner notre grande et belle loi, et cela va \u00eatre adopt\u00e9 par le Congr\u00e8s sous peu\u00bb, a-t-il ajout\u00e9. \u00abMerci Elon\u00bb, a-t-il finalement clam\u00e9. Donald Trump lui a remis un cadeau, une cl\u00e9 dor\u00e9e g\u00e9ante cens\u00e9e symboliser celle de la Maison-Blanche, avant de donner la parole au milliardaire.<\/p>\n<p class=\"fig-paragraph\">\u00abCe n\u2019est pas la fin de Doge. Ma fonction devait ne durer qu\u2019une centaine de jours, et je suis arriv\u00e9 \u00e0 son terme\u00bb, a d\u00e9clar\u00e9 Elon Musk. \u00abJe continuerai d\u2019\u00eatre un ami et un conseiller du pr\u00e9sident (&#8230;) J\u2019ai h\u00e2te de revenir, (car) c\u2019est extraordinaire d\u2019\u00eatre ici\u00bb. \u00abJe serai toujours l\u00e0 pour M. le pr\u00e9sident, s\u2019il le souhaite. S\u2019il veut me donner une mission, je l\u2019accepterai\u00bb, a-t-il poursuivi face \u00e0 la presse. Interrog\u00e9 sur les \u00e9conomies r\u00e9alis\u00e9es, Elon Musk a admis n\u2019avoir pas atteint l\u2019objectif. \u00ab\u00c0 la fin de l\u2019ann\u00e9e prochaine, nous aurons peut-\u00eatre une \u00e9conomie de 1000 milliards\u00bb, a-t-il dit.<\/p>\n","protected":false},"excerpt":{"rendered":"Le milliardaire a de son c\u00f4t\u00e9 r\u00e9pondu qu\u2019il allait continuer \u00e0 \u00eatre \u00abun ami et un conseiller\u00bb du&hellip;\n","protected":false},"author":2,"featured_media":139943,"comment_status":"","ping_status":"","sticky":false,"template":"","format":"standard","meta":{"footnotes":""},"categories":[2],"tags":[259,11,260,75,46,1011,27,14,261,12,262,25],"class_list":{"0":"post-139942","1":"post","2":"type-post","3":"status-publish","4":"format-standard","5":"has-post-thumbnail","7":"category-actualites","8":"tag-actualite-internationale","9":"tag-actualites","10":"tag-affaires-etrangeres","11":"tag-donald-trump","12":"tag-elon-musk","13":"tag-fr","14":"tag-france","15":"tag-international","16":"tag-ministere-des-affaires-etrangeres","17":"tag-news","18":"tag-politique-etrangere","19":"tag-republique-francaise"},"share_on_mastodon":{"url":"https:\/\/pubeurope.com\/@fr\/114598439055844887","error":""},"_links":{"self":[{"href":"https:\/\/www.europesays.com\/fr\/wp-json\/wp\/v2\/posts\/139942","targetHints":{"allow":["GET"]}}],"collection":[{"href":"https:\/\/www.europesays.com\/fr\/wp-json\/wp\/v2\/posts"}],"about":[{"href":"https:\/\/www.europesays.com\/fr\/wp-json\/wp\/v2\/types\/post"}],"author":[{"embeddable":true,"href":"https:\/\/www.europesays.com\/fr\/wp-json\/wp\/v2\/users\/2"}],"replies":[{"embeddable":true,"href":"https:\/\/www.europesays.com\/fr\/wp-json\/wp\/v2\/comments?post=139942"}],"version-history":[{"count":0,"href":"https:\/\/www.europesays.com\/fr\/wp-json\/wp\/v2\/posts\/139942\/revisions"}],"wp:featuredmedia":[{"embeddable":true,"href":"https:\/\/www.europesays.com\/fr\/wp-json\/wp\/v2\/media\/139943"}],"wp:attachment":[{"href":"https:\/\/www.europesays.com\/fr\/wp-json\/wp\/v2\/media?parent=139942"}],"wp:term":[{"taxonomy":"category","embeddable":true,"href":"https:\/\/www.europesays.com\/fr\/wp-json\/wp\/v2\/categories?post=139942"},{"taxonomy":"post_tag","embeddable":true,"href":"https:\/\/www.europesays.com\/fr\/wp-json\/wp\/v2\/tags?post=139942"}],"curies":[{"name":"wp","href":"https:\/\/api.w.org\/{rel}","templated":true}]}}