{"id":139948,"date":"2025-05-30T19:31:10","date_gmt":"2025-05-30T19:31:10","guid":{"rendered":"https:\/\/www.europesays.com\/fr\/139948\/"},"modified":"2025-05-30T19:31:10","modified_gmt":"2025-05-30T19:31:10","slug":"ca-va-swinguer-avec-les-commercants","status":"publish","type":"post","link":"https:\/\/www.europesays.com\/fr\/139948\/","title":{"rendered":"\u00e7a va swinguer avec les commer\u00e7ants\u00a0!"},"content":{"rendered":"<p>Ils ont d\u2019abord pens\u00e9 \u00e0 la course \u00e0 pied, au v\u00e9lo ou au football mais le terrain est d\u00e9j\u00e0 bien occup\u00e9 par des \u00e9v\u00e9nements. \u00ab\u00a0Notre id\u00e9e est aussi de faire d\u00e9couvrir une activit\u00e9 au plus grand nombre\u00a0\u00bb, explique <a href=\"https:\/\/www.republicain-lorrain.fr\/economie\/2024\/09\/04\/representer-les-250-commercants-des-deux-quartiers\" target=\"_blank\" rel=\"noopener\">Mathieu Dubreu<\/a> , le pr\u00e9sident de l\u2019association commer\u00e7ante Sablon Amphi Metz. Pourquoi pas le golf\u00a0? \u00ab\u00a0Avec les coll\u00e8gues de <a href=\"https:\/\/www.republicain-lorrain.fr\/economie\/2024\/11\/08\/un-parking-aerien-juste-pour-les-commercants\" target=\"_blank\" rel=\"noopener\"> Quartier Saint-Louis<\/a> et Quartier Jardin, on a fait ce choix d\u2019autant plus volontiers que ce sport tra\u00eene encore une image d\u2019\u00e9litisme alors que pour 20\u00a0\u20ac par mois aujourd\u2019hui, un enfant peut apprendre \u00e0 jouer.\u00a0\u00bb Le trentenaire parle d\u2019exp\u00e9rience. \u00ab\u00a0J\u2019ai toujours voulu m\u2019inscrire \u00e0 un club. Depuis une initiation l\u2019\u00e9t\u00e9 dernier, je pratique en famille.\u00a0\u00bb<\/p>\n<p>Ce contenu est bloqu\u00e9 car vous n&rsquo;avez pas accept\u00e9 les cookies et autres traceurs.<\/p>\n<p>En cliquant sur \u00ab J\u2019accepte \u00bb, les cookies et autres traceurs seront d\u00e9pos\u00e9s et vous pourrez visualiser les contenus  (<a href=\"\" class=\"consentModule_policy\" target=\"_blank\" title=\"Consulter la politique de protection des donn\u00e9es du fournisseur\">plus d&rsquo;informations<\/a>).<\/p>\n<p>En cliquant sur \u00ab J\u2019accepte tous les cookies \u00bb, vous autorisez des d\u00e9p\u00f4ts de cookies et autres traceurs pour le stockage de vos donn\u00e9es sur nos sites et applications \u00e0 des fins de personnalisation et de ciblage publicitaire.<\/p>\n<p class=\"consentModule_secondaryText\">Vous gardez la possibilit\u00e9 de retirer votre consentement \u00e0 tout moment en consultant notre <a href=\"https:\/\/www.republicain-lorrain.fr\/protection-des-donnees\" target=\"_blank\" title=\"Consulter notre politique de protection des donn\u00e9es\" rel=\"noopener\">politique de protection des donn\u00e9es<\/a>. <br \/>&#13;<br \/>\n            <a href=\"https:\/\/www.republicain-lorrain.fr\/culture-loisirs\/2025\/05\/30\/javascript:Didomi.notice.show()\" class=\"consentModule_cmp\" target=\"_blank\" rel=\"noopener\">G\u00e9rer mes choix<\/a>&#13;\n        <\/p>\n<p>&#13;<br \/>\n                        J&rsquo;accepte&#13;<br \/>\n            J&rsquo;accepte tous les cookies&#13;\n        <\/p>\n<p>  Tous niveaux<\/p>\n<p>Le 1er troph\u00e9e de golf des commer\u00e7ants de Metz se d\u00e9roulera donc ce dimanche 1er \u00a0juin, \u00e0 l\u2019Ugolf de Metz-Technop\u00f4le, \u00ab\u00a0dirig\u00e9 par Matthieu Romano et accueillant environ mille licenci\u00e9s\u00a0\u00bb. Sponsoris\u00e9e par une concession automobile \u00e9toil\u00e9e, la comp\u00e9tition est ouverte \u00e0 toutes et \u00e0 tous, peu importe le niveau de jeu, avec plus de 40 lots \u00e0 gagner, m\u00eame pour le perdant qui se verra offrir \u00ab\u00a0une heure de cours avec un pro\u00a0\u00bb. Sympa\u00a0!<\/p>\n<p>  Initi\u00e9s par deux pros<\/p>\n<p>Vous n\u2019avez jamais jou\u00e9\u00a0? Une initiation gratuite sera propos\u00e9e de 16\u00a0h \u00e0 18\u00a0h, non pas avec <a href=\"https:\/\/www.republicain-lorrain.fr\/culture-loisirs\/2025\/05\/14\/braderie-de-printemps-des-commercants-deux-jours-sinon-rien\" target=\"_blank\" rel=\"noopener\">Pierre Ieri<\/a> , l\u2019actuel pr\u00e9sident de l\u2019association commer\u00e7ante Quartier Jardin, bien class\u00e9 \u00e0 une \u00e9poque, \u00ab\u00a0mais avec deux joueurs professionnels de 25 ans, Nathan Fenot et Baptiste Brasier\u00a0\u00bb, se r\u00e9jouit Matthieu Dubreu. \u00ab\u00a0Ce sera l\u2019occasion pour le public de vivre une exp\u00e9rience au grand air, de marcher 12 \u00e0 14\u00a0km sur le green et d\u2019\u00e9prouver un v\u00e9ritable sentiment de libert\u00e9\u00a0\u00bb, note le d\u00e9butant, conquis.<\/p>\n<p>Les participants \u00ab\u00a0et d\u2019autres personnes qui le souhaitent\u00a0\u00bb pourront ensuite partager un barbecue (au prix de 15\u00a0\u20ac) en soir\u00e9e. L\u2019occasion encore d\u2019\u00e9voquer ce \u00ab\u00a0sport tr\u00e8s mental, qui demande une certaine ma\u00eetrise de soi\u00a0\u00bb.<\/p>\n<p class=\"note\">Inscriptions sur www.digitaleventsys.com ou directement \u00e0 l\u2019accueil du golf. T\u00e9l.\u00a003\u00a087\u00a078\u00a071\u00a004.<\/p>\n","protected":false},"excerpt":{"rendered":"Ils ont d\u2019abord pens\u00e9 \u00e0 la course \u00e0 pied, au v\u00e9lo ou au football mais le terrain est&hellip;\n","protected":false},"author":2,"featured_media":139949,"comment_status":"","ping_status":"","sticky":false,"template":"","format":"standard","meta":{"footnotes":""},"categories":[1418],"tags":[4406,1687,33,5598,1011,27,1472,6212,6213,104,60,1631],"class_list":{"0":"post-139948","1":"post","2":"type-post","3":"status-publish","4":"format-standard","5":"has-post-thumbnail","7":"category-golf","8":"tag-commerce-et-services","9":"tag-culture-loisirs","10":"tag-economie","11":"tag-edition-metz-et-agglomeration","12":"tag-fr","13":"tag-france","14":"tag-golf","15":"tag-metz","16":"tag-metz-ville-57b","17":"tag-societe","18":"tag-sports","19":"tag-vie-associative"},"share_on_mastodon":{"url":"https:\/\/pubeurope.com\/@fr\/114598450625438886","error":""},"_links":{"self":[{"href":"https:\/\/www.europesays.com\/fr\/wp-json\/wp\/v2\/posts\/139948","targetHints":{"allow":["GET"]}}],"collection":[{"href":"https:\/\/www.europesays.com\/fr\/wp-json\/wp\/v2\/posts"}],"about":[{"href":"https:\/\/www.europesays.com\/fr\/wp-json\/wp\/v2\/types\/post"}],"author":[{"embeddable":true,"href":"https:\/\/www.europesays.com\/fr\/wp-json\/wp\/v2\/users\/2"}],"replies":[{"embeddable":true,"href":"https:\/\/www.europesays.com\/fr\/wp-json\/wp\/v2\/comments?post=139948"}],"version-history":[{"count":0,"href":"https:\/\/www.europesays.com\/fr\/wp-json\/wp\/v2\/posts\/139948\/revisions"}],"wp:featuredmedia":[{"embeddable":true,"href":"https:\/\/www.europesays.com\/fr\/wp-json\/wp\/v2\/media\/139949"}],"wp:attachment":[{"href":"https:\/\/www.europesays.com\/fr\/wp-json\/wp\/v2\/media?parent=139948"}],"wp:term":[{"taxonomy":"category","embeddable":true,"href":"https:\/\/www.europesays.com\/fr\/wp-json\/wp\/v2\/categories?post=139948"},{"taxonomy":"post_tag","embeddable":true,"href":"https:\/\/www.europesays.com\/fr\/wp-json\/wp\/v2\/tags?post=139948"}],"curies":[{"name":"wp","href":"https:\/\/api.w.org\/{rel}","templated":true}]}}