{"id":139955,"date":"2025-05-30T19:37:13","date_gmt":"2025-05-30T19:37:13","guid":{"rendered":"https:\/\/www.europesays.com\/fr\/139955\/"},"modified":"2025-05-30T19:37:13","modified_gmt":"2025-05-30T19:37:13","slug":"pas-totalement-satisfait-verstappen-a-toutefois-connu-pire-vendredi","status":"publish","type":"post","link":"https:\/\/www.europesays.com\/fr\/139955\/","title":{"rendered":"Pas totalement satisfait, Verstappen a toutefois connu \u00ab\u00a0pire vendredi\u00a0\u00bb"},"content":{"rendered":"<p><a href=\"https:\/\/fr.motorsport.com\/driver\/max-verstappen\/93029\/\" target=\"_blank\" rel=\"noopener\">Max Verstappen<\/a> a v\u00e9cu un vendredi plut\u00f4t int\u00e9ressant au Grand Prix d&rsquo;Espagne 2025 de F1, le N\u00e9erlandais signant le deuxi\u00e8me temps des EL1 puis le troisi\u00e8me des EL2. Cependant, \u00e0 chaque fois, il accusait un retard de trois dixi\u00e8mes ou plus sur la meilleure marque, sign\u00e9e par une <a href=\"https:\/\/fr.motorsport.com\/team\/mclaren\/609\/\" target=\"_blank\" rel=\"noopener\">McLaren<\/a>.\u00a0<\/p>\n<p>Au sortir de ce roulage initial \u00e0 Barcelone, o\u00f9 <a href=\"https:\/\/fr.motorsport.com\/team\/red-bull\/553\/\" target=\"_blank\" rel=\"noopener\">Red Bull<\/a> est attendue plus en forme que sur certaines autres pistes du premier tiers de saison, le quadruple champion du monde a paru tout de m\u00eame relativement satisfait m\u00eame s&rsquo;il ne s&rsquo;extasie pas\u00a0: \u00ab\u00a0C&rsquo;\u00e9tait un vendredi correct. Nous avons connu pires vendredis, mais oui, j&rsquo;\u00e9tais un peu plus satisfait de la voiture. Je pense que nous ne sommes pas encore tout \u00e0 fait au niveau que nous souhaitons, mais c&rsquo;\u00e9tait d\u00e9j\u00e0 un peu plus positif.\u00a0\u00bb<\/p>\n<p>Ce jeudi, Verstappen avait expliqu\u00e9 que s&rsquo;il retrouvait des sensations proches de celles d&rsquo;Imola, il serait heureux. Est-ce le cas\u00a0?\u00a0\u00ab\u00a0Non, bien s\u00fbr, chaque circuit est un peu diff\u00e9rent. Mais en termes de sensations, je veux encore am\u00e9liorer la voiture. Mais j&rsquo;ai aussi connu des vendredis o\u00f9 nous \u00e9tions compl\u00e8tement \u00e0 c\u00f4t\u00e9 de la plaque. Donc oui, je dirais que nous sommes un peu plus &lsquo;au milieu&rsquo;.\u00a0\u00bb<\/p>\n<p>Enfin, interrog\u00e9 sur l&rsquo;impact vraisemblablement limit\u00e9 &#8211; en tout cas au vu de la hi\u00e9rarchie de ces premi\u00e8res s\u00e9ances &#8211; des tests de d\u00e9formation renforc\u00e9s des ailerons avant, Verstappen de r\u00e9pondre : \u00ab\u00a0Si vous regardez le classement, [\u00e7a n&rsquo;a] pas [chang\u00e9] grand-chose. Mais de mon c\u00f4t\u00e9, je ne m&rsquo;attendais pas vraiment \u00e0 ce que ce soit le cas.\u00a0\u00bb<\/p>\n<p>De l&rsquo;autre c\u00f4t\u00e9 du garage Red Bull, la situation est plus dure pour <a href=\"https:\/\/fr.motorsport.com\/driver\/yuki-tsunoda\/828578\/\" target=\"_blank\" rel=\"noopener\">Yuki Tsunoda<\/a>, rel\u00e9gu\u00e9 \u00e0 neuf dixi\u00e8mes du meilleur temps et six dixi\u00e8mes de son \u00e9quipier. \u00ab\u00a0C&rsquo;est vraiment difficile, honn\u00eatement. Ce n&rsquo;est pas comme si j&rsquo;avais commis une \u00e9norme erreur et que j&rsquo;\u00e9tais tr\u00e8s loin derri\u00e8re [\u00e0 cause d&rsquo;elle]. Si j&rsquo;avais commis une erreur et obtenu ce r\u00e9sultat, je serais content, en fait. Mais ce n&rsquo;est pas le cas. La nuit sera donc probablement plus longue que d&rsquo;habitude. [&#8230;] Je fais de mon mieux pour trouver une solution. Mais pour l&rsquo;instant, ce n&rsquo;est pas tr\u00e8s clair.\u00a0\u00bb<\/p>\n<p style=\"text-align: right;\">Avec Haydn Cobb<\/p>\n<p>Lire aussi :<\/p>\n<p>Dans cet article<\/p>\n<p>    Fabien Gaillard\n<\/p>\n<p>    Formule 1\n<\/p>\n<p>    Max Verstappen\n<\/p>\n<p>    Red Bull\n<\/p>\n<p>Soyez le premier inform\u00e9 et souscrivez aux alertes mails pour recevoir les infos en temps r\u00e9el<\/p>\n<p>    S&rsquo;abonner aux alertes de news<\/p>\n","protected":false},"excerpt":{"rendered":"Max Verstappen a v\u00e9cu un vendredi plut\u00f4t int\u00e9ressant au Grand Prix d&rsquo;Espagne 2025 de F1, le N\u00e9erlandais signant&hellip;\n","protected":false},"author":2,"featured_media":139956,"comment_status":"","ping_status":"","sticky":false,"template":"","format":"standard","meta":{"footnotes":""},"categories":[1412],"tags":[25466,1451,1452,1453,1454,1455,1011,27,12529,2236,2255,60],"class_list":{"0":"post-139955","1":"post","2":"type-post","3":"status-publish","4":"format-standard","5":"has-post-thumbnail","7":"category-f1","8":"tag-circuit-de-barcelona-catalunya","9":"tag-f1","10":"tag-formula-1","11":"tag-formula1","12":"tag-formule-1","13":"tag-formule1","14":"tag-fr","15":"tag-france","16":"tag-gp-despagne","17":"tag-max-verstappen","18":"tag-red-bull","19":"tag-sports"},"share_on_mastodon":{"url":"https:\/\/pubeurope.com\/@fr\/114598474076531955","error":""},"_links":{"self":[{"href":"https:\/\/www.europesays.com\/fr\/wp-json\/wp\/v2\/posts\/139955","targetHints":{"allow":["GET"]}}],"collection":[{"href":"https:\/\/www.europesays.com\/fr\/wp-json\/wp\/v2\/posts"}],"about":[{"href":"https:\/\/www.europesays.com\/fr\/wp-json\/wp\/v2\/types\/post"}],"author":[{"embeddable":true,"href":"https:\/\/www.europesays.com\/fr\/wp-json\/wp\/v2\/users\/2"}],"replies":[{"embeddable":true,"href":"https:\/\/www.europesays.com\/fr\/wp-json\/wp\/v2\/comments?post=139955"}],"version-history":[{"count":0,"href":"https:\/\/www.europesays.com\/fr\/wp-json\/wp\/v2\/posts\/139955\/revisions"}],"wp:featuredmedia":[{"embeddable":true,"href":"https:\/\/www.europesays.com\/fr\/wp-json\/wp\/v2\/media\/139956"}],"wp:attachment":[{"href":"https:\/\/www.europesays.com\/fr\/wp-json\/wp\/v2\/media?parent=139955"}],"wp:term":[{"taxonomy":"category","embeddable":true,"href":"https:\/\/www.europesays.com\/fr\/wp-json\/wp\/v2\/categories?post=139955"},{"taxonomy":"post_tag","embeddable":true,"href":"https:\/\/www.europesays.com\/fr\/wp-json\/wp\/v2\/tags?post=139955"}],"curies":[{"name":"wp","href":"https:\/\/api.w.org\/{rel}","templated":true}]}}