{"id":139957,"date":"2025-05-30T19:38:08","date_gmt":"2025-05-30T19:38:08","guid":{"rendered":"https:\/\/www.europesays.com\/fr\/139957\/"},"modified":"2025-05-30T19:38:08","modified_gmt":"2025-05-30T19:38:08","slug":"cyclisme-alpes-isere-tour-matteo-milan-sest-adjuge-la-3e-etape-devant-aubin-sparfel","status":"publish","type":"post","link":"https:\/\/www.europesays.com\/fr\/139957\/","title":{"rendered":"Cyclisme. Alpes Is\u00e8re Tour &#8211; Matteo Milan s&rsquo;est adjug\u00e9 la 3e \u00e9tape devant Aubin Sparfel"},"content":{"rendered":"<p>Apr\u00e8s une seconde \u00e9tape promise au puncheurs et ayant consacr\u00e9 l&rsquo;Allemand <strong><a href=\"https:\/\/www.cyclismactu.net\/..\/news-cyclisme-route-alpes-isere-tour-moritz-kretschy-2e-etape-valentin-darbellay-en-jaune-88114.html\" target=\"_blank\" rel=\"noopener\">Moritz Krteschy<\/a><\/strong>, la troisi\u00e8me \u00e9tape de l&rsquo;<strong>Alpes Is\u00e8re Tour<\/strong>, une course r\u00e9serv\u00e9e aux espoirs,\u00a0entre Colombien-Saugnieu et Jons faisait \u00e0 nouveau la part belle aux sprinteurs. A l&rsquo;arriv\u00e9e, c&rsquo;est l&rsquo;Italien <strong><a href=\"https:\/\/www.cyclismactu.net\/..\/news-porec-classic-route-matteo-milan-frere-de-jonathan-sait-aussi-gagner-sprint-86743.html\" target=\"_blank\" rel=\"noopener\">Matteo Milan<\/a><\/strong>\u00a0(Lidl &#8211; Trek Future Racing) qui a r\u00e9gl\u00e9 l&#8217;emballage final en devan\u00e7ant au sprint les Fran\u00e7ais <strong>Aubin Sparfel <\/strong>(Decathlon AG2R La Mondiale Development Team) et <strong>Antoine Raugel <\/strong>(V\u00e9lo Club Villefranche Beaujolais).<\/p>\n<p>Vid\u00e9o &#8211; La victoire d&rsquo;Aubin Sparfel sur le Tour du Finist\u00e8re 2025 Lire la suite de l&rsquo;article&#13;<\/p>\n<p>\u00a0<\/p>\n<p>&#13;<br \/>\nMatteo Milan imite son fr\u00e8re&#13;<\/p>\n<p>A l&rsquo;instar de <strong>Jonathan Milan <\/strong>(Lidl &#8211; Trek), son fr\u00e8re ain\u00e9, <strong>Matteo Milan <\/strong>a r\u00e9gl\u00e9 le sprint final apr\u00e8s que les \u00e9chapp\u00e9s aient \u00e9t\u00e9 repris \u00e0 pr\u00e8s de 10 km de l&rsquo;arriv\u00e9e sur une erreur d&rsquo;itineraire. Derri\u00e8re, <strong><a href=\"https:\/\/www.cyclismactu.net\/..\/news-tour-du-finistere-route-la-pepite-aubin-sparfel-s-impose-1er-succes-pro-19-ans-87752.html\" target=\"_blank\" rel=\"noopener\">Aubin Sparfel<\/a><\/strong>, vainqueur du <strong>Tour du Finist\u00e8re<\/strong>\u00a0avec l&rsquo;\u00e9quipe WorldTour\u00a0<strong>Decathlon AG2R La Mondiale Team<\/strong>\u00a0termine second. Pas de changements notables au classement g\u00e9n\u00e9ral puisque <strong>Valentin Darbellay <\/strong>(Elite Fondations Cycling Team)\u00a0reste leader devant <strong>Piettro Mattio <\/strong>(Team Visma | Lease a Bike Development).<\/p>\n","protected":false},"excerpt":{"rendered":"Apr\u00e8s une seconde \u00e9tape promise au puncheurs et ayant consacr\u00e9 l&rsquo;Allemand Moritz Krteschy, la troisi\u00e8me \u00e9tape de l&rsquo;Alpes&hellip;\n","protected":false},"author":2,"featured_media":139958,"comment_status":"","ping_status":"","sticky":false,"template":"","format":"standard","meta":{"footnotes":""},"categories":[1411],"tags":[25260,1154,207,211,1011,27,209,60,210,212,208,213],"class_list":{"0":"post-139957","1":"post","2":"type-post","3":"status-publish","4":"format-standard","5":"has-post-thumbnail","7":"category-cyclisme","8":"tag-alpes-isere-tour","9":"tag-cycling","10":"tag-cyclisme","11":"tag-ffc","12":"tag-fr","13":"tag-france","14":"tag-route","15":"tag-sports","16":"tag-tour-de-france","17":"tag-uci","18":"tag-velo","19":"tag-world-tour"},"share_on_mastodon":{"url":"https:\/\/pubeurope.com\/@fr\/114598478081065234","error":""},"_links":{"self":[{"href":"https:\/\/www.europesays.com\/fr\/wp-json\/wp\/v2\/posts\/139957","targetHints":{"allow":["GET"]}}],"collection":[{"href":"https:\/\/www.europesays.com\/fr\/wp-json\/wp\/v2\/posts"}],"about":[{"href":"https:\/\/www.europesays.com\/fr\/wp-json\/wp\/v2\/types\/post"}],"author":[{"embeddable":true,"href":"https:\/\/www.europesays.com\/fr\/wp-json\/wp\/v2\/users\/2"}],"replies":[{"embeddable":true,"href":"https:\/\/www.europesays.com\/fr\/wp-json\/wp\/v2\/comments?post=139957"}],"version-history":[{"count":0,"href":"https:\/\/www.europesays.com\/fr\/wp-json\/wp\/v2\/posts\/139957\/revisions"}],"wp:featuredmedia":[{"embeddable":true,"href":"https:\/\/www.europesays.com\/fr\/wp-json\/wp\/v2\/media\/139958"}],"wp:attachment":[{"href":"https:\/\/www.europesays.com\/fr\/wp-json\/wp\/v2\/media?parent=139957"}],"wp:term":[{"taxonomy":"category","embeddable":true,"href":"https:\/\/www.europesays.com\/fr\/wp-json\/wp\/v2\/categories?post=139957"},{"taxonomy":"post_tag","embeddable":true,"href":"https:\/\/www.europesays.com\/fr\/wp-json\/wp\/v2\/tags?post=139957"}],"curies":[{"name":"wp","href":"https:\/\/api.w.org\/{rel}","templated":true}]}}