{"id":139963,"date":"2025-05-30T19:41:08","date_gmt":"2025-05-30T19:41:08","guid":{"rendered":"https:\/\/www.europesays.com\/fr\/139963\/"},"modified":"2025-05-30T19:41:08","modified_gmt":"2025-05-30T19:41:08","slug":"la-photographie-en-rangs-serres-pour-ladieu-a-sebastiao-salgado","status":"publish","type":"post","link":"https:\/\/www.europesays.com\/fr\/139963\/","title":{"rendered":"La photographie en rangs serr\u00e9s pour l\u2019adieu \u00e0 Sebasti\u00e2o Salgado"},"content":{"rendered":"<p>Bel hommage de ses pairs, vendredi 30 mai au P\u00e8re-Lachaise, au grand photographe br\u00e9silien, militant pour la d\u00e9fense de la plan\u00e8te et de ses hommes pi\u00e9tin\u00e9s, disparu le 23 mai dernier \u00e0 81 ans.<\/p>\n<p class=\"fig-paragraph\">La discr\u00e9tion \u00e9tait de mise pour les adieux \u00e0\u00a0<a href=\"http:\/\/www.lefigaro.fr\/culture\/le-photographe-franco-bresilien-sebastiao-salgado-est-mort-a-81-ans-20250523\" data-fig-type=\"NewsFlash\" data-gtm-custom-categorie=\"navigation\" data-gtm-custom-action=\"crossclick\" data-gtm-custom-label=\"Contextuel\" data-gtm-event=\"customEventSPE\" data-fig-domain=\"LEFIGARO\" target=\"_blank\" rel=\"noopener\">Sebasti\u00e2o Salgado<\/a>\u00a0(1944-2025), en ce vendredi 30 mai au Cr\u00e9matorium du P\u00e8re Lachaise, \u00e0 Paris (20e). Une semaine apr\u00e8s l\u2019annonce de sa mort brutale \u00e0 81 ans, des suites d\u2019une malaria puis d\u2019une leuc\u00e9mie, le mot d\u2019ordre de sa famille, unie derri\u00e8re sa ch\u00e8re \u00e9pouse L\u00e9lia Wanick Salgado, \u00e9tait de pr\u00e9server cette intimit\u00e9 du deuil. Les acad\u00e9miciens des beaux-arts n\u2019ont donc pas port\u00e9 leurs habits verts, comme c\u2019est coutume, pour venir saluer leur ami et pair qui \u00ab\u00a0chantait en br\u00e9silien dans les couloirs de l\u2019Acad\u00e9mie apr\u00e8s les s\u00e9ances\u00a0\u00bb. La sobri\u00e9t\u00e9 \u00e9tait souveraine, sous le plein soleil qui transforme le cimeti\u00e8re du P\u00e8re-Lachaise en jardin orn\u00e9 et romanesque du 19e si\u00e8cle.<\/p>\n<p class=\"fig-body-link\">\n            \u00c0 lire aussi<br \/>\n        <a class=\"fig-body-link__link fig-premium-mark\" href=\"https:\/\/www.lefigaro.fr\/arts-expositions\/sebastiao-salgado-au-bord-du-canal-saint-martin-20220525\" data-fig-type=\"Article\" data-gtm-custom-categorie=\"navigation\" data-gtm-custom-action=\"crossclick\" data-gtm-custom-label=\"Contextuel\" data-gtm-event=\"customEventSPE\" data-fig-domain=\"LEFIGARO\" target=\"_blank\" rel=\"noopener\">Sebasti\u00e3o Salgado, au bord du canal Saint-Martin<br \/>\n    <\/a>\n<\/p>\n<p class=\"fig-paragraph\">Les photographes et les fid\u00e8les de la photographie \u00e9taient l\u00e0, malgr\u00e9 cette vague de r\u00e9serve et de pudeur qui a \u00e9vit\u00e9 le bain de foule des \u00e9v\u00e9nements people. De son ami Alain Genestar, ancien directeur de la r\u00e9daction de Paris Match et fondateur reconnaissant de Polka Magazine<\/p>\n<p class=\"fig-premium-paywall__infos\">\n        Cet article est r\u00e9serv\u00e9 aux abonn\u00e9s.        Il vous reste 87% \u00e0 d\u00e9couvrir.\n    <\/p>\n<p>                <img  data- alt=\"Le Figaro\" class=\"fig-img--complete fig-img\"\/><\/p>\n<p class=\"fig-premium-paywall__title\">Vente Flash<\/p>\n<p class=\"fig-premium-paywall__subtitle\">4,99\u20ac par mois pendant 12 mois. Sans engagement.<\/p>\n<p class=\"fig-premium-paywall__connect\">\n                D\u00e9j\u00e0 abonn\u00e9\u00a0?                <a class=\"fig-premium-paywall__connect-link\" href=\"https:\/\/connect.lefigaro.fr\/login?client=horizon_web&amp;type=main&amp;redirect_uri=https%3A%2F%2Fwww.lefigaro.fr%2Fculture%2Fla-photographie-en-rangs-serres-pour-l-adieu-a-sebastiao-salgado-20250530\" data-js-gtm=\"{&quot;customCategorie&quot;: &quot;conversion&quot;, &quot;customAction&quot;: &quot;before_Landing_Connexion_paywall_auto&quot;, &quot;customLabel&quot;: &quot;bGVmaWdhcm8uZnJfXzFmMDNkNTc2LTk3ZGEtNjMyNi05ZDU5LWIxOWVjYjczZTdjNV9fQXJ0aWNsZQ==_La photographie en rangs serr\u00e9s pour l\u2019adieu \u00e0 Sebasti\u00e2o Salgado_270&quot;, &quot;customIDSPE&quot;: &quot;bGVmaWdhcm8uZnJfXzFmMDNkNTc2LTk3ZGEtNjMyNi05ZDU5LWIxOWVjYjczZTdjNV9fQXJ0aWNsZQ==&quot;, &quot;event&quot;: &quot;customEventSPE&quot;}\" target=\"_blank\" rel=\"noopener\"><br \/>\n                    Connectez-vous<br \/>\n                <\/a>\n            <\/p>\n","protected":false},"excerpt":{"rendered":"Bel hommage de ses pairs, vendredi 30 mai au P\u00e8re-Lachaise, au grand photographe br\u00e9silien, militant pour la d\u00e9fense&hellip;\n","protected":false},"author":2,"featured_media":139964,"comment_status":"","ping_status":"","sticky":false,"template":"","format":"standard","meta":{"footnotes":""},"categories":[1358],"tags":[47,1350,1348,1384,1385,1345,650,251,1386,58,59,1349,1346,1011,27,26725,1351,873,1756,252,1347,1352],"class_list":{"0":"post-139963","1":"post","2":"type-post","3":"status-publish","4":"format-standard","5":"has-post-thumbnail","7":"category-arts-et-design","8":"tag-actualite","9":"tag-architecture","10":"tag-arts","11":"tag-arts-and-design","12":"tag-arts-et-design","13":"tag-cine","14":"tag-cinema","15":"tag-culture","16":"tag-design","17":"tag-divertissement","18":"tag-entertainment","19":"tag-expositions","20":"tag-films","21":"tag-fr","22":"tag-france","23":"tag-les-grands-maitres-de-la-photographie","24":"tag-litterature","25":"tag-musique","26":"tag-photographie","27":"tag-television","28":"tag-theatre","29":"tag-urbanisme"},"share_on_mastodon":{"url":"https:\/\/pubeurope.com\/@fr\/114598490019834375","error":""},"_links":{"self":[{"href":"https:\/\/www.europesays.com\/fr\/wp-json\/wp\/v2\/posts\/139963","targetHints":{"allow":["GET"]}}],"collection":[{"href":"https:\/\/www.europesays.com\/fr\/wp-json\/wp\/v2\/posts"}],"about":[{"href":"https:\/\/www.europesays.com\/fr\/wp-json\/wp\/v2\/types\/post"}],"author":[{"embeddable":true,"href":"https:\/\/www.europesays.com\/fr\/wp-json\/wp\/v2\/users\/2"}],"replies":[{"embeddable":true,"href":"https:\/\/www.europesays.com\/fr\/wp-json\/wp\/v2\/comments?post=139963"}],"version-history":[{"count":0,"href":"https:\/\/www.europesays.com\/fr\/wp-json\/wp\/v2\/posts\/139963\/revisions"}],"wp:featuredmedia":[{"embeddable":true,"href":"https:\/\/www.europesays.com\/fr\/wp-json\/wp\/v2\/media\/139964"}],"wp:attachment":[{"href":"https:\/\/www.europesays.com\/fr\/wp-json\/wp\/v2\/media?parent=139963"}],"wp:term":[{"taxonomy":"category","embeddable":true,"href":"https:\/\/www.europesays.com\/fr\/wp-json\/wp\/v2\/categories?post=139963"},{"taxonomy":"post_tag","embeddable":true,"href":"https:\/\/www.europesays.com\/fr\/wp-json\/wp\/v2\/tags?post=139963"}],"curies":[{"name":"wp","href":"https:\/\/api.w.org\/{rel}","templated":true}]}}