{"id":139973,"date":"2025-05-30T19:46:10","date_gmt":"2025-05-30T19:46:10","guid":{"rendered":"https:\/\/www.europesays.com\/fr\/139973\/"},"modified":"2025-05-30T19:46:10","modified_gmt":"2025-05-30T19:46:10","slug":"un-cardiologue-alerte-sur-cet-aliment-consomme-bien-trop-souvent-en-ete-il-peut-majorer-lhypertension","status":"publish","type":"post","link":"https:\/\/www.europesays.com\/fr\/139973\/","title":{"rendered":"Un cardiologue alerte sur cet aliment consomm\u00e9 bien trop souvent en \u00e9t\u00e9 : \u00ab\u00a0Il peut majorer l&rsquo;hypertension\u00a0\u00bb"},"content":{"rendered":"<p>Il n\u2019existe pas de mauvais \u00e9l\u00e8ve en mati\u00e8re de sant\u00e9. On peut ignorer qu\u2019un comportement est \u00e0 risque. \u00ab Le patient peut ne pas avoir re\u00e7u les bonnes informations \u00bb, nous explique le Dr Fran\u00e7ois Paillard, cardiologue au CHU de Rennes et Pr\u00e9sident de la FFC Bretagne, qui insiste sur la n\u00e9cessit\u00e9 d\u2019aborder le sujet de l\u2019\u00e9t\u00e9, notamment des fortes chaleurs, avec son cardiologue, afin de pr\u00e9venir des risques.<\/p>\n<p>Oublier ses m\u00e9dicaments<\/p>\n<p>Ne pas prendre ses m\u00e9dicaments pendant quelques jours n\u2019est habituellement pas tr\u00e8s grave, en revanche sur une plus longue dur\u00e9e cela peut avoir de graves cons\u00e9quences. Il est important d\u2019emporter l\u2019ensemble de ses m\u00e9dicaments habituels, en quantit\u00e9 suffisante pour toute la dur\u00e9e du s\u00e9jour. Le Dr Fran\u00e7ois Paillard vous conseille de partir avec un double de votre ordonnance afin de pouvoir compl\u00e9ter votre traitement en cas d\u2019oubli ou de quantit\u00e9 insuffisante de certains m\u00e9dicaments. Pensez \u00e0 prot\u00e9ger les m\u00e9dicaments de la chaleur. Ne les laissez pas en plein soleil ou dans une voiture ferm\u00e9e, et utilisez si possible une trousse isotherme. Lors de voyages avec un d\u00e9calage horaire important, il est recommand\u00e9 d\u2019ajuster la prise de votre traitement \u00e0 l\u2019heure locale d\u00e8s votre arriv\u00e9e.<\/p>\n<p>Maladies cardiaques : les erreurs d\u2019hygi\u00e8ne de vie en \u00e9t\u00e9<\/p>\n<p>En p\u00e9riode de grande chaleur, il est d\u00e9conseill\u00e9 d\u2019effectuer des exercices intenses aux heures les plus chaudes. \u00ab L\u2019exercice physique en p\u00e9riode (&#8230;)<a href=\"https:\/\/www.topsante.com\/medecine\/troubles_cardiovasculaires\/un-cardiologue-alerte-sur-cet-aliment-consomme-bien-trop-souvent-en-ete-il-peut-majorer-lhypertension-916799?utm_campaign=partenariat&amp;utm_source=yahoo-articles&amp;utm_medium=flux\" rel=\"nofollow noopener\" target=\"_blank\" data-ylk=\"slk:Lire la suite sur Top Sant\u00e9;elm:context_link;itc:0;sec:content-canvas\" class=\"link \">Lire la suite sur Top Sant\u00e9<\/a><a href=\"https:\/\/www.topsante.com\/medecine\/cancers\/cancer_de_l_estomac\/cet-aliment-que-vous-avez-sans-doute-dans-vos-placards-augmente-le-risque-de-cancer-de-lestomac-selon-un-medecin-916904?utm_campaign=partenariat&amp;utm_source=yahoo-articles&amp;utm_medium=flux\" rel=\"nofollow noopener\" target=\"_blank\" data-ylk=\"slk:Cet aliment (que vous avez sans doute dans vos placards !) augmente le risque de cancer de l&#039;estomac, selon un m\u00e9decin;elm:context_link;itc:0;sec:content-canvas\" class=\"link \">Cet aliment (que vous avez sans doute dans vos placards !) augmente le risque de cancer de l&rsquo;estomac, selon un m\u00e9decin<\/a><br \/><a href=\"https:\/\/www.topsante.com\/nutrition_et_recettes\/bien_choisir_ses_aliments\/quatre-scientifiques-devoilent-laliment-quils-ne-mangeront-jamais-et-leurs-propos-risquent-de-vous-faire-passer-lenvie-aussi-916914?utm_campaign=partenariat&amp;utm_source=yahoo-articles&amp;utm_medium=flux\" rel=\"nofollow noopener\" target=\"_blank\" data-ylk=\"slk:Quatre scientifiques d\u00e9voilent l&#039;aliment qu&#039;ils ne mangeront jamais (et leurs propos risquent de vous faire passer l&#039;envie aussi);elm:context_link;itc:0;sec:content-canvas\" class=\"link \">Quatre scientifiques d\u00e9voilent l&rsquo;aliment qu&rsquo;ils ne mangeront jamais (et leurs propos risquent de vous faire passer l&rsquo;envie aussi)<\/a><br \/><a href=\"https:\/\/www.topsante.com\/medecine\/digestion_et_transit\/ballonnements\/a-40-ans-cette-journaliste-n-a-plus-le-ventre-gonfle-grace-a-cette-routine-matinale-891282?utm_campaign=partenariat&amp;utm_source=yahoo-articles&amp;utm_medium=flux\" rel=\"nofollow noopener\" target=\"_blank\" data-ylk=\"slk:A 40 ans, cette journaliste n&#039;a plus le ventre gonfl\u00e9 gr\u00e2ce \u00e0 cette routine matinale;elm:context_link;itc:0;sec:content-canvas\" class=\"link \">A 40 ans, cette journaliste n&rsquo;a plus le ventre gonfl\u00e9 gr\u00e2ce \u00e0 cette routine matinale<\/a><br \/><a href=\"https:\/\/www.topsante.com\/nutrition_et_recettes\/bien_choisir_ses_aliments\/au-lieu-des-flocons-davoine-misez-sur-cet-ingredient-au-petit-dejeuner-pour-reduire-la-glycemie-916846?utm_campaign=partenariat&amp;utm_source=yahoo-articles&amp;utm_medium=flux\" rel=\"nofollow noopener\" target=\"_blank\" data-ylk=\"slk:Au lieu des flocons d\u2019avoine, misez sur cet ingr\u00e9dient au petit-d\u00e9jeuner pour r\u00e9duire la glyc\u00e9mie;elm:context_link;itc:0;sec:content-canvas\" class=\"link \">Au lieu des flocons d\u2019avoine, misez sur cet ingr\u00e9dient au petit-d\u00e9jeuner pour r\u00e9duire la glyc\u00e9mie<\/a><br \/><a href=\"https:\/\/www.topsante.com\/medecine\/votre_sante_vous\/sante_pratique\/je-suis-kinesitherapeute-cette-astuce-simple-peut-rendre-vos-marches-plus-sportives-916900?utm_campaign=partenariat&amp;utm_source=yahoo-articles&amp;utm_medium=flux\" rel=\"nofollow noopener\" target=\"_blank\" data-ylk=\"slk:&quot;Je suis kin\u00e9sith\u00e9rapeute : cette astuce simple peut rendre vos marches plus sportives&quot;;elm:context_link;itc:0;sec:content-canvas\" class=\"link \">\u00ab\u00a0Je suis kin\u00e9sith\u00e9rapeute : cette astuce simple peut rendre vos marches plus sportives\u00a0\u00bb<\/a><\/p>\n","protected":false},"excerpt":{"rendered":"Il n\u2019existe pas de mauvais \u00e9l\u00e8ve en mati\u00e8re de sant\u00e9. On peut ignorer qu\u2019un comportement est \u00e0 risque.&hellip;\n","protected":false},"author":2,"featured_media":139974,"comment_status":"","ping_status":"","sticky":false,"template":"","format":"standard","meta":{"footnotes":""},"categories":[10],"tags":[26736,7513,1011,27,26735,72,71],"class_list":{"0":"post-139973","1":"post","2":"type-post","3":"status-publish","4":"format-standard","5":"has-post-thumbnail","7":"category-sante","8":"tag-cardiologue","9":"tag-chu-de-rennes","10":"tag-fr","11":"tag-france","12":"tag-francois-paillard","13":"tag-health","14":"tag-sante"},"share_on_mastodon":{"url":"https:\/\/pubeurope.com\/@fr\/114598509484846796","error":""},"_links":{"self":[{"href":"https:\/\/www.europesays.com\/fr\/wp-json\/wp\/v2\/posts\/139973","targetHints":{"allow":["GET"]}}],"collection":[{"href":"https:\/\/www.europesays.com\/fr\/wp-json\/wp\/v2\/posts"}],"about":[{"href":"https:\/\/www.europesays.com\/fr\/wp-json\/wp\/v2\/types\/post"}],"author":[{"embeddable":true,"href":"https:\/\/www.europesays.com\/fr\/wp-json\/wp\/v2\/users\/2"}],"replies":[{"embeddable":true,"href":"https:\/\/www.europesays.com\/fr\/wp-json\/wp\/v2\/comments?post=139973"}],"version-history":[{"count":0,"href":"https:\/\/www.europesays.com\/fr\/wp-json\/wp\/v2\/posts\/139973\/revisions"}],"wp:featuredmedia":[{"embeddable":true,"href":"https:\/\/www.europesays.com\/fr\/wp-json\/wp\/v2\/media\/139974"}],"wp:attachment":[{"href":"https:\/\/www.europesays.com\/fr\/wp-json\/wp\/v2\/media?parent=139973"}],"wp:term":[{"taxonomy":"category","embeddable":true,"href":"https:\/\/www.europesays.com\/fr\/wp-json\/wp\/v2\/categories?post=139973"},{"taxonomy":"post_tag","embeddable":true,"href":"https:\/\/www.europesays.com\/fr\/wp-json\/wp\/v2\/tags?post=139973"}],"curies":[{"name":"wp","href":"https:\/\/api.w.org\/{rel}","templated":true}]}}