{"id":13998,"date":"2025-04-10T02:08:12","date_gmt":"2025-04-10T02:08:12","guid":{"rendered":"https:\/\/www.europesays.com\/fr\/13998\/"},"modified":"2025-04-10T02:08:12","modified_gmt":"2025-04-10T02:08:12","slug":"un-double-record-de-precocite-en-f1-dans-la-poche","status":"publish","type":"post","link":"https:\/\/www.europesays.com\/fr\/13998\/","title":{"rendered":"un double record de pr\u00e9cocit\u00e9 en F1 dans la poche !"},"content":{"rendered":"<p>\t\t\t<strong class=\"post-excerpt\"><\/p>\n<p itemprop=\"description\">Troisi\u00e8me Grand Prix en Formule 1 et d\u00e9j\u00e0 un double record de pr\u00e9cocit\u00e9 dans la poche pour Kimi Antonelli \u00e0 Suzuka !<\/p>\n<p><\/strong>\t\t<\/p>\n<p><a href=\"https:\/\/www.sportauto.fr\/actu\/sport-actu\/formule-1\/isack-hadjar-grand-prix-f1-japon-suzuka-points-430774.html\" target=\"_blank\" rel=\"noopener nofollow\">A l&rsquo;image d&rsquo;Isack Hadjar<\/a> ou Olivier Bearman, <strong>Kimi Antonelli<\/strong> a \u00e9t\u00e9 l&rsquo;un des<strong> rookies<\/strong> en vue lors du <a href=\"https:\/\/www.sportauto.fr\/actu\/sport-actu\/formule-1\/f1-grand-prix-japon-suzuka-2025-course-classement-resultats-verstappen-430718.html#item=1\" target=\"_blank\" rel=\"noopener nofollow\">Grand Prix du Japon de Formule 1<\/a>, la <strong>troisi\u00e8me \u00e9tape du calendrier 2025.<\/strong><\/p>\n<p>   \t\t\t Tir group\u00e9 des Mercedes-AMG \u00e0 Suzuka <\/p>\n<p>Sur le mythique et complexe trac\u00e9 de <strong>Suzuka<\/strong>, Antonelli a ralli\u00e9 l&rsquo;arriv\u00e9e de <strong>l&rsquo;\u00e9preuve de 53 tours au sixi\u00e8me rang,<\/strong> compl\u00e9tant le tir group\u00e9 des <strong>Mercedes-AMG<\/strong> derri\u00e8re son \u00e9quipier<strong> George Russell.<\/strong><br \/>Les deux pilotes n&rsquo;ont effectu\u00e9 qu&rsquo;<strong>un seul arr\u00eat,<\/strong> d\u00e9butant leur premier relais chauss\u00e9 des<strong> pneus m\u00e9diums<\/strong> avant de les troquer pour les<strong> durs.<\/strong> Bloqu\u00e9 derri\u00e8re <strong>la Ferrari de Charles Leclerc<\/strong> dans les premiers tours de course, le Britannique a tent\u00e9 l&rsquo;<strong>undercut<\/strong> en effectuant son arr\u00eat au 19\u00e8me passage, mais sans succ\u00e8s.<br \/>Sa <strong>cinqui\u00e8me place finale <\/strong>constitue sa <strong>septi\u00e8me arriv\u00e9e cons\u00e9cutive dans le top 5<\/strong> et son meilleur r\u00e9sultat \u00e0 Suzuka. De quoi conforter sa<strong> quatri\u00e8me position<\/strong> au <a href=\"https:\/\/www.sportauto.fr\/actu\/sport-actu\/formule-1\/f1-saison-2025-guide-pratique-calendrier-resultats-classements-429034.html\" target=\"_blank\" rel=\"noopener nofollow\">classement provisoire du Championnat du monde des Pilotes<\/a>, \u00e0 seulement <strong>quatre unit\u00e9s d&rsquo;Oscar Piastri<\/strong> (McLaren).<\/p>\n<p> <img fetchpriority=\"high\" aria-describedby=\"caption-attachment-430810\" itemprop=\"thumbnailUrl\" decoding=\"async\" class=\"wp-image-430810 img-responsive  size-large\" src=\"https:\/\/www.europesays.com\/fr\/wp-content\/uploads\/2025\/04\/f1-kimi-antonelli-mercedes-double-record-precocite-japon-suzuka-5-1024x682.jpg\" alt=\"Kimi Antonelli F1 Mercedes-AMG\" width=\"1024\" height=\"682\"\/> \u00a9  DPPI \/ Psnewz<\/p>\n<p id=\"caption-attachment-430810\" class=\"wp-caption-text\">Troisi\u00e8me Grand Prix en Formule 1 et d\u00e9j\u00e0 un double record de pr\u00e9cocit\u00e9 dans la poche pour Kimi Antonelli \u00e0 Suzuka !<\/p>\n<p> Antonelli double recordman ! <\/p>\n<p>Pour <a href=\"https:\/\/www.sportauto.fr\/actu\/insolites-actu\/kimi-antonelli-valentino-rossi-karting-f1-moto-gp-test-2025-430403.html#item=1\" target=\"_blank\" rel=\"noopener nofollow\"><strong>Antonelli<\/strong><\/a>, il s&rsquo;agit de la <strong>deuxi\u00e8me sixi\u00e8me place de rang apr\u00e8s la Chine,<\/strong> ajout\u00e9e \u00e0 sa septi\u00e8me position lors du<strong> premier des six sprints<\/strong> au menu de la saison, sans oublier une<strong> impressionnante quatri\u00e8me place \u00e0 Melbourne<\/strong>, acquise aux forceps sur le mouill\u00e9 de l&rsquo;Albert Park.<br \/>Au total, le jeune Italien totalise <strong>30 points<\/strong> et figure au <strong>cinqui\u00e8me rang du classement mondial<\/strong>, derri\u00e8re Russell mais devant les Ferrari de Charles Leclerc et <a href=\"https:\/\/www.sportauto.fr\/actu\/insolites-actu\/lewis-hamilton-f1-ferrari-f40-couleur-noir-2025-430571.html\" target=\"_blank\" rel=\"noopener nofollow\">Lewis Hamilton<\/a>.<br \/>Non-content d&rsquo;engranger de nouveaux points,<strong> l&rsquo;ancien pilote Prema<\/strong> a \u00e9crit une petite page d&rsquo;histoire dimanche en devenant, \u00e0 <strong>18 ans et 224 jours<\/strong>, le <strong>plus jeune pilote \u00e0 mener un Grand Prix de F1.<\/strong><br \/>Il s&rsquo;est \u00e9galement adjug\u00e9 <strong>le tour le plus rapide<\/strong>, en 1:30.965, battant l\u00e0 aussi le pr\u00e9c\u00e9dent record de pr\u00e9cocit\u00e9 de <strong>Max Verstappen<\/strong>, \u00e0 19 ans et 44 jours, lors de sa<strong> \u00ab\u00a0remontada\u00a0\u00bb du Grand Prix Br\u00e9sil 2016<\/strong> sur un circuit d&rsquo;<strong>Interlagos<\/strong> d\u00e9tremp\u00e9.<\/p>\n<p>Prochain rendez-vous de la Formule 1 d\u00e8s ce week-end avec le <a href=\"https:\/\/www.sportauto.fr\/actu\/sport-actu\/formule-1\/f1-grand-prix-bahrein-2025-programme-tv-week-end-horaires-diffusion-france-belgique-430731.html#item=1\" target=\"_blank\" rel=\"noopener nofollow\"><strong>Grand Prix de Bahre\u00efn<\/strong><\/a>, pr\u00e9vu sur le <strong>Circuit International de Sakhir.<\/strong><\/p>\n","protected":false},"excerpt":{"rendered":"Troisi\u00e8me Grand Prix en Formule 1 et d\u00e9j\u00e0 un double record de pr\u00e9cocit\u00e9 dans la poche pour Kimi&hellip;\n","protected":false},"author":2,"featured_media":13999,"comment_status":"","ping_status":"","sticky":false,"template":"","format":"standard","meta":{"footnotes":""},"categories":[1412],"tags":[1451,1452,1453,1454,1455,1011,27,1638,60],"class_list":{"0":"post-13998","1":"post","2":"type-post","3":"status-publish","4":"format-standard","5":"has-post-thumbnail","7":"category-f1","8":"tag-f1","9":"tag-formula-1","10":"tag-formula1","11":"tag-formule-1","12":"tag-formule1","13":"tag-fr","14":"tag-france","15":"tag-has_diapo","16":"tag-sports"},"share_on_mastodon":{"url":"https:\/\/pubeurope.com\/@fr\/114311233729183271","error":""},"_links":{"self":[{"href":"https:\/\/www.europesays.com\/fr\/wp-json\/wp\/v2\/posts\/13998","targetHints":{"allow":["GET"]}}],"collection":[{"href":"https:\/\/www.europesays.com\/fr\/wp-json\/wp\/v2\/posts"}],"about":[{"href":"https:\/\/www.europesays.com\/fr\/wp-json\/wp\/v2\/types\/post"}],"author":[{"embeddable":true,"href":"https:\/\/www.europesays.com\/fr\/wp-json\/wp\/v2\/users\/2"}],"replies":[{"embeddable":true,"href":"https:\/\/www.europesays.com\/fr\/wp-json\/wp\/v2\/comments?post=13998"}],"version-history":[{"count":0,"href":"https:\/\/www.europesays.com\/fr\/wp-json\/wp\/v2\/posts\/13998\/revisions"}],"wp:featuredmedia":[{"embeddable":true,"href":"https:\/\/www.europesays.com\/fr\/wp-json\/wp\/v2\/media\/13999"}],"wp:attachment":[{"href":"https:\/\/www.europesays.com\/fr\/wp-json\/wp\/v2\/media?parent=13998"}],"wp:term":[{"taxonomy":"category","embeddable":true,"href":"https:\/\/www.europesays.com\/fr\/wp-json\/wp\/v2\/categories?post=13998"},{"taxonomy":"post_tag","embeddable":true,"href":"https:\/\/www.europesays.com\/fr\/wp-json\/wp\/v2\/tags?post=13998"}],"curies":[{"name":"wp","href":"https:\/\/api.w.org\/{rel}","templated":true}]}}