{"id":139988,"date":"2025-05-30T19:54:11","date_gmt":"2025-05-30T19:54:11","guid":{"rendered":"https:\/\/www.europesays.com\/fr\/139988\/"},"modified":"2025-05-30T19:54:11","modified_gmt":"2025-05-30T19:54:11","slug":"tarentaise-jazz-au-village-revient-pour-sa-sixieme-annee","status":"publish","type":"post","link":"https:\/\/www.europesays.com\/fr\/139988\/","title":{"rendered":"Tarentaise. Jazz au village revient pour sa sixi\u00e8me ann\u00e9e"},"content":{"rendered":"<p>Ces animations itin\u00e9rantes constituent une belle fa\u00e7on de partager, avec celles et ceux qui ne fr\u00e9quentent pas forc\u00e9ment les salles de concert, un bon moment de plaisir, de rencontre conviviale et interg\u00e9n\u00e9rationnelle \u00e0 la port\u00e9e de tous autour de la musique.<\/p>\n<p>De nombreuses animations<\/p>\n<p>Pour chaque date, la journ\u00e9e se d\u00e9roule en plusieurs temps\u00a0: dans la matin\u00e9e, des ateliers de&#8230;<\/p>\n","protected":false},"excerpt":{"rendered":"Ces animations itin\u00e9rantes constituent une belle fa\u00e7on de partager, avec celles et ceux qui ne fr\u00e9quentent pas forc\u00e9ment&hellip;\n","protected":false},"author":2,"featured_media":139989,"comment_status":"","ping_status":"","sticky":false,"template":"","format":"standard","meta":{"footnotes":""},"categories":[9653],"tags":[1111,11,2430,1687,7539,1777,674,1011,27,873,12,25,4001,15343,20094],"class_list":{"0":"post-139988","1":"post","2":"type-post","3":"status-publish","4":"format-standard","5":"has-post-thumbnail","7":"category-saint-etienne","8":"tag-actu","9":"tag-actualites","10":"tag-auvergne-rhone-alpes","11":"tag-culture-loisirs","12":"tag-edition-loire-sud","13":"tag-eu","14":"tag-europe","15":"tag-fr","16":"tag-france","17":"tag-musique","18":"tag-news","19":"tag-republique-francaise","20":"tag-saint-etienne","21":"tag-saint-genest-malifaux-bassin","22":"tag-tarentaise"},"share_on_mastodon":{"url":"https:\/\/pubeurope.com\/@fr\/114598540948490192","error":""},"_links":{"self":[{"href":"https:\/\/www.europesays.com\/fr\/wp-json\/wp\/v2\/posts\/139988","targetHints":{"allow":["GET"]}}],"collection":[{"href":"https:\/\/www.europesays.com\/fr\/wp-json\/wp\/v2\/posts"}],"about":[{"href":"https:\/\/www.europesays.com\/fr\/wp-json\/wp\/v2\/types\/post"}],"author":[{"embeddable":true,"href":"https:\/\/www.europesays.com\/fr\/wp-json\/wp\/v2\/users\/2"}],"replies":[{"embeddable":true,"href":"https:\/\/www.europesays.com\/fr\/wp-json\/wp\/v2\/comments?post=139988"}],"version-history":[{"count":0,"href":"https:\/\/www.europesays.com\/fr\/wp-json\/wp\/v2\/posts\/139988\/revisions"}],"wp:featuredmedia":[{"embeddable":true,"href":"https:\/\/www.europesays.com\/fr\/wp-json\/wp\/v2\/media\/139989"}],"wp:attachment":[{"href":"https:\/\/www.europesays.com\/fr\/wp-json\/wp\/v2\/media?parent=139988"}],"wp:term":[{"taxonomy":"category","embeddable":true,"href":"https:\/\/www.europesays.com\/fr\/wp-json\/wp\/v2\/categories?post=139988"},{"taxonomy":"post_tag","embeddable":true,"href":"https:\/\/www.europesays.com\/fr\/wp-json\/wp\/v2\/tags?post=139988"}],"curies":[{"name":"wp","href":"https:\/\/api.w.org\/{rel}","templated":true}]}}