{"id":139990,"date":"2025-05-30T19:55:09","date_gmt":"2025-05-30T19:55:09","guid":{"rendered":"https:\/\/www.europesays.com\/fr\/139990\/"},"modified":"2025-05-30T19:55:09","modified_gmt":"2025-05-30T19:55:09","slug":"une-femme-est-morte-renversee-par-une-voiture","status":"publish","type":"post","link":"https:\/\/www.europesays.com\/fr\/139990\/","title":{"rendered":"une femme est morte renvers\u00e9e par une voiture"},"content":{"rendered":"<p>            Par<br \/>\n        <strong><br \/>\n            <a href=\"https:\/\/actu.fr\/auteur\/mathias-souteyrat\" title=\"Consulter tous les articles de Mathias Souteyrat\" rel=\"nofollow noopener\" target=\"_blank\">Mathias Souteyrat<\/a><br \/>\n        <\/strong><\/p>\n<p>        Publi\u00e9 le<\/p>\n<p>            30 mai 2025 \u00e0 20h55        <\/p>\n<p>Il \u00e9tait vers 18\u00a0heures ce vendredi 30\u00a0mai 2025 quand un grave accident de la route a eu lieu \u00e0 <a href=\"https:\/\/actu.fr\/auvergne-rhone-alpes\/bourg-argental_42023\" rel=\"nofollow noopener\" target=\"_blank\">Bourg-Argental<\/a> (Loire), pr\u00e8s de <a href=\"https:\/\/actu.fr\/saint-etienne\/\" rel=\"nofollow noopener\" target=\"_blank\">Saint-Etienne<\/a>.<\/p>\n<p class=\" wall-content\">Au niveau de la place Armeville, une pi\u00e9tonne, \u00e2g\u00e9e de 73 ans, a \u00e9t\u00e9 mortellement renvers\u00e9e par une voiture dans le centre bourg.<\/p>\n<p>La victime d\u00e9clar\u00e9e d\u00e9c\u00e9d\u00e9e par le m\u00e9decin<\/p>\n<p class=\" wall-content\">Malgr\u00e9 les gestes effectu\u00e9s par les secours, la victime a \u00e9t\u00e9 d\u00e9clar\u00e9e d\u00e9c\u00e9d\u00e9e par le m\u00e9decin du Smur.<\/p>\n<p>    <a href=\"https:\/\/www.google.com\/maps\/embed?pb=!1m18!1m12!1m3!1d44899.641888327744!2d4.521013544161832!3d45.30382746402902!2m3!1f0!2f0!3f0!3m2!1i1024!2i768!4f13.1!3m3!1m2!1s0x47f50eb9668418f1%3A0x452477b31e2baed7!2s42220%20Bourg-Argental!5e0!3m2!1sfr!2sfr!4v1748631287180!5m2!1sfr!2sfr\" title=\"Ouvrie le lien\" rel=\"nofollow noopener\" target=\"_blank\">Cliquez ici pour visualiser le contenu<\/a><\/p>\n<p class=\" wall-content\">La conductrice de 21\u00a0ans, choqu\u00e9e, a \u00e9t\u00e9 transport\u00e9e vers le <strong>CH Annonay<\/strong>, rapportent les sapeurs-pompiers lig\u00e9riens. Une femme t\u00e9moin, \u00e2g\u00e9e de 73\u00a0ans, \u00e9galement choqu\u00e9e, a \u00e9t\u00e9 \u00e9vacu\u00e9e vers l\u2019h\u00f4pital.<\/p>\n<p>Vid\u00e9os : en ce moment sur Actu<\/p>\n<p class=\" wall-content\">Suivez toute l\u2019actualit\u00e9 de vos villes et m\u00e9dias favoris en vous inscrivant \u00e0 <a href=\"https:\/\/moncompte.actu.fr\" title=\"D\u00e9couvez Mon Actu\" rel=\"nofollow noopener\" data-trk=\"{&quot;cta&quot;:{&quot;action&quot;:&quot;https:\\\/\\\/moncompte.actu.fr&quot;,&quot;category&quot;:&quot;mon compte&quot;,&quot;from&quot;:&quot;article footer&quot;,&quot;name&quot;:&quot;Mon actu&quot;,&quot;type&quot;:&quot;cta&quot;}}\" target=\"_blank\">Mon Actu<\/a>.<\/p>\n","protected":false},"excerpt":{"rendered":"Par Mathias Souteyrat Publi\u00e9 le 30 mai 2025 \u00e0 20h55 Il \u00e9tait vers 18\u00a0heures ce vendredi 30\u00a0mai 2025&hellip;\n","protected":false},"author":2,"featured_media":139991,"comment_status":"","ping_status":"","sticky":false,"template":"","format":"standard","meta":{"footnotes":""},"categories":[9653],"tags":[119,1111,11,2430,1777,674,118,1011,27,12,1311,25,4001],"class_list":{"0":"post-139990","1":"post","2":"type-post","3":"status-publish","4":"format-standard","5":"has-post-thumbnail","7":"category-saint-etienne","8":"tag-accident","9":"tag-actu","10":"tag-actualites","11":"tag-auvergne-rhone-alpes","12":"tag-eu","13":"tag-europe","14":"tag-faits-divers","15":"tag-fr","16":"tag-france","17":"tag-news","18":"tag-pompiers","19":"tag-republique-francaise","20":"tag-saint-etienne"},"share_on_mastodon":{"url":"https:\/\/pubeurope.com\/@fr\/114598544907941435","error":""},"_links":{"self":[{"href":"https:\/\/www.europesays.com\/fr\/wp-json\/wp\/v2\/posts\/139990","targetHints":{"allow":["GET"]}}],"collection":[{"href":"https:\/\/www.europesays.com\/fr\/wp-json\/wp\/v2\/posts"}],"about":[{"href":"https:\/\/www.europesays.com\/fr\/wp-json\/wp\/v2\/types\/post"}],"author":[{"embeddable":true,"href":"https:\/\/www.europesays.com\/fr\/wp-json\/wp\/v2\/users\/2"}],"replies":[{"embeddable":true,"href":"https:\/\/www.europesays.com\/fr\/wp-json\/wp\/v2\/comments?post=139990"}],"version-history":[{"count":0,"href":"https:\/\/www.europesays.com\/fr\/wp-json\/wp\/v2\/posts\/139990\/revisions"}],"wp:featuredmedia":[{"embeddable":true,"href":"https:\/\/www.europesays.com\/fr\/wp-json\/wp\/v2\/media\/139991"}],"wp:attachment":[{"href":"https:\/\/www.europesays.com\/fr\/wp-json\/wp\/v2\/media?parent=139990"}],"wp:term":[{"taxonomy":"category","embeddable":true,"href":"https:\/\/www.europesays.com\/fr\/wp-json\/wp\/v2\/categories?post=139990"},{"taxonomy":"post_tag","embeddable":true,"href":"https:\/\/www.europesays.com\/fr\/wp-json\/wp\/v2\/tags?post=139990"}],"curies":[{"name":"wp","href":"https:\/\/api.w.org\/{rel}","templated":true}]}}