{"id":139994,"date":"2025-05-30T19:57:40","date_gmt":"2025-05-30T19:57:40","guid":{"rendered":"https:\/\/www.europesays.com\/fr\/139994\/"},"modified":"2025-05-30T19:57:40","modified_gmt":"2025-05-30T19:57:40","slug":"mobilisation-contre-les-maladies-cardiaques-les-14-et-15-juin-a-nancy","status":"publish","type":"post","link":"https:\/\/www.europesays.com\/fr\/139994\/","title":{"rendered":"mobilisation contre les maladies cardiaques les 14 et 15 juin \u00e0 Nancy"},"content":{"rendered":"<p>Face au danger des maladies cardiovasculaires, responsables de plus de quatre cents d\u00e9c\u00e8s journaliers en France, le Dr <a href=\"https:\/\/www.estrepublicain.fr\/magazine-sante\/2024\/03\/23\/le-coeur-de-la-greffe-cardiaque-bat-plus-vite-au-chru-de-nancy\" target=\"_blank\" rel=\"noopener\">Guillaume Baudry<\/a> , cardiologue au CHRU de Nancy, et la fondation de coop\u00e9ration scientifique ID + Lorraine, lancent la premi\u00e8re \u00e9dition des \u00ab Galops du C\u0153ur \u00bb. Cet \u00e9v\u00e9nement in\u00e9dit \u00e9labor\u00e9 dans le cadre de la \u00ab Journ\u00e9e nationale de sensibilisation \u00e0 l\u2019insuffisance cardiaque et \u00e0 son traitement par assistance ou transplantation cardiaque \u00bb, se d\u00e9roulera les 14 et 15 juin \u00e0 l\u2019hippodrome de Nancy-Brabois, avec l\u2019appui des CHU de Dijon, Besan\u00e7on, Reims et Strasbourg, et le soutien du Cr\u00e9dit Agricole de Lorraine.<\/p>\n<p>  Informer, pr\u00e9venir et mobiliser<\/p>\n<p>Ce week-end est destin\u00e9 \u00e0 informer, pr\u00e9venir et mobiliser autour de la sant\u00e9 cardiaque. Le samedi 14 juin, de 16 h \u00e0 18 h, l\u2019accent sera mis sur la compr\u00e9hension et la pr\u00e9vention. Des conf\u00e9rences grand public anim\u00e9es par des m\u00e9decins et chercheurs des CHU aborderont des sujets cruciaux tels que l\u2019insuffisance cardiaque ( <a href=\"https:\/\/www.estrepublicain.fr\/sante\/2021\/11\/04\/au-chru-de-nancy-l-intelligence-artificielle-capable-de-predire-l-insuffisance-cardiaque\" target=\"_blank\" rel=\"noopener\">Pr Girerd<\/a> , Drs Fraix, Baudry, Mme Huet), les transplantations et le c\u0153ur artificiel ( <a href=\"https:\/\/www.lejsl.com\/edition-le-creusot\/2016\/10\/14\/le-parcours-d-un-opere-du-coeur-en-video\" target=\"_blank\" rel=\"noopener\">Pr Olivier Bouchot, CHU de Dijon<\/a> ) ou l\u2019importance de l\u2019activit\u00e9 physique et de la r\u00e9adaptation cardiaque (Drs J\u00e9r\u00f4me Costa et Leila Simone). L\u2019association France Rein sera aussi pr\u00e9sente pour r\u00e9aliser des d\u00e9pistages de la maladie r\u00e9nale.<\/p>\n<p>Un espace d\u2019\u00e9change permettra au public de dialoguer avec les professionnels des CHU, et des stands th\u00e9matiques offriront des informations compl\u00e9mentaires. Conjointement, des d\u00e9pistages gratuits des facteurs de risque cardiovasculaires seront propos\u00e9s, ainsi que des initiations aux gestes qui sauvent. Des ateliers p\u00e9dagogiques seront \u00e9galement organis\u00e9s pour tous les \u00e2ges, couvrant l\u2019alimentation, l\u2019activit\u00e9 physique et la pr\u00e9vention.\ufeff<\/p>\n<p>  \u00ab Run &amp; Bike \u00bb et 10 km<\/p>\n<p>Le dimanche 15 juin, de 8 h 30 \u00e0 13 h, <a href=\"https:\/\/gotiming.fr\/evenement\/les-galops-du-coeur\/\" target=\"_blank\" rel=\"noopener\">place \u00e0 l\u2019action avec des activit\u00e9s sportives ouvertes \u00e0 chacun sur inscription<\/a>. La journ\u00e9e d\u00e9butera, d\u00e8s 8 h 30, par un Tour de piste solidaire, accessible \u00e0 pied, en fauteuil roulant, en draisienne ou \u00e0 v\u00e9lo enfant. Suivront des courses \u00e0 pied et un <a href=\"https:\/\/www.estrepublicain.fr\/sport\/2025\/01\/26\/bike-and-run-a-laxou-une-centaine-d-equipes-a-l-assaut-de-l-epreuve-reine\" target=\"_blank\" rel=\"noopener\">\u00ab Run &amp; Bike \u00bb<\/a> , m\u00ealant deux participants, l\u2019un court, l\u2019autre p\u00e9dale. Run &amp; Bike (5 km) ou course \u00e0 pied (5 km) de 9 h 30 \u00e0 10 h 20, puis un 10 km course \u00e0 pied de 10 h 30 \u00e0 13 h. Samedi et dimanche \u00e9galement, le \u00ab Grand Nancy D\u00e9fi\u2019b \u00bb : les visiteurs pourront apprendre \u00e0 pratiquer un massage cardiaque. Les b\u00e9n\u00e9fices de ces journ\u00e9es seront revers\u00e9s \u00e0 la recherche sur les maladies cardiaques.<\/p>\n<p>Les maladies cardiovasculaires sont la deuxi\u00e8me cause de mortalit\u00e9 en France, et la premi\u00e8re chez les femmes. Elles touchent toutes les g\u00e9n\u00e9rations. Des facteurs de risque comme l\u2019hypertension, le cholest\u00e9rol, le tabac, le diab\u00e8te et la s\u00e9dentarit\u00e9 sont souvent \u00e9vitables. C\u2019est pourquoi \u00ab Les Galops du C\u0153ur \u00bb propose un programme complet alliant connaissances m\u00e9dicales, gestes de premiers secours, d\u00e9pistages et activit\u00e9 physique. Le tout accessible \u00e0 un large public.<\/p>\n<p class=\"note\">Les Galops du c\u0153ur, samedi 14 et dimanche 15 juin, \u00e0 l\u2019hippodrome de Nancy-Brabois. Dimanche : courses sur <a href=\"https:\/\/gotiming.fr\/evenement\/les-galops-du-coeur\/\" target=\"_blank\" rel=\"noopener\">inscription<\/a>. <\/p>\n","protected":false},"excerpt":{"rendered":"Face au danger des maladies cardiovasculaires, responsables de plus de quatre cents d\u00e9c\u00e8s journaliers en France, le Dr&hellip;\n","protected":false},"author":2,"featured_media":139995,"comment_status":"","ping_status":"","sticky":false,"template":"","format":"standard","meta":{"footnotes":""},"categories":[9635],"tags":[1111,11,1777,674,1011,27,775,5362,224,1702,12,3456,25,71],"class_list":{"0":"post-139994","1":"post","2":"type-post","3":"status-publish","4":"format-standard","5":"has-post-thumbnail","7":"category-nancy","8":"tag-actu","9":"tag-actualites","10":"tag-eu","11":"tag-europe","12":"tag-fr","13":"tag-france","14":"tag-grand-est","15":"tag-magazine-sante","16":"tag-medecine","17":"tag-nancy","18":"tag-news","19":"tag-region-lorraine","20":"tag-republique-francaise","21":"tag-sante"},"share_on_mastodon":{"url":"https:\/\/pubeurope.com\/@fr\/114598552725549298","error":""},"_links":{"self":[{"href":"https:\/\/www.europesays.com\/fr\/wp-json\/wp\/v2\/posts\/139994","targetHints":{"allow":["GET"]}}],"collection":[{"href":"https:\/\/www.europesays.com\/fr\/wp-json\/wp\/v2\/posts"}],"about":[{"href":"https:\/\/www.europesays.com\/fr\/wp-json\/wp\/v2\/types\/post"}],"author":[{"embeddable":true,"href":"https:\/\/www.europesays.com\/fr\/wp-json\/wp\/v2\/users\/2"}],"replies":[{"embeddable":true,"href":"https:\/\/www.europesays.com\/fr\/wp-json\/wp\/v2\/comments?post=139994"}],"version-history":[{"count":0,"href":"https:\/\/www.europesays.com\/fr\/wp-json\/wp\/v2\/posts\/139994\/revisions"}],"wp:featuredmedia":[{"embeddable":true,"href":"https:\/\/www.europesays.com\/fr\/wp-json\/wp\/v2\/media\/139995"}],"wp:attachment":[{"href":"https:\/\/www.europesays.com\/fr\/wp-json\/wp\/v2\/media?parent=139994"}],"wp:term":[{"taxonomy":"category","embeddable":true,"href":"https:\/\/www.europesays.com\/fr\/wp-json\/wp\/v2\/categories?post=139994"},{"taxonomy":"post_tag","embeddable":true,"href":"https:\/\/www.europesays.com\/fr\/wp-json\/wp\/v2\/tags?post=139994"}],"curies":[{"name":"wp","href":"https:\/\/api.w.org\/{rel}","templated":true}]}}