{"id":14000,"date":"2025-04-10T02:09:29","date_gmt":"2025-04-10T02:09:29","guid":{"rendered":"https:\/\/www.europesays.com\/fr\/14000\/"},"modified":"2025-04-10T02:09:29","modified_gmt":"2025-04-10T02:09:29","slug":"enzo-gouzouguen-trouve-un-second-souffle-a-morlaix","status":"publish","type":"post","link":"https:\/\/www.europesays.com\/fr\/14000\/","title":{"rendered":"Enzo Gouzouguen trouve un second souffle \u00e0 Morlaix\u00a0!"},"content":{"rendered":"<p>Le coureur de 20 ans, membre de l\u2019\u00e9quipe de Morlaix Cyclisme performance (N3), a encha\u00een\u00e9 les performances depuis le d\u00e9but de la saison sur route, en f\u00e9vrier 2025 en s\u2019imposant \u00e0 Megrit (22) \u00e0 Bourg-Blanc et \u00e0 Landivisiau en mars et en d\u00e9crochant une troisi\u00e8me place \u00e0 La Bou\u00ebxi\u00e8re (35). N\u00e9 \u00e0 Louargat et licenci\u00e9 \u00e0 Ploumagoar (22) d\u00e8s ses 7 ans, Enzo Gouzouguen a int\u00e9gr\u00e9 l\u2019UC Briochine Bleu-Mercure en 2022, en N3, avec notamment une victoire \u00e0 la Ronde du viaduc de Morlaix en 2023.<\/p>\n<p>Retrouver la confiance \u00e0 Morlaix<\/p>\n<p>\u00ab\u00a0La saison 2023-2024 a \u00e9t\u00e9 tr\u00e8s compliqu\u00e9e, avec de nombreux soucis physiques qui m\u2019ont min\u00e9 le moral. J\u2019ai eu la chance d\u2019avoir le soutien de ma famille et de mes parents pendant cette p\u00e9riode difficile. Et en septembre 2024, le Morlaix Cyclisme performance m\u2019a propos\u00e9 de m\u2019aider \u00e0 me relancer en int\u00e9grant l\u2019\u00e9quipe r\u00e9serve. J\u2019ai moins de pression, je me sens bien physiquement, et, avec le soutien de l\u2019\u00e9quipe, je retrouve peu \u00e0 peu de la confiance et des r\u00e9sultats\u00a0\u00bb, a t\u00e9moign\u00e9 Enzo Gouzouguen qui devrait int\u00e9grer bient\u00f4t l\u2019\u00e9quipe premi\u00e8re apr\u00e8s son accession en Open 2.<\/p>\n","protected":false},"excerpt":{"rendered":"Le coureur de 20 ans, membre de l\u2019\u00e9quipe de Morlaix Cyclisme performance (N3), a encha\u00een\u00e9 les performances depuis&hellip;\n","protected":false},"author":2,"featured_media":14001,"comment_status":"","ping_status":"","sticky":false,"template":"","format":"standard","meta":{"footnotes":""},"categories":[1411],"tags":[1154,207,6159,1011,27,2131,60],"class_list":{"0":"post-14000","1":"post","2":"type-post","3":"status-publish","4":"format-standard","5":"has-post-thumbnail","7":"category-cyclisme","8":"tag-cycling","9":"tag-cyclisme","10":"tag-cyclisme-amateurs","11":"tag-fr","12":"tag-france","13":"tag-morlaix","14":"tag-sports"},"share_on_mastodon":{"url":"https:\/\/pubeurope.com\/@fr\/114311237729757109","error":""},"_links":{"self":[{"href":"https:\/\/www.europesays.com\/fr\/wp-json\/wp\/v2\/posts\/14000","targetHints":{"allow":["GET"]}}],"collection":[{"href":"https:\/\/www.europesays.com\/fr\/wp-json\/wp\/v2\/posts"}],"about":[{"href":"https:\/\/www.europesays.com\/fr\/wp-json\/wp\/v2\/types\/post"}],"author":[{"embeddable":true,"href":"https:\/\/www.europesays.com\/fr\/wp-json\/wp\/v2\/users\/2"}],"replies":[{"embeddable":true,"href":"https:\/\/www.europesays.com\/fr\/wp-json\/wp\/v2\/comments?post=14000"}],"version-history":[{"count":0,"href":"https:\/\/www.europesays.com\/fr\/wp-json\/wp\/v2\/posts\/14000\/revisions"}],"wp:featuredmedia":[{"embeddable":true,"href":"https:\/\/www.europesays.com\/fr\/wp-json\/wp\/v2\/media\/14001"}],"wp:attachment":[{"href":"https:\/\/www.europesays.com\/fr\/wp-json\/wp\/v2\/media?parent=14000"}],"wp:term":[{"taxonomy":"category","embeddable":true,"href":"https:\/\/www.europesays.com\/fr\/wp-json\/wp\/v2\/categories?post=14000"},{"taxonomy":"post_tag","embeddable":true,"href":"https:\/\/www.europesays.com\/fr\/wp-json\/wp\/v2\/tags?post=14000"}],"curies":[{"name":"wp","href":"https:\/\/api.w.org\/{rel}","templated":true}]}}