{"id":140006,"date":"2025-05-30T20:07:12","date_gmt":"2025-05-30T20:07:12","guid":{"rendered":"https:\/\/www.europesays.com\/fr\/140006\/"},"modified":"2025-05-30T20:07:12","modified_gmt":"2025-05-30T20:07:12","slug":"lassociation-kalissoki-basee-a-bruz-oeuvre-en-faveur-de-la-culture-pour-tous-en-angola","status":"publish","type":"post","link":"https:\/\/www.europesays.com\/fr\/140006\/","title":{"rendered":"L\u2019association Kalissoki, bas\u00e9e \u00e0 Bruz, \u0153uvre en faveur de la culture pour tous en Angola"},"content":{"rendered":"<p>Elsa Valentina est \u00e0 l\u2019origine de l\u2019association Kalissoki, cr\u00e9\u00e9e en 2022 \u00e0 <a href=\"https:\/\/rennes.maville.com\/bretagne\/ille-et-vilaine\/bruz\/\" rel=\"nofollow noopener\" target=\"_blank\">Bruz<\/a> (<a href=\"https:\/\/www.ouest-france.fr\/bretagne\/ille-et-vilaine\/\" rel=\"nofollow noopener\" target=\"_blank\">Ille-et-Vilaine<\/a>), dans le but de valoriser l\u2019art et la culture sous toutes ses formes, tout en aidant les jeunes motiv\u00e9s dans leurs projets.<\/p>\n<p>La structure a organis\u00e9 plusieurs manifestations, comme la semaine de l\u2019Afrique, un rendez-vous annuel qui s\u2019est d\u00e9roul\u00e9 \u00e0 Rennes, en pr\u00e9sence d\u2019Aniceto Ferreira da Silveira, venu d\u2019Angola pour pr\u00e9senter sa biblioth\u00e8que communautaire.<\/p>\n<p>\u00ab\u00a0Faire venir les enfants et les ouvrir au monde\u00a0\u00bb<\/p>\n<p>\u00a0Issu d\u2019une famille avec peu d\u2019argent, j\u2019ai eu difficilement acc\u00e8s aux livres lorsque j\u2019\u00e9tais jeune. En 2020, j\u2019ai mis des ouvrages dans un sac \u00e0 dos et je suis parti dans les rues pour les pr\u00eater\u00a0 explique-t-il.<\/p>\n<p>Petit \u00e0 petit, il r\u00e9cup\u00e8re quelques livres suppl\u00e9mentaires. Et apr\u00e8s un article publi\u00e9 sur les r\u00e9seaux sociaux, il en re\u00e7oit 800. N\u2019ayant pas de local, il d\u00e9cide, avec sa femme, de transformer leur habitation en biblioth\u00e8que, et de louer un appartement pour y habiter. \u00a0J\u2019ai eu connaissance de cette initiative sur Facebook et j\u2019ai \u00e9t\u00e9 touch\u00e9e. \u00c7a se passe dans le quartier o\u00f9 j\u2019ai grandi\u00a0\u00bb, livre Elsa Valentina, Angolaise d\u2019origine.<\/p>\n<p><strong>Lire aussi\u00a0:<\/strong> <a href=\"https:\/\/rennes.maville.com\/actu\/actudet_-bruz.-kalissoki-une-association-bruzoise-ouverte-sur-le-monde-_7-5689178_actu.Htm\" rel=\"nofollow noopener\" target=\"_blank\">Kalissoki, une association bruzoise ouverte sur le monde<\/a><\/p>\n<p>Elle a alors pris contact avec Aniceto pour lui proposer de l\u2019accompagner dans le d\u00e9veloppement de son projet. \u00a0Depuis, nous nous entretenons par t\u00e9l\u00e9phone chaque semaine. Notre objectif est de faire venir les enfants et de les ouvrir au monde.\u00a0<\/p>\n<p>Et \u00e7a marche. Des dizaines de jeunes ont pris l\u2019habitude de fr\u00e9quenter assid\u00fbment le lieu. \u00a0Il faut voir les mots qu\u2019ils nous envoient pour dire tout ce que la biblioth\u00e8que et les liens que nous tissons leur apportent. C\u2019est tr\u00e8s fort\u00a0!\u00a0 raconte, \u00e9mue, Elsa Valentina.<\/p>\n<p>Elle associe les enfants \u00e0 distance lors de chaque semaine de l\u2019Afrique organis\u00e9e ici et tient \u00e0 promouvoir la litt\u00e9rature lusophone africaine d\u00e8s qu\u2019elle en a l\u2019occasion. Durant le mois de juin, elle souhaite rencontrer diff\u00e9rents acteurs culturels de la r\u00e9gion rennaise pour leur pr\u00e9senter Aniceto.<\/p>\n<p><strong>Contact\u00a0: <\/strong>Instagram\u00a0: _kalissoki_<\/p>\n<p>\u00a0<\/p>\n","protected":false},"excerpt":{"rendered":"Elsa Valentina est \u00e0 l\u2019origine de l\u2019association Kalissoki, cr\u00e9\u00e9e en 2022 \u00e0 Bruz (Ille-et-Vilaine), dans le but de&hellip;\n","protected":false},"author":2,"featured_media":140007,"comment_status":"","ping_status":"","sticky":false,"template":"","format":"standard","meta":{"footnotes":""},"categories":[2821],"tags":[1111,11,26740,4077,26738,829,26739,251,1777,674,17586,1011,27,26737,12,3086,584,25,5773],"class_list":{"0":"post-140006","1":"post","2":"type-post","3":"status-publish","4":"format-standard","5":"has-post-thumbnail","7":"category-rennes","8":"tag-actu","9":"tag-actualites","10":"tag-angola","11":"tag-association","12":"tag-basee","13":"tag-bretagne","14":"tag-bruz","15":"tag-culture","16":"tag-eu","17":"tag-europe","18":"tag-faveur","19":"tag-fr","20":"tag-france","21":"tag-kalissoki","22":"tag-news","23":"tag-redon","24":"tag-rennes","25":"tag-republique-francaise","26":"tag-uvre"},"share_on_mastodon":{"url":"https:\/\/pubeurope.com\/@fr\/114598592028024639","error":""},"_links":{"self":[{"href":"https:\/\/www.europesays.com\/fr\/wp-json\/wp\/v2\/posts\/140006","targetHints":{"allow":["GET"]}}],"collection":[{"href":"https:\/\/www.europesays.com\/fr\/wp-json\/wp\/v2\/posts"}],"about":[{"href":"https:\/\/www.europesays.com\/fr\/wp-json\/wp\/v2\/types\/post"}],"author":[{"embeddable":true,"href":"https:\/\/www.europesays.com\/fr\/wp-json\/wp\/v2\/users\/2"}],"replies":[{"embeddable":true,"href":"https:\/\/www.europesays.com\/fr\/wp-json\/wp\/v2\/comments?post=140006"}],"version-history":[{"count":0,"href":"https:\/\/www.europesays.com\/fr\/wp-json\/wp\/v2\/posts\/140006\/revisions"}],"wp:featuredmedia":[{"embeddable":true,"href":"https:\/\/www.europesays.com\/fr\/wp-json\/wp\/v2\/media\/140007"}],"wp:attachment":[{"href":"https:\/\/www.europesays.com\/fr\/wp-json\/wp\/v2\/media?parent=140006"}],"wp:term":[{"taxonomy":"category","embeddable":true,"href":"https:\/\/www.europesays.com\/fr\/wp-json\/wp\/v2\/categories?post=140006"},{"taxonomy":"post_tag","embeddable":true,"href":"https:\/\/www.europesays.com\/fr\/wp-json\/wp\/v2\/tags?post=140006"}],"curies":[{"name":"wp","href":"https:\/\/api.w.org\/{rel}","templated":true}]}}