{"id":140013,"date":"2025-05-30T20:11:09","date_gmt":"2025-05-30T20:11:09","guid":{"rendered":"https:\/\/www.europesays.com\/fr\/140013\/"},"modified":"2025-05-30T20:11:09","modified_gmt":"2025-05-30T20:11:09","slug":"le-festival-du-livre-de-nice-sest-ouvert-ce-vendredi-avec-le-prix-baie-des-anges-pour-andrei-makine","status":"publish","type":"post","link":"https:\/\/www.europesays.com\/fr\/140013\/","title":{"rendered":"Le Festival du livre de Nice s\u2019est ouvert ce vendredi avec le Prix Baie des Anges pour Andre\u00ef Makine"},"content":{"rendered":"<p>Une chaleur estivale, des all\u00e9es clairsem\u00e9es aux premi\u00e8res heures et bond\u00e9es juste apr\u00e8s le retour de la pause d\u00e9jeuner. Des \u00e9crivains et des \u00e9crivaines issus de la sph\u00e8re de la litt\u00e9rature \u00ab\u00a0traditionnelle\u00a0\u00bb, du rayon jeunesse, young adult, new romance ou BD. Sans oublier les multiples essayiste port\u00e9 sur la politiques et les plumes r\u00e9gionales. Des conf\u00e9rences, des s\u00e9ances de d\u00e9dicace, mais aussi des projections et des expos. Tous les ingr\u00e9dients requis pour une belle \u00e9dition du Festival du livre de Nice, dont le th\u00e8me est \u00ab\u00a0Prendre le large\u00a0\u00bb, \u00e9taient r\u00e9unies d\u00e8s l\u2019ouverture, ce vendredi matin.<\/p>\n<p>En milieu d\u2019apr\u00e8s-midi, c\u2019\u00e9tait d\u00e9j\u00e0 le moment de faire des choix: plut\u00f4t la populaire Marie Drucker au Th\u00e9\u00e2tre L\u2019Artistique, la reine des polars Sonja Delzongle \u00e0 l\u2019espace d\u00e9bats, ou encore la laur\u00e9ate du prix RLT-Lire 2025 Camille Laurens et le pr\u00e9sident d\u2019honneur du Festival cette ann\u00e9e, Allain Bougrain-Dubourg et son Dictionnaire amoureux de la vie sauvage?<\/p>\n<p>Juste avant cet embouteillage bienvenu, beaucoup de visiteurs ont converg\u00e9 vers la tente du Jardin Albert-1er o\u00f9 l\u2019inauguration officielle du Festival a eu lieu. L\u2019occasion pour le maire, Christian Estrosi, de r\u00e9clamer la lib\u00e9ration de Boualem Sansal. Pr\u00e9sident d\u2019honneur de l\u2019\u00e9dition pr\u00e9c\u00e9dente, l\u2019\u00e9crivain franco-alg\u00e9rien a \u00e9t\u00e9 condamn\u00e9 \u00e0 cinq ans de prison en Alg\u00e9rie pour \u00ab\u00a0atteinte \u00e0 l\u2019unit\u00e9 nationale, outrage \u00e0 corps constitu\u00e9, pratiques de nature \u00e0 nuire \u00e0 l\u2019\u00e9conomie nationale et d\u00e9tention de vid\u00e9os et de publications mena\u00e7ant la s\u00e9curit\u00e9 et la stabilit\u00e9 du pays\u00a0\u00bb.<\/p>\n<blockquote>\n<p><strong>\u00ab\u00a0Ce Prix a un r\u00e9sonnance particuli\u00e8re pour les Russes\u00a0\u00bb<\/strong><\/p>\n<\/blockquote>\n<p>Dans la foul\u00e9e, Andre\u00ef Makine, soci\u00e9taire de l\u2019Acad\u00e9mie fran\u00e7aise depuis le mois de f\u00e9vrier, a re\u00e7u le Prix Nice Baies des Anges pour Prisonnier du r\u00eave \u00e9carlate (Grasset). Son roman retrace un demi-si\u00e8cle d\u2019histoire de l\u2019Union sovi\u00e9tique et de la France, \u00e0 travers les p\u00e9r\u00e9grinations de Lucien Baert, un jeune communiste. \u00ab\u00a0Ce beau Prix a une r\u00e9sonnance particuli\u00e8re pour les Russes. Il y a plus d\u2019un si\u00e8cle, Nice a donn\u00e9 refuge \u00e0 des milliers et des milliers de Russes, \u00e0 des gens qui avaient tout perdu apr\u00e8s la R\u00e9volution et la guerre civile\u00a0\u00bb, a assur\u00e9 le natif de Divnogorsk, en Russie, naturalis\u00e9 fran\u00e7ais en 1996, un an apr\u00e8s son Prix Goncourt pour Le Testament fran\u00e7ais.<\/p>\n<p>Prisonnier du r\u00eave \u00e9carlate, Andre\u00ef Makine. Grasset. 416 pages. 23 euros.<\/p>\n<p><strong>Festival du livre de Nice, ce week-end, 10h &#8211; 19h, jardin Albert-1er. Gratuit.<\/strong><\/p>\n<p>              <img ci-src=\"https:\/\/www.nicematin.com\/litterature\/protec\/DATA_ART_15627934-jYXSNU7c.jpg?vh=cc4bb3&amp;ci_seal=b86d1e74e0\" alt=\"\"\/><br \/>\n        Kamel Daoud, auteur  de \u00ab\u00a0Houris\u00a0\u00bb. Photo Prix Goncourt 2024\/ Gallimard <\/p>\n<p>            Notre s\u00e9lection au programme ce samedi<\/p>\n<p>Grosse journ\u00e9e en perspective ce samedi, au Festival du livre de Nice. Voici notre s\u00e9lection de rendez- vous \u00e0 ne pas manquer:.<br \/>&#13;<br \/>\n&#8211; 11 h, Espace D\u00e9bats (Jardin Albert 1er), rencontre avec Philippe Besson autour de Vous parler de mon fils (Julliard).<br \/>&#13;<br \/>\n&#8211; 11 h 30, Espace D\u00e9bats (Jardin Albert 1er), rencontre avec Valentin Musso, Voici demain (Julliard).<br \/>&#13;<br \/>\n&#8211; 12 h, d\u00e9bat autour de L\u2019or de la nuit avec Ir\u00e8ne Frain (Forum des auteurs, Jardin Albert 1er).<br \/>&#13;<br \/>\n&#8211; 12h, Espace D\u00e9bats (Jardin Albert 1er), rencontre avec Mathias Malzieu, L\u2019homme qui \u00e9coutait battre le c\u0153ur des chats (Albin Michel).<br \/>&#13;<br \/>\n&#8211; 14 h, Sc\u00e8ne Yitzhak Rabin (Jardin Albert 1er), rencontre avec Sylvain Tesson, Les piliers de la mer (Albin Michel).<br \/>&#13;<br \/>\n&#8211; 14 h, conf\u00e9rence musigraphique Anita Conti, une vie oc\u00e9anique (L\u2019Artistique) par Catel Muller et Jos\u00e9-Louis Bocquet. Le spectacle retrace la vie d\u2019Anita Conti \u00e0 travers des dessins de Catel, illustrant ses \u00e9tapes cl\u00e9s en tant qu\u2019oc\u00e9anographe et pionni\u00e8re de l\u2019\u00e9cole marine. En contrepoint, sont projet\u00e9es des images film\u00e9es par Anita Conti en 1959, accompagn\u00e9es au piano par Gwendal Giguelay.<br \/>&#13;<br \/>\n&#8211; 14 h, Les \u00c9veill\u00e9s, les Ressuscit\u00e9s avec Eric Giacometti et Jacques Ravenne, d\u00e9bats au Forum des auteurs (Jardin Albert 1er).<br \/>&#13;<br \/>\n&#8211; 15 h 30, Sc\u00e8ne Mass\u00e9na (Jardin Albert 1er), rencontre avec Anne Goscinny, Mille fa\u00e7ons d\u2019aimer (Grasset).<br \/>&#13;<br \/>\n&#8211; 15 h 30, Espace D\u00e9bats (Jardin Albert 1er), rencontre avec Eric Fottorino avec Des gens sensibles (Gallimard).<br \/>&#13;<br \/>\n&#8211; 16 h, \u00e0 L\u2019Artistique, rencontre avec Christine Angot autour de La nuit sur commande (Stock).<br \/>&#13;<br \/>\n&#8211; 16 h, sc\u00e8ne Yitzhak Rabin (Jardin Albert 1er), rencontre avec Kamel Daoud autour Houris (Prix Goncourt 2024, Gallimard).<br \/>&#13;<br \/>\n&#8211; 16 h, Les Renaissances avec Agn\u00e8s Martin-Lugand (d\u00e9bats du Forum des auteurs, Jardin Albert 1er).<br \/>&#13;<br \/>\n&#8211; 16 h 30, Le bouleversement du monde avec Gilles Kepel au d\u00e9bats du Forum des auteurs (Jardin Albert 1er).<br \/>&#13;<br \/>\n&#8211; 17 h, L\u2019enfant qui sauva la terre avec Didier van Cauwelaert au d\u00e9bat du Forum des auteurs, (Jardin Albert 1er).<\/p>\n","protected":false},"excerpt":{"rendered":"Une chaleur estivale, des all\u00e9es clairsem\u00e9es aux premi\u00e8res heures et bond\u00e9es juste apr\u00e8s le retour de la pause&hellip;\n","protected":false},"author":2,"featured_media":140014,"comment_status":"","ping_status":"","sticky":false,"template":"","format":"standard","meta":{"footnotes":""},"categories":[2819],"tags":[1111,11,251,1777,674,1011,27,1351,12,2401,882,25,3366],"class_list":{"0":"post-140013","1":"post","2":"type-post","3":"status-publish","4":"format-standard","5":"has-post-thumbnail","7":"category-nice","8":"tag-actu","9":"tag-actualites","10":"tag-culture","11":"tag-eu","12":"tag-europe","13":"tag-fr","14":"tag-france","15":"tag-litterature","16":"tag-news","17":"tag-nice","18":"tag-provence-alpes-cote-dazur","19":"tag-republique-francaise","20":"tag-vie-locale"},"share_on_mastodon":{"url":"https:\/\/pubeurope.com\/@fr\/114598607845131937","error":""},"_links":{"self":[{"href":"https:\/\/www.europesays.com\/fr\/wp-json\/wp\/v2\/posts\/140013","targetHints":{"allow":["GET"]}}],"collection":[{"href":"https:\/\/www.europesays.com\/fr\/wp-json\/wp\/v2\/posts"}],"about":[{"href":"https:\/\/www.europesays.com\/fr\/wp-json\/wp\/v2\/types\/post"}],"author":[{"embeddable":true,"href":"https:\/\/www.europesays.com\/fr\/wp-json\/wp\/v2\/users\/2"}],"replies":[{"embeddable":true,"href":"https:\/\/www.europesays.com\/fr\/wp-json\/wp\/v2\/comments?post=140013"}],"version-history":[{"count":0,"href":"https:\/\/www.europesays.com\/fr\/wp-json\/wp\/v2\/posts\/140013\/revisions"}],"wp:featuredmedia":[{"embeddable":true,"href":"https:\/\/www.europesays.com\/fr\/wp-json\/wp\/v2\/media\/140014"}],"wp:attachment":[{"href":"https:\/\/www.europesays.com\/fr\/wp-json\/wp\/v2\/media?parent=140013"}],"wp:term":[{"taxonomy":"category","embeddable":true,"href":"https:\/\/www.europesays.com\/fr\/wp-json\/wp\/v2\/categories?post=140013"},{"taxonomy":"post_tag","embeddable":true,"href":"https:\/\/www.europesays.com\/fr\/wp-json\/wp\/v2\/tags?post=140013"}],"curies":[{"name":"wp","href":"https:\/\/api.w.org\/{rel}","templated":true}]}}