{"id":140017,"date":"2025-05-30T20:13:18","date_gmt":"2025-05-30T20:13:18","guid":{"rendered":"https:\/\/www.europesays.com\/fr\/140017\/"},"modified":"2025-05-30T20:13:18","modified_gmt":"2025-05-30T20:13:18","slug":"les-verts-appellent-a-lunion-avec-le-ps-et-lfi-des-le-premier-tour","status":"publish","type":"post","link":"https:\/\/www.europesays.com\/fr\/140017\/","title":{"rendered":"les Verts appellent \u00e0 l&rsquo;union avec le PS et LFI d\u00e8s le premier tour"},"content":{"rendered":"<p>            Par<br \/>\n        <strong><br \/>\n            <a href=\"https:\/\/actu.fr\/auteur\/laure-gentil\" title=\"Consulter tous les articles de Laure Gentil\" target=\"_blank\" rel=\"noopener\">Laure Gentil<\/a><br \/>\n        <\/strong><\/p>\n<p>        Publi\u00e9 le<\/p>\n<p>            30 mai 2025 \u00e0 17h29        <\/p>\n<p><strong>Marie Vitoux,<\/strong> la cheffe de file des EELV, et Marine Tondelier, secr\u00e9taire nationale du parti, <a href=\"https:\/\/actu.fr\/pays-de-la-loire\/nantes_44109\/municipales-2026-nantes-marine-tondelier-et-marie-vitoux-lancent-la-campagne-ecolo_62378761.html\" target=\"_blank\" rel=\"noopener\">ont commenc\u00e9 le travail sur le programme des municipales 2026 depuis le mois de mars.<\/a> D\u00e9j\u00e0, \u00e0 cette occasion, l\u2019\u00e9lue nantaise avait rappel\u00e9 \u00ab\u2009la vague d\u2019espoir\u2009\u00bb g\u00e9n\u00e9r\u00e9e par la cr\u00e9ation du <strong>Nouveau Front Populaire<\/strong> durant les l\u00e9gislatives.<\/p>\n<p class=\" wall-content\">Il y a une semaine, le 19\u00a0mai, les Verts annon\u00e7aient le lancement d\u2019une \u00ab\u2009dynamique collective exigeante\u2009: le <strong>mouvement Ambitions Communes<\/strong>\u2009\u00bb. Ce mouvement \u00ab\u2009porte le projet d\u2019une \u00e9cologie politique puissante, populaire, v\u00e9ritablement transformatrice pour la ville\u2009\u00bb. Dans le communiqu\u00e9 d\u2019annonce, la branche locale des \u00c9cologistes appelle officiellement \u00ab\u2009\u00e0 l\u2019union de l\u2019ensemble des forces de gauche d\u00e8s le premier tour\u2009\u00bb.<\/p>\n<p>\u00ab\u2009On attend les retours\u2009\u00bb<\/p>\n<p class=\" wall-content\">Pour l\u2019instant, Marie Vitoux n\u2019a pas re\u00e7u de r\u00e9ponse, que ce soit du Parti socialiste ou de La France Insoumise. \u00ab\u2009On attend les retours\u2009\u00bb, indique-t-elle \u00e0\u00a0actu Nantes. Elle l\u2019assure, ce n\u2019est <strong>pas une surprise.<\/strong><\/p>\n<blockquote class=\"ac-article-quote wall-content\">\n<p>Il y a d&rsquo;abord des temps de discussions internes, ensuite il faut programmer des rendez-vous\u2026 Cela ne sollicite aucune inqui\u00e9tude. Je pr\u00e9f\u00e8re ne pas avoir encore de r\u00e9ponse, qu&rsquo;avoir d\u00e9j\u00e0 des noms.<\/p>\n<p>    <strong>Marie Vitoux<\/strong><br \/>\n        Cheffe de file des Verts \u00e0 Nantes    <\/p><\/blockquote>\n<p class=\" wall-content\">Sur les tensions entre le PS et LFI, elle pr\u00e9f\u00e8re botter en touche. Elle rappelle juste que \u00ab\u2009l\u2019union se fait par la base\u2009\u00bb et pour 2027 \u00ab\u2009dans les territoires, la gauche doit prendre ses responsabilit\u00e9s et d\u00e9montrer qu\u2019elle est capable de s\u2019unir\u2009\u00bb.<\/p>\n<p>Vid\u00e9os : en ce moment sur Actu<\/p>\n<p class=\" wall-content\">\u00ab\u2009Est-ce que le chemin sera ais\u00e9\u2009? Peut-\u00eatre pas. Apr\u00e8s nous les \u00c9cologistes, on a pour caract\u00e9ristiques d\u2019\u00eatre tr\u00e8s optimistes et de savoir travailler dans l\u2019adversit\u00e9\u2009\u00bb, explique l\u2019adjointe \u00e0 la maire de Nantes.<\/p>\n<p>\u00ab\u2009La politique n\u2019est pas un jeu d\u2019alliance\u2009\u00bb<\/p>\n<p class=\" wall-content\">Contact\u00e9s par\u00a0actu Nantes, <strong>William Aucant<\/strong>, conseiller r\u00e9gional, et <strong>Marina Ferreruela,<\/strong> suppl\u00e9ante du d\u00e9put\u00e9 Andy Kerbrat, le <a href=\"https:\/\/actu.fr\/pays-de-la-loire\/nantes_44109\/municipales-2026-a-nantes-la-france-insoumise-annonce-ses-deux-chefs-de-file_62408715.html\" target=\"_blank\" rel=\"noopener\">bin\u00f4me de La France Insoumise pour les municipales \u00e0 Nantes<\/a> ont accept\u00e9 de r\u00e9agir. \u00ab\u2009L\u2019ambition d\u2019union ne suffit pas, il faut faire mieux\u2009\u00bb, commente William Aucant. \u00ab\u2009On veut \u00e9crire une nouvelle page \u00e0 Nantes.\u2009\u00bb<\/p>\n<p class=\" wall-content\">Selon l\u2019\u00e9lu des Pays de la Loire, vouloir faire barrage \u00e0 la droite et l\u2019extr\u00eame droite est un <strong>objectif commun avec les Verts<\/strong> mais que \u00ab\u2009l\u2019union n\u2019a de sens que si elle est mise au service d\u2019un programme de rupture\u2009\u00bb.<\/p>\n<blockquote class=\"ac-article-quote wall-content\">\n<p>La politique n&rsquo;est pas un jeu d&rsquo;alliance. Sans projet, ce sera un calcul \u00e9lectoral qui ne changera rien pour les gens.<\/p>\n<p>    <strong>William Aucant<\/strong><br \/>\n        Conseiller r\u00e9gional et un des deux co-chefs de file LFI pour les municipales    <\/p><\/blockquote>\n<p class=\" wall-content\">Les \u00e9lus LFI attendent<strong> le 16\u00a0juin<\/strong> et l\u2019annonce de leur \u00ab\u2009socle programmatique\u2009\u00bb avant de discuter d\u2019une potentielle alliance.<\/p>\n<p class=\" wall-content\">Suivez toute l\u2019actualit\u00e9 de vos villes et m\u00e9dias favoris en vous inscrivant \u00e0 <a href=\"https:\/\/moncompte.actu.fr\" title=\"D\u00e9couvez Mon Actu\" rel=\"nofollow noopener\" data-trk=\"{&quot;cta&quot;:{&quot;action&quot;:&quot;https:\\\/\\\/moncompte.actu.fr&quot;,&quot;category&quot;:&quot;mon compte&quot;,&quot;from&quot;:&quot;article footer&quot;,&quot;name&quot;:&quot;Mon actu&quot;,&quot;type&quot;:&quot;cta&quot;}}\" target=\"_blank\">Mon Actu<\/a>.<\/p>\n","protected":false},"excerpt":{"rendered":"Par Laure Gentil Publi\u00e9 le 30 mai 2025 \u00e0 17h29 Marie Vitoux, la cheffe de file des EELV,&hellip;\n","protected":false},"author":2,"featured_media":140018,"comment_status":"","ping_status":"","sticky":false,"template":"","format":"standard","meta":{"footnotes":""},"categories":[2818],"tags":[1111,11,4188,1777,674,7430,1011,27,3434,766,12,4484,2636,316,25],"class_list":{"0":"post-140017","1":"post","2":"type-post","3":"status-publish","4":"format-standard","5":"has-post-thumbnail","7":"category-nantes","8":"tag-actu","9":"tag-actualites","10":"tag-elections-municipales","11":"tag-eu","12":"tag-europe","13":"tag-europe-ecologie-les-verts-eelv","14":"tag-fr","15":"tag-france","16":"tag-municipales-2026","17":"tag-nantes","18":"tag-news","19":"tag-parti-socialiste-ps","20":"tag-pays-de-la-loire","21":"tag-politique","22":"tag-republique-francaise"},"share_on_mastodon":{"url":"https:\/\/pubeurope.com\/@fr\/114598615654287712","error":""},"_links":{"self":[{"href":"https:\/\/www.europesays.com\/fr\/wp-json\/wp\/v2\/posts\/140017","targetHints":{"allow":["GET"]}}],"collection":[{"href":"https:\/\/www.europesays.com\/fr\/wp-json\/wp\/v2\/posts"}],"about":[{"href":"https:\/\/www.europesays.com\/fr\/wp-json\/wp\/v2\/types\/post"}],"author":[{"embeddable":true,"href":"https:\/\/www.europesays.com\/fr\/wp-json\/wp\/v2\/users\/2"}],"replies":[{"embeddable":true,"href":"https:\/\/www.europesays.com\/fr\/wp-json\/wp\/v2\/comments?post=140017"}],"version-history":[{"count":0,"href":"https:\/\/www.europesays.com\/fr\/wp-json\/wp\/v2\/posts\/140017\/revisions"}],"wp:featuredmedia":[{"embeddable":true,"href":"https:\/\/www.europesays.com\/fr\/wp-json\/wp\/v2\/media\/140018"}],"wp:attachment":[{"href":"https:\/\/www.europesays.com\/fr\/wp-json\/wp\/v2\/media?parent=140017"}],"wp:term":[{"taxonomy":"category","embeddable":true,"href":"https:\/\/www.europesays.com\/fr\/wp-json\/wp\/v2\/categories?post=140017"},{"taxonomy":"post_tag","embeddable":true,"href":"https:\/\/www.europesays.com\/fr\/wp-json\/wp\/v2\/tags?post=140017"}],"curies":[{"name":"wp","href":"https:\/\/api.w.org\/{rel}","templated":true}]}}