{"id":140021,"date":"2025-05-30T20:15:13","date_gmt":"2025-05-30T20:15:13","guid":{"rendered":"https:\/\/www.europesays.com\/fr\/140021\/"},"modified":"2025-05-30T20:15:13","modified_gmt":"2025-05-30T20:15:13","slug":"une-fillette-de-8-ans-sauvee-de-la-noyade-en-gironde-dautres-baigneurs-en-difficulte","status":"publish","type":"post","link":"https:\/\/www.europesays.com\/fr\/140021\/","title":{"rendered":"une fillette de 8 ans sauv\u00e9e de la noyade en Gironde, d&rsquo;autres baigneurs en difficult\u00e9"},"content":{"rendered":"<p>            Par<br \/>\n        <strong><br \/>\n            <a href=\"https:\/\/actu.fr\/auteur\/juliette-cardinale\" title=\"Consulter tous les articles de Juliette Cardinale\" target=\"_blank\" rel=\"noopener\">Juliette Cardinale<\/a><br \/>\n        <\/strong><\/p>\n<p>        Publi\u00e9 le<\/p>\n<p>            30 mai 2025 \u00e0 19h04        <\/p>\n<p>36,3 degr\u00e9s \u00e0 Belin-Beliet, 35,3 au Cap Ferret, 35 \u00e0 Bordeaux : les <a href=\"https:\/\/actu.fr\/nouvelle-aquitaine\/bordeaux_33063\/meteo-en-gironde-une-chaleur-largement-au-dessus-des-normales-attendue-pour-le-week-end-de-l-ascension_62689869.html\" target=\"_blank\" rel=\"noopener\">records de chaleur<\/a> ont \u00e9t\u00e9 battus ce vendredi 30 mai 2025 en<a href=\"https:\/\/actu.fr\/nouvelle-aquitaine\/gironde_33\" target=\"_blank\" rel=\"noopener\"> Gironde.<\/a> Pour fuir le mercure, de nombreuses personnes ont \u00e9t\u00e9 <strong>tent\u00e9es par une baignade<\/strong> \u00e0 travers le d\u00e9partement. Malheureusement, plusieurs baigneurs se sont retrouv\u00e9s en grande difficult\u00e9, et les pompiers ont d\u00fb intervenir sur les plages girondines.<\/p>\n<p>Deux interventions li\u00e9es aux baignades<\/p>\n<p class=\" wall-content\">Un peu avant 17 ans, une fillette de 8 ans se baignait <a href=\"https:\/\/actu.fr\/nouvelle-aquitaine\/begles_33039\" target=\"_blank\" rel=\"noopener\">\u00e0 B\u00e8gles<\/a> plage quand elle a \u00e9t\u00e9 victime d\u2019un <strong>d\u00e9but de noyage.<\/strong><\/p>\n<p class=\" wall-content\">L\u2019intervention de t\u00e9moins a permis d\u2019<strong>\u00e9viter le pire<\/strong> et ls pompiers ont pu prendre en charge l\u2019enfant \u00e0 leur arriv\u00e9e. Elle se trouvait en urgence relative et a \u00e9t\u00e9 transport\u00e9e aux urgences p\u00e9diatriques.<\/p>\n<p class=\" wall-content\">Une heure plus t\u00f4t, les secours \u00e9taient d\u00e9j\u00e0 intervenus au large de <a href=\"https:\/\/actu.fr\/nouvelle-aquitaine\/lege-cap-ferret_33236\" target=\"_blank\" rel=\"noopener\">L\u00e8ge-Cap-Ferret<\/a>. L\u2019intervention du Dragon 33, l\u2019h\u00e9licopt\u00e8re de la S\u00e9curit\u00e9 civile, a \u00e9t\u00e9 n\u00e9cessaire pour secourir<strong> quatre personnes en difficult\u00e9.<\/strong> Elles n\u2019ont pas n\u00e9cessit\u00e9 de transfert \u00e0 l\u2019h\u00f4pital.<\/p>\n<p class=\" wall-content\">Suivez toute l\u2019actualit\u00e9 de vos villes et m\u00e9dias favoris en vous inscrivant \u00e0 <a href=\"https:\/\/moncompte.actu.fr\" title=\"D\u00e9couvez Mon Actu\" rel=\"nofollow noopener\" data-trk=\"{&quot;cta&quot;:{&quot;action&quot;:&quot;https:\\\/\\\/moncompte.actu.fr&quot;,&quot;category&quot;:&quot;mon compte&quot;,&quot;from&quot;:&quot;article footer&quot;,&quot;name&quot;:&quot;Mon actu&quot;,&quot;type&quot;:&quot;cta&quot;}}\" target=\"_blank\">Mon Actu<\/a>.<\/p>\n","protected":false},"excerpt":{"rendered":"Par Juliette Cardinale Publi\u00e9 le 30 mai 2025 \u00e0 19h04 36,3 degr\u00e9s \u00e0 Belin-Beliet, 35,3 au Cap Ferret,&hellip;\n","protected":false},"author":2,"featured_media":140022,"comment_status":"","ping_status":"","sticky":false,"template":"","format":"standard","meta":{"footnotes":""},"categories":[2817],"tags":[119,1111,11,1997,1777,674,118,1011,27,2357,12,2219,8302,25],"class_list":{"0":"post-140021","1":"post","2":"type-post","3":"status-publish","4":"format-standard","5":"has-post-thumbnail","7":"category-bordeaux","8":"tag-accident","9":"tag-actu","10":"tag-actualites","11":"tag-bordeaux","12":"tag-eu","13":"tag-europe","14":"tag-faits-divers","15":"tag-fr","16":"tag-france","17":"tag-meteo-france","18":"tag-news","19":"tag-nouvelle-aquitaine","20":"tag-plages","21":"tag-republique-francaise"},"share_on_mastodon":{"url":"https:\/\/pubeurope.com\/@fr\/114598623734934724","error":""},"_links":{"self":[{"href":"https:\/\/www.europesays.com\/fr\/wp-json\/wp\/v2\/posts\/140021","targetHints":{"allow":["GET"]}}],"collection":[{"href":"https:\/\/www.europesays.com\/fr\/wp-json\/wp\/v2\/posts"}],"about":[{"href":"https:\/\/www.europesays.com\/fr\/wp-json\/wp\/v2\/types\/post"}],"author":[{"embeddable":true,"href":"https:\/\/www.europesays.com\/fr\/wp-json\/wp\/v2\/users\/2"}],"replies":[{"embeddable":true,"href":"https:\/\/www.europesays.com\/fr\/wp-json\/wp\/v2\/comments?post=140021"}],"version-history":[{"count":0,"href":"https:\/\/www.europesays.com\/fr\/wp-json\/wp\/v2\/posts\/140021\/revisions"}],"wp:featuredmedia":[{"embeddable":true,"href":"https:\/\/www.europesays.com\/fr\/wp-json\/wp\/v2\/media\/140022"}],"wp:attachment":[{"href":"https:\/\/www.europesays.com\/fr\/wp-json\/wp\/v2\/media?parent=140021"}],"wp:term":[{"taxonomy":"category","embeddable":true,"href":"https:\/\/www.europesays.com\/fr\/wp-json\/wp\/v2\/categories?post=140021"},{"taxonomy":"post_tag","embeddable":true,"href":"https:\/\/www.europesays.com\/fr\/wp-json\/wp\/v2\/tags?post=140021"}],"curies":[{"name":"wp","href":"https:\/\/api.w.org\/{rel}","templated":true}]}}