{"id":140028,"date":"2025-05-30T20:19:23","date_gmt":"2025-05-30T20:19:23","guid":{"rendered":"https:\/\/www.europesays.com\/fr\/140028\/"},"modified":"2025-05-30T20:19:23","modified_gmt":"2025-05-30T20:19:23","slug":"gagnez-vos-places-pour-lavant-premiere-du-film-le-repondeur-en-presence-de-salif-cisse-aure-atika","status":"publish","type":"post","link":"https:\/\/www.europesays.com\/fr\/140028\/","title":{"rendered":"Gagnez vos places pour l&rsquo;avant-premi\u00e8re du film \u00ab\u00a0Le R\u00e9pondeur\u00a0\u00bb en pr\u00e9sence de Salif Ciss\u00e9 &#038; Aure Atika"},"content":{"rendered":"<p style=\"text-align: justify;\"><strong>Zoom Sur Lille<\/strong> et <strong>Kinepolis Lomme <\/strong>vous offrent <strong>vos places <\/strong>pour <strong>l\u2019avant-premi\u00e8re du film<\/strong> <strong>\u00ab Le R<b>\u00e9pondeur \u00bb<\/b>,<\/strong> <strong>en pr\u00e9sence de Salif Ciss\u00e9<\/strong> &amp; <strong>Aure Atika<\/strong> le <b>dimanche 01 juin 2025 \u00e0 14h30 !<\/b> <strong>L\u2019\u00e9quipe du film <\/strong>sera pr\u00e9sente pour <strong>\u00e9changer avec le public avant la projection.<\/strong><\/p>\n<\/p>\n<p style=\"text-align: justify;\"><strong>Synopsis <\/strong><br \/>Baptiste, imitateur de talent, ne parvient pas \u00e0 vivre de son art. Un jour, il est approch\u00e9 par Pierre Choz\u00e8ne, romancier c\u00e9l\u00e8bre mais discret, constamment d\u00e9rang\u00e9 par les appels incessants de son \u00e9diteur, sa fille, son ex-femme\u2026 Pierre, qui a besoin de calme pour \u00e9crire son texte le plus ambitieux, propose alors \u00e0 Baptiste de devenir son \u2018r\u00e9pondeur\u2019 en se faisant passer pour lui au t\u00e9l\u00e9phone\u2026 Peu \u00e0 peu, celui-ci ne se contente pas d\u2019imiter l\u2019\u00e9crivain : il d\u00e9veloppe son personnage !<\/p>\n<p><img loading=\"lazy\" decoding=\"async\" width=\"9\" height=\"9\" class=\"tie-appear\" src=\"https:\/\/www.europesays.com\/fr\/wp-content\/uploads\/2025\/04\/1744722321_833_arrow.png\" alt=\"Puce\"\/> <strong>Infos<\/strong> et<strong> r\u00e9servations<\/strong> sur <a href=\"https:\/\/kinepolis.fr\/movies\/detail\/35618\/HO00014101\/0000000003\/visite-d-equipe-le-repondeur\" target=\"_blank\" rel=\"noreferrer noopener nofollow\">Kinepolis.fr<\/a><\/p>\n<p>Jeu-Concours Zoom Sur Lille<\/p>\n<p style=\"text-align: justify;\"><strong>Gagnez vos places<\/strong> pour <strong>l\u2019avant-premi\u00e8re du film<\/strong> <strong>\u00ab Le R\u00e9pondeur \u00bb,<\/strong> le<strong> dimanche 01 juin 2025 \u00e0 14h30,<\/strong> <strong>en <\/strong><strong>pr\u00e9sence de Salif Ciss\u00e9<\/strong> &amp; <strong>Aure Atika !<\/strong> <\/p>\n<p><strong>Pour jouer : compl\u00e9tez le formulaire de participation ci-dessous.<\/strong><br \/>Apr\u00e8s tirage au sort, vous recevrez les informations par email pour retirer vos invitations (v\u00e9rifiez bien votre adresse !).<\/p>\n<p>\t\t\t<strong>Augmentez vos chances pour gagner !<\/strong><br \/>\nAbonnez-vous \u00e0 notre <a href=\"http:\/\/www.facebook.com\/zoomsurlille.fr\" target=\"_blank\" rel=\"noopener noreferrer nofollow\">page Facebook Zoom Sur Lille<\/a>, commentez et partagez le post \u00ab\u00a0Avant-premi\u00e8re du film Le R\u00e9pondeur\u00a0\u00bb<\/p>\n<p>\t\t\tR\u00e8glement <\/p>\n<p style=\"text-align: justify;\">Le jeu est organis\u00e9 du 29 au 31 mai 2025. Nombre de places en jeu : 25 x 2 places pour l\u2019avant-premi\u00e8re du film \u00ab Le R\u00e9pondeur \u00bb le dimanche 01 juin 2025 \u00e0 14h30. Le tirage au sort parmi les bonnes r\u00e9ponses aura lieu le 31 mai 2025. Les gagnants seront avertis par mail. Zoom Sur Lille \u2013 l\u2019organisateur de ce jeu \u2013 ne pourra \u00eatre tenu pour responsable de l\u2019envoi des dotations \u00e0 une adresse inexacte du fait de la n\u00e9gligence du gagnant. Si les lots n\u2019ont pu \u00eatre livr\u00e9s \u00e0 leur destinataire pour quelque raison que ce soit, ind\u00e9pendamment de la volont\u00e9 de l\u2019organisateur (le gagnant ayant d\u00e9m\u00e9nag\u00e9 sans mettre \u00e0 jour son adresse, etc. \u2026), ils resteront d\u00e9finitivement la propri\u00e9t\u00e9 de l\u2019organisateur. Les participants sont inform\u00e9s que la vente ou l\u2019\u00e9change de lots sont strictement interdits. Zoom Sur Lille ne peut \u00eatre tenu pour responsable de tout incident \/ accident pouvant subvenir dans l\u2019utilisation des lots. Toutes les marques ou noms de produits cit\u00e9s sont des marques d\u00e9pos\u00e9es de leurs propri\u00e9taires respectifs. Les cadeaux offerts aux gagnants par Zoom Sur Lille et son partenaire le Kinepolis Lomme sont nominatifs et ne sont ni \u00e9changeables contre un autre produit ou service, ni remboursables. Ils ne peuvent en aucun cas constituer un avoir sur un produit ou service quel qu\u2019il soit, tant aupr\u00e8s de Zoom Sur Lille que du partenaire Le Kinepolis Lomme. Le gagnant ne peut r\u00e9clamer aucun \u00e9quivalent financier aupr\u00e8s de Zoom Sur Lille ou de Kinepolis Lomme. La participation au jeu implique l\u2019acceptation des pr\u00e9sentes conditions.<\/p>\n<p class=\"has-text-align-right\">Source : Kinepolis France \u2013 Image : \u00a9 Tamdem<\/p>\n","protected":false},"excerpt":{"rendered":"Zoom Sur Lille et Kinepolis Lomme vous offrent vos places pour l\u2019avant-premi\u00e8re du film \u00ab Le R\u00e9pondeur \u00bb,&hellip;\n","protected":false},"author":2,"featured_media":140029,"comment_status":"","ping_status":"","sticky":false,"template":"","format":"standard","meta":{"footnotes":""},"categories":[2815],"tags":[1111,11,26741,10903,650,1777,674,2081,1011,27,811,13736,26742,1307,12,25,26743],"class_list":{"0":"post-140028","1":"post","2":"type-post","3":"status-publish","4":"format-standard","5":"has-post-thumbnail","7":"category-lille","8":"tag-actu","9":"tag-actualites","10":"tag-aure-atika","11":"tag-avant-premiere","12":"tag-cinema","13":"tag-eu","14":"tag-europe","15":"tag-film","16":"tag-fr","17":"tag-france","18":"tag-hauts-de-france","19":"tag-kinepolis-lomme","20":"tag-le-repondeur","21":"tag-lille","22":"tag-news","23":"tag-republique-francaise","24":"tag-salif-cisse"},"share_on_mastodon":{"url":"https:\/\/pubeurope.com\/@fr\/114598639568963728","error":""},"_links":{"self":[{"href":"https:\/\/www.europesays.com\/fr\/wp-json\/wp\/v2\/posts\/140028","targetHints":{"allow":["GET"]}}],"collection":[{"href":"https:\/\/www.europesays.com\/fr\/wp-json\/wp\/v2\/posts"}],"about":[{"href":"https:\/\/www.europesays.com\/fr\/wp-json\/wp\/v2\/types\/post"}],"author":[{"embeddable":true,"href":"https:\/\/www.europesays.com\/fr\/wp-json\/wp\/v2\/users\/2"}],"replies":[{"embeddable":true,"href":"https:\/\/www.europesays.com\/fr\/wp-json\/wp\/v2\/comments?post=140028"}],"version-history":[{"count":0,"href":"https:\/\/www.europesays.com\/fr\/wp-json\/wp\/v2\/posts\/140028\/revisions"}],"wp:featuredmedia":[{"embeddable":true,"href":"https:\/\/www.europesays.com\/fr\/wp-json\/wp\/v2\/media\/140029"}],"wp:attachment":[{"href":"https:\/\/www.europesays.com\/fr\/wp-json\/wp\/v2\/media?parent=140028"}],"wp:term":[{"taxonomy":"category","embeddable":true,"href":"https:\/\/www.europesays.com\/fr\/wp-json\/wp\/v2\/categories?post=140028"},{"taxonomy":"post_tag","embeddable":true,"href":"https:\/\/www.europesays.com\/fr\/wp-json\/wp\/v2\/tags?post=140028"}],"curies":[{"name":"wp","href":"https:\/\/api.w.org\/{rel}","templated":true}]}}