{"id":140032,"date":"2025-05-30T20:21:09","date_gmt":"2025-05-30T20:21:09","guid":{"rendered":"https:\/\/www.europesays.com\/fr\/140032\/"},"modified":"2025-05-30T20:21:09","modified_gmt":"2025-05-30T20:21:09","slug":"enquetes-centralisees-a-marseille-avec-laide-de-lantiterrorisme","status":"publish","type":"post","link":"https:\/\/www.europesays.com\/fr\/140032\/","title":{"rendered":"enqu\u00eates centralis\u00e9es \u00e0 Marseille avec l\u2019aide de l\u2019antiterrorisme"},"content":{"rendered":"<p>Initialement ouvertes par les parquets de Grasse, Draguignan et Nice, l\u2019enqu\u00eate a \u00e9t\u00e9 confi\u00e9e conjointement \u00e0 la Sdat et \u00e0 la section de recherches de la gendarmerie de Marseille. Elle vise notamment la \u00ab\u00a0d\u00e9t\u00e9rioration de biens de nature \u00e0 porter atteinte aux int\u00e9r\u00eats fondamentaux de la nation\u00a0\u00bb, la \u00ab\u00a0destruction en bande organis\u00e9e du bien d\u2019autrui par un moyen dangereux pour les personnes\u00a0\u00bb et la \u00ab\u00a0pr\u00e9paration \u00e0 une association de malfaiteurs en vue de la pr\u00e9paration d\u2019un crime en bande organis\u00e9e\u00a0\u00bb.<\/p>\n<p>La coupure a touch\u00e9 jusqu\u2019\u00e0 160\u00a0000 foyers \u00e0 Cannes<\/p>\n<p>Samedi, <a href=\"https:\/\/www.laprovence.com\/article\/societe\/3731551365139414\/panne-de-courant-massive-dans-les-alpes-maritimes-le-festival-de-cannes-impacte\" target=\"_blank\" rel=\"noopener\">la coupure a touch\u00e9 jusqu\u2019\u00e0 160\u00a0000 foyers \u00e0 Cannes<\/a>, o\u00f9 le festival et sa c\u00e9r\u00e9monie de cl\u00f4ture ont \u00e9t\u00e9 pr\u00e9serv\u00e9s gr\u00e2ce \u00e0 un syst\u00e8me d\u2019alimentation autonome, ainsi que dans les communes voisines.<\/p>\n<p>Elle avait \u00e9t\u00e9 provoqu\u00e9e par l\u2019incendie d\u2019un poste \u00e9lectriques du gestionnaire du r\u00e9seau RTE \u00e0 Tanneron (Var) et la chute d\u2019un pyl\u00f4ne de ligne \u00e0 haute tension dont trois des quatre piliers avaient \u00e9t\u00e9 sci\u00e9s \u00e0 Villeneuve-Loubet (Alpes-Maritimes).<\/p>\n<p>Dans la nuit de samedi \u00e0 dimanche, un incendie volontaire contre un transformateur \u00e9lectrique dans le quartier des Moulins, un secteur gangr\u00e9n\u00e9 par les trafics de stup\u00e9fiants dans l\u2019ouest de Nice, a par ailleurs priv\u00e9 d\u2019\u00e9lectricit\u00e9 45\u00a0000 foyers pendant quelques heures.<\/p>\n<p>Le Premier ministre <a href=\"https:\/\/www.laprovence.com\/article\/politique\/3616797607191614\/aide-a-mourir-francois-bayrou-sabstiendrait-de-voter-le-texte-de-loi-a-ce-stade-sil-etait-depute\" target=\"_blank\" rel=\"noopener\">Fran\u00e7ois Bayrou<\/a> a annonc\u00e9 mardi que le gouvernement allait \u00ab\u00a0\u00e9tendre la surveillance \u00e0 tous les lieux critiques\u00a0\u00bb apr\u00e8s ces sabotages. Un texte, dont l\u2019authenticit\u00e9 doit notamment \u00eatre v\u00e9rifi\u00e9e par les enqu\u00eateurs, a \u00e9t\u00e9 publi\u00e9 dimanche apr\u00e8s-midi sur un site alternatif nantais, revendiquant l\u2019attaque de Cannes au nom de \u00ab\u00a0deux bandes d\u2019anarchistes\u00a0\u00bb.<\/p>\n","protected":false},"excerpt":{"rendered":"Initialement ouvertes par les parquets de Grasse, Draguignan et Nice, l\u2019enqu\u00eate a \u00e9t\u00e9 confi\u00e9e conjointement \u00e0 la Sdat&hellip;\n","protected":false},"author":2,"featured_media":140033,"comment_status":"","ping_status":"","sticky":false,"template":"","format":"standard","meta":{"footnotes":""},"categories":[2814],"tags":[17,1111,11,7306,26745,8401,3695,1777,674,274,1011,27,884,12,2401,3762,882,25,26744],"class_list":{"0":"post-140032","1":"post","2":"type-post","3":"status-publish","4":"format-standard","5":"has-post-thumbnail","7":"category-marseille","8":"tag-17","9":"tag-actu","10":"tag-actualites","11":"tag-cannes","12":"tag-centralisees","13":"tag-electriques","14":"tag-enquetes","15":"tag-eu","16":"tag-europe","17":"tag-faits-divers-justice","18":"tag-fr","19":"tag-france","20":"tag-marseille","21":"tag-news","22":"tag-nice","23":"tag-pres","24":"tag-provence-alpes-cote-dazur","25":"tag-republique-francaise","26":"tag-sabotages"},"share_on_mastodon":{"url":"https:\/\/pubeurope.com\/@fr\/114598647105552421","error":""},"_links":{"self":[{"href":"https:\/\/www.europesays.com\/fr\/wp-json\/wp\/v2\/posts\/140032","targetHints":{"allow":["GET"]}}],"collection":[{"href":"https:\/\/www.europesays.com\/fr\/wp-json\/wp\/v2\/posts"}],"about":[{"href":"https:\/\/www.europesays.com\/fr\/wp-json\/wp\/v2\/types\/post"}],"author":[{"embeddable":true,"href":"https:\/\/www.europesays.com\/fr\/wp-json\/wp\/v2\/users\/2"}],"replies":[{"embeddable":true,"href":"https:\/\/www.europesays.com\/fr\/wp-json\/wp\/v2\/comments?post=140032"}],"version-history":[{"count":0,"href":"https:\/\/www.europesays.com\/fr\/wp-json\/wp\/v2\/posts\/140032\/revisions"}],"wp:featuredmedia":[{"embeddable":true,"href":"https:\/\/www.europesays.com\/fr\/wp-json\/wp\/v2\/media\/140033"}],"wp:attachment":[{"href":"https:\/\/www.europesays.com\/fr\/wp-json\/wp\/v2\/media?parent=140032"}],"wp:term":[{"taxonomy":"category","embeddable":true,"href":"https:\/\/www.europesays.com\/fr\/wp-json\/wp\/v2\/categories?post=140032"},{"taxonomy":"post_tag","embeddable":true,"href":"https:\/\/www.europesays.com\/fr\/wp-json\/wp\/v2\/tags?post=140032"}],"curies":[{"name":"wp","href":"https:\/\/api.w.org\/{rel}","templated":true}]}}