{"id":140036,"date":"2025-05-30T20:23:13","date_gmt":"2025-05-30T20:23:13","guid":{"rendered":"https:\/\/www.europesays.com\/fr\/140036\/"},"modified":"2025-05-30T20:23:13","modified_gmt":"2025-05-30T20:23:13","slug":"pres-de-lyon-sa-voiture-percute-un-camion-un-blesse-grave","status":"publish","type":"post","link":"https:\/\/www.europesays.com\/fr\/140036\/","title":{"rendered":"Pr\u00e8s de Lyon : sa voiture percute un camion, un bless\u00e9 grave"},"content":{"rendered":"<p>Ce vendredi 30 mai, un accident s&rsquo;est produit entre une voiture et un camion \u00e0 Saint-Bonnet-de-Mure, pr\u00e8s de Lyon. La collision a fait un bless\u00e9 grave.<\/p>\n<p>Deux bless\u00e9s, dont un grave cet apr\u00e8s-midi du vendredi 30 mai. Vers 14h, \u00e0 <b>Saint-Bonnet-de-Mure<\/b>, pr\u00e8s de Lyon, une voiture a percut\u00e9 un camion sur <b>la D306<\/b>.<\/p>\n<p>Il percute un camion \u00e0 l&rsquo;est de Lyon, un bless\u00e9 grave<\/p>\n<p>Le conducteur de la voiture a d\u00e9vi\u00e9 de la route avant d&rsquo;entrer en collision avec le poids lourd.<\/p>\n<p>Selon <a class=\"url\" href=\"https:\/\/www.leprogres.fr\/faits-divers-justice\/2025\/05\/30\/choc-frontal-entre-un-camion-et-une-voiture-un-blesse-grave\" target=\"_blank\" rel=\"noopener\">Le Progr\u00e8s<\/a>, l&rsquo;automobiliste a \u00e9t\u00e9 <b>gravement bless\u00e9<\/b> dans le choc. Il a \u00e9t\u00e9 transport\u00e9 en urgence absolue \u00e0 l&rsquo;h\u00f4pital \u00c9douard Herriot de Lyon.<\/p>\n<p>Le chauffeur du camion a \u00e9galement \u00e9t\u00e9 bless\u00e9 dans l&rsquo;accident.<\/p>\n<p><img loading=\"lazy\" decoding=\"async\" src=\"https:\/\/www.europesays.com\/fr\/wp-content\/uploads\/2025\/05\/1748636593_942_img\" width=\"350\" height=\"200\" border=\"0\" title=\"Ville de Mions\"\/><\/p>\n<p>\u25baSoci\u00e9t\u00e9<\/p>\n<p style=\"font-size: 22px;\"><b>Pr\u00e8s de Lyon : apr\u00e8s des incivilit\u00e9s, ce maire instaure un couvre-feu pour les mineurs\u00a0<\/b><\/p>\n<p>Dans un communiqu\u00e9 publi\u00e9 ce jeudi 29 mai, le&#8230;<\/p>\n<p><\/p>\n","protected":false},"excerpt":{"rendered":"Ce vendredi 30 mai, un accident s&rsquo;est produit entre une voiture et un camion \u00e0 Saint-Bonnet-de-Mure, pr\u00e8s de&hellip;\n","protected":false},"author":2,"featured_media":140037,"comment_status":"","ping_status":"","sticky":false,"template":"","format":"standard","meta":{"footnotes":""},"categories":[1889],"tags":[119,1111,11,2430,26747,2918,4504,1777,674,1011,27,2428,12,1311,25,26746],"class_list":{"0":"post-140036","1":"post","2":"type-post","3":"status-publish","4":"format-standard","5":"has-post-thumbnail","7":"category-lyon","8":"tag-accident","9":"tag-actu","10":"tag-actualites","11":"tag-auvergne-rhone-alpes","12":"tag-bless","13":"tag-choc","14":"tag-collision","15":"tag-eu","16":"tag-europe","17":"tag-fr","18":"tag-france","19":"tag-lyon","20":"tag-news","21":"tag-pompiers","22":"tag-republique-francaise","23":"tag-saint-bonnet-de-mure"},"share_on_mastodon":{"url":"https:\/\/pubeurope.com\/@fr\/114598655110903985","error":""},"_links":{"self":[{"href":"https:\/\/www.europesays.com\/fr\/wp-json\/wp\/v2\/posts\/140036","targetHints":{"allow":["GET"]}}],"collection":[{"href":"https:\/\/www.europesays.com\/fr\/wp-json\/wp\/v2\/posts"}],"about":[{"href":"https:\/\/www.europesays.com\/fr\/wp-json\/wp\/v2\/types\/post"}],"author":[{"embeddable":true,"href":"https:\/\/www.europesays.com\/fr\/wp-json\/wp\/v2\/users\/2"}],"replies":[{"embeddable":true,"href":"https:\/\/www.europesays.com\/fr\/wp-json\/wp\/v2\/comments?post=140036"}],"version-history":[{"count":0,"href":"https:\/\/www.europesays.com\/fr\/wp-json\/wp\/v2\/posts\/140036\/revisions"}],"wp:featuredmedia":[{"embeddable":true,"href":"https:\/\/www.europesays.com\/fr\/wp-json\/wp\/v2\/media\/140037"}],"wp:attachment":[{"href":"https:\/\/www.europesays.com\/fr\/wp-json\/wp\/v2\/media?parent=140036"}],"wp:term":[{"taxonomy":"category","embeddable":true,"href":"https:\/\/www.europesays.com\/fr\/wp-json\/wp\/v2\/categories?post=140036"},{"taxonomy":"post_tag","embeddable":true,"href":"https:\/\/www.europesays.com\/fr\/wp-json\/wp\/v2\/tags?post=140036"}],"curies":[{"name":"wp","href":"https:\/\/api.w.org\/{rel}","templated":true}]}}