{"id":140038,"date":"2025-05-30T20:24:12","date_gmt":"2025-05-30T20:24:12","guid":{"rendered":"https:\/\/www.europesays.com\/fr\/140038\/"},"modified":"2025-05-30T20:24:12","modified_gmt":"2025-05-30T20:24:12","slug":"les-temperatures-en-hausse-ce-week-end","status":"publish","type":"post","link":"https:\/\/www.europesays.com\/fr\/140038\/","title":{"rendered":"les temp\u00e9ratures en hausse ce week-end"},"content":{"rendered":"<p>\u00c7a y est, la r\u00e9gion lyonnaise a connu son premier pic de chaleur de la saison, avec des temp\u00e9ratures qui ont d\u00e9pass\u00e9 de 10\u00b0C les normales ce vendredi. A 18 heures, on relevait 31,9\u00b0C \u00e0 la station m\u00e9t\u00e9o de Lyon 7e, d&rsquo;apr\u00e8s les donn\u00e9es d&rsquo;Infoclimat.<\/p>\n<p>Toutefois, pas de record entre Rh\u00f4ne et Sa\u00f4ne. La palme du jour de mai le plus chaud reste au 16 mai 1945 avec 34,2\u00b0C. Plus pr\u00e8s de nous, on avait atteint les 34\u00b0C le 24 mai 2009.<\/p>\n<p>Avec un ciel largement d\u00e9gag\u00e9, offrant un ensoleillement tout au long de la journ\u00e9e, les Lyonnais ont pu profiter de <a href=\"https:\/\/www.leprogres.fr\/meteo\/previsions-detaillees\" target=\"_blank\" rel=\"nofollow noopener\">ce beau temps<\/a> en ce vendredi de pont de l\u2019Ascension.<\/p>\n<p>Jusqu&rsquo;\u00e0 33\u00b0C ce samedi apr\u00e8s-midi<\/p>\n<p>Cela va continuer. Ce week-end la chaleur sera toujours au rendez-vous. Ce samedi, la journ\u00e9e d\u00e9butera sous un ciel partiellement nuageux avec des temp\u00e9ratures avoisinant les 33\u00b0C en apr\u00e8s-midi. Des orages sont possibles en soir\u00e9e, le Rh\u00f4ne est d&rsquo;ailleurs plac\u00e9 en vigilance jaune orages par M\u00e9t\u00e9o France d\u00e8s samedi midi.<\/p>\n<p>Dimanche 1er juin, les conditions seront similaires \u00e0 celles de samedi, avec des temp\u00e9ratures \u00e9lev\u00e9es et un risque d&rsquo;orages en fin de journ\u00e9e.<\/p>\n<p>Attention, la qualit\u00e9 de l&rsquo;air est jug\u00e9e d\u00e9grad\u00e9e par Atmo, notamment en raison de la formation d&rsquo;ozone \u00e0 cause des conditions m\u00e9t\u00e9o. C\u00f4t\u00e9 pollens, c&rsquo;est aussi compliqu\u00e9 avec des gramin\u00e9es tr\u00e8s pr\u00e9sentes.<\/p>\n<p>Le d\u00e9but\u00a0de semaine prochaine devrait \u00eatre marqu\u00e9 par des journ\u00e9es chaudes, avec des temp\u00e9ratures maximales autour de 25 \u00b0C\u00a0 et des minimales proches de 14\u00b0C. Attention, les risques d\u2019orages persisteront.<\/p>\n","protected":false},"excerpt":{"rendered":"\u00c7a y est, la r\u00e9gion lyonnaise a connu son premier pic de chaleur de la saison, avec des&hellip;\n","protected":false},"author":2,"featured_media":140039,"comment_status":"","ping_status":"","sticky":false,"template":"","format":"standard","meta":{"footnotes":""},"categories":[1889],"tags":[1111,11,2430,2757,436,1777,674,107,1011,27,2428,8423,12,25,2429],"class_list":{"0":"post-140038","1":"post","2":"type-post","3":"status-publish","4":"format-standard","5":"has-post-thumbnail","7":"category-lyon","8":"tag-actu","9":"tag-actualites","10":"tag-auvergne-rhone-alpes","11":"tag-edition-lyon-villeurbanne","12":"tag-environnement","13":"tag-eu","14":"tag-europe","15":"tag-fil-info","16":"tag-fr","17":"tag-france","18":"tag-lyon","19":"tag-meteorologie-climat","20":"tag-news","21":"tag-republique-francaise","22":"tag-rhone"},"share_on_mastodon":{"url":"https:\/\/pubeurope.com\/@fr\/114598658897485147","error":""},"_links":{"self":[{"href":"https:\/\/www.europesays.com\/fr\/wp-json\/wp\/v2\/posts\/140038","targetHints":{"allow":["GET"]}}],"collection":[{"href":"https:\/\/www.europesays.com\/fr\/wp-json\/wp\/v2\/posts"}],"about":[{"href":"https:\/\/www.europesays.com\/fr\/wp-json\/wp\/v2\/types\/post"}],"author":[{"embeddable":true,"href":"https:\/\/www.europesays.com\/fr\/wp-json\/wp\/v2\/users\/2"}],"replies":[{"embeddable":true,"href":"https:\/\/www.europesays.com\/fr\/wp-json\/wp\/v2\/comments?post=140038"}],"version-history":[{"count":0,"href":"https:\/\/www.europesays.com\/fr\/wp-json\/wp\/v2\/posts\/140038\/revisions"}],"wp:featuredmedia":[{"embeddable":true,"href":"https:\/\/www.europesays.com\/fr\/wp-json\/wp\/v2\/media\/140039"}],"wp:attachment":[{"href":"https:\/\/www.europesays.com\/fr\/wp-json\/wp\/v2\/media?parent=140038"}],"wp:term":[{"taxonomy":"category","embeddable":true,"href":"https:\/\/www.europesays.com\/fr\/wp-json\/wp\/v2\/categories?post=140038"},{"taxonomy":"post_tag","embeddable":true,"href":"https:\/\/www.europesays.com\/fr\/wp-json\/wp\/v2\/tags?post=140038"}],"curies":[{"name":"wp","href":"https:\/\/api.w.org\/{rel}","templated":true}]}}