{"id":140040,"date":"2025-05-30T20:26:16","date_gmt":"2025-05-30T20:26:16","guid":{"rendered":"https:\/\/www.europesays.com\/fr\/140040\/"},"modified":"2025-05-30T20:26:16","modified_gmt":"2025-05-30T20:26:16","slug":"voici-ou-deguster-cette-patisserie-quon-adore-tous","status":"publish","type":"post","link":"https:\/\/www.europesays.com\/fr\/140040\/","title":{"rendered":"voici o\u00f9 d\u00e9guster cette p\u00e2tisserie qu\u2019on adore tous"},"content":{"rendered":"<p>\n        Direction cette ville de Paris pour d\u00e9couvrir ce dessert populaire r\u00e9alis\u00e9 par une p\u00e2tissi\u00e8re d&rsquo;exception.    <\/p>\n<p class=\"standard\"><a href=\"https:\/\/www.noemiegiorno.com\/\" rel=\"noopener noreferrer nofollow\" target=\"_blank\">No\u00e9mie Giorno<\/a> n&rsquo;a pas toujours \u00e9t\u00e9 p\u00e2tissi\u00e8re. C&rsquo;est<strong> une ancienne cadre bancaire<\/strong> qui, apr\u00e8s avoir quitt\u00e9 une carri\u00e8re prestigieuse, a suivi sa passion pour la p\u00e2tisserie.<\/p>\n<p class=\"standard\">Soutenue par ses proches, elle int\u00e8gre<strong> l\u2019\u00e9cole Ferrandi en 2019<\/strong>. Le destin a fait le reste. En 2022, son r\u00eave prend forme avec l\u2019ouverture de sa propre boutique, My Little Kitchen, au c\u0153ur de Vincennes.<\/p>\n<p class=\"standard\">Aujourd&rsquo;hui, la p\u00e2tisserie attire les gourmands en qu\u00eate de desserts d\u00e9licieux. Beaucoup viennent pour une sp\u00e9cialit\u00e9 en particulier : <strong>son flan \u00e0 la vanille<\/strong>. Voici pourquoi il vaut le d\u00e9tour. <\/p>\n<p>Un dessert incontournable fait avec amour<\/p>\n<p class=\"standard\">Le flan \u00e0 la vanille de No\u00e9mie<strong> co\u00fbte 4,50 euros la part<\/strong>. Il est fait avec soin et c&rsquo;est pour cela qu&rsquo;il est d\u00e9licieux. Non seulement, No\u00e9mie s\u00e9lectionne les meilleurs produits, mais <strong>son flan prend aussi 3 jours \u00e0 faire<\/strong>. Tout commence avec la p\u00e2te, \u00e9l\u00e9ment cl\u00e9 de cette cr\u00e9ation. <\/p>\n<p>La suite apr\u00e8s cette publicit\u00e9<\/p>\n<p class=\"standard\">Celle-ci est pr\u00e9par\u00e9e avec soin, puis laiss\u00e9e au repos pendant 24 heures. <\/p>\n<p class=\"standard\">Cela permet au gluten de se d\u00e9tendre, rendant la p\u00e2te plus \u00e9lastique, facile \u00e0 travailler, et surtout capable de d\u00e9velopper <strong>une texture parfaitement croustillante \u00e0 la cuisson<\/strong>. R\u00e9sultat : une base fine et tendre bien beurr\u00e9e qui coule sous la dent. <\/p>\n<p class=\"standard\">Apr\u00e8s le fon\u00e7age du moule et <strong>la r\u00e9alisation de l\u2019appareil \u00e0 flan<\/strong>, la cr\u00e8me qui le constitue, le dessert passe par <strong>une \u00e9tape cruciale de surg\u00e9lation<\/strong>. Ce passage en cellule permet de stabiliser l\u2019ensemble et de garantir <a href=\"https:\/\/www.marmiton.org\/recettes\/recette_flan-aux-oeufs-maison_86967.aspx\" target=\"_blank\" rel=\"nofollow noopener\">une cuisson homog\u00e8ne<\/a>.<\/p>\n<p class=\"standard\">C&rsquo;est ce qui cr\u00e9e <a href=\"https:\/\/www.marmiton.org\/recettes\/recette_flan-au-caramel-de-ma-mamam_64820.aspx\" target=\"_blank\" rel=\"nofollow noopener\">les diff\u00e9rentes couches du flan <\/a>et sa cro\u00fbte noire ou marron bien embl\u00e9matique. Le flan est ensuite cuit avant d\u2019\u00eatre mis <strong>au repos pendant toute une nuit.<\/strong> <\/p>\n<p class=\"standard\">Ce long processus, qui s\u2019\u00e9tale donc sur trois jours ! Cela garantit un flan riche en saveur avec la texture parfaite. <\/p>\n<p>La suite apr\u00e8s cette publicit\u00e9<\/p>\n<p>Un dessert r\u00e9compens\u00e9 par ce journal prestigieux<\/p>\n<p class=\"standard\"><strong>Le flan de No\u00e9mie<\/strong> est un incontournable. Les habitants de Vincennes et des environs le savent d\u00e9j\u00e0. Ce n&rsquo;est donc pas anodin qu&rsquo;il ait re\u00e7u <strong>un prix prestigieux<\/strong>. Le journal Le Monde a nomm\u00e9<a href=\"https:\/\/www.marmiton.org\/recettes\/recette_flan-patissier-de-ma-grand-mere_81772.aspx\" target=\"_blank\" rel=\"nofollow noopener\"> le dessert<\/a> dans <strong>le top 5 des meilleurs flans d&rsquo;\u00cele-de-France<\/strong>.<\/p>\n<p class=\"standard\">Une r\u00e9compense bien m\u00e9rit\u00e9e ! N&rsquo;h\u00e9sitez donc pas \u00e0 vous rendre <strong>au 5 Rue Lejemptel \u00e0 Vincennes<\/strong> pour le go\u00fbter ! Laissez-vous tenter \u00e9galement <strong>par les d\u00e9licieux cookies de la p\u00e2tissi\u00e8re <\/strong>ou les cr\u00e9ations \u00e9ph\u00e9m\u00e8res m\u00e9langeant le sal\u00e9 et le sucr\u00e9 comme la tarte aux fruits rouges et burrata. <\/p>\n<p class=\"standard\"><strong>\u00c0 lire aussi :<\/strong>\n<\/p>\n<p>La suite apr\u00e8s cette publicit\u00e9<\/p>\n<p>    <a href=\"https:\/\/www.marmiton.org\/author\/27667\" rel=\"nofollow noopener\" target=\"_blank\"><br \/>\n        <img loading=\"lazy\" decoding=\"async\" src=\"https:\/\/www.europesays.com\/fr\/wp-content\/uploads\/2025\/05\/1380983855_s50.jpg\" width=\"50\" height=\"50\" alt=\"H\u00e9lo\u00efse Wilson\"\/><br \/>\n    <\/a><\/p>\n<p>            R\u00e9dactrice cuisine\n    <\/p>\n<p>J&rsquo;ai grandi dans une famille o\u00f9 la cuisine faite avec amour avait une place primordiale. Aujourd\u2019hui, mes domaines de pr\u00e9dilections sont la cuisine v\u00e9g\u00e9tarienne, mais aussi les astuces qui vous \u2026<\/p>\n","protected":false},"excerpt":{"rendered":"Direction cette ville de Paris pour d\u00e9couvrir ce dessert populaire r\u00e9alis\u00e9 par une p\u00e2tissi\u00e8re d&rsquo;exception. No\u00e9mie Giorno n&rsquo;a&hellip;\n","protected":false},"author":2,"featured_media":140041,"comment_status":"","ping_status":"","sticky":false,"template":"","format":"standard","meta":{"footnotes":""},"categories":[1592],"tags":[1111,11,8263,1777,674,1011,27,26748,662,12,626,26749,25],"class_list":{"0":"post-140040","1":"post","2":"type-post","3":"status-publish","4":"format-standard","5":"has-post-thumbnail","7":"category-ile-de-france","8":"tag-actu","9":"tag-actualites","10":"tag-actus-food","11":"tag-eu","12":"tag-europe","13":"tag-fr","14":"tag-france","15":"tag-gu00e2teaux-pu00e2tisserie","16":"tag-ile-de-france","17":"tag-news","18":"tag-paris","19":"tag-pu00e2tisserie","20":"tag-republique-francaise"},"share_on_mastodon":{"url":"https:\/\/pubeurope.com\/@fr\/114598666797905026","error":""},"_links":{"self":[{"href":"https:\/\/www.europesays.com\/fr\/wp-json\/wp\/v2\/posts\/140040","targetHints":{"allow":["GET"]}}],"collection":[{"href":"https:\/\/www.europesays.com\/fr\/wp-json\/wp\/v2\/posts"}],"about":[{"href":"https:\/\/www.europesays.com\/fr\/wp-json\/wp\/v2\/types\/post"}],"author":[{"embeddable":true,"href":"https:\/\/www.europesays.com\/fr\/wp-json\/wp\/v2\/users\/2"}],"replies":[{"embeddable":true,"href":"https:\/\/www.europesays.com\/fr\/wp-json\/wp\/v2\/comments?post=140040"}],"version-history":[{"count":0,"href":"https:\/\/www.europesays.com\/fr\/wp-json\/wp\/v2\/posts\/140040\/revisions"}],"wp:featuredmedia":[{"embeddable":true,"href":"https:\/\/www.europesays.com\/fr\/wp-json\/wp\/v2\/media\/140041"}],"wp:attachment":[{"href":"https:\/\/www.europesays.com\/fr\/wp-json\/wp\/v2\/media?parent=140040"}],"wp:term":[{"taxonomy":"category","embeddable":true,"href":"https:\/\/www.europesays.com\/fr\/wp-json\/wp\/v2\/categories?post=140040"},{"taxonomy":"post_tag","embeddable":true,"href":"https:\/\/www.europesays.com\/fr\/wp-json\/wp\/v2\/tags?post=140040"}],"curies":[{"name":"wp","href":"https:\/\/api.w.org\/{rel}","templated":true}]}}