{"id":140046,"date":"2025-05-30T20:29:09","date_gmt":"2025-05-30T20:29:09","guid":{"rendered":"https:\/\/www.europesays.com\/fr\/140046\/"},"modified":"2025-05-30T20:29:09","modified_gmt":"2025-05-30T20:29:09","slug":"salve-de-mises-en-examen-a-paris-dont-des-mineurs","status":"publish","type":"post","link":"https:\/\/www.europesays.com\/fr\/140046\/","title":{"rendered":"salve de mises en examen \u00e0 Paris, dont des mineurs"},"content":{"rendered":"<p>Une dizaine de personnes, dont au moins trois mineures, ont d\u00e9j\u00e0 \u00e9t\u00e9 mises en examen vendredi \u00e0 Paris, <a target=\"_self\" href=\"https:\/\/www.lanouvellerepublique.fr\/indre\/enlevements-lies-aux-cryptomonnaies-25-suspects-presentes-a-des-juges-d-instruction-1748599365\" rel=\"nofollow noopener\">sur 25 au total devant \u00eatre pr\u00e9sent\u00e9es \u00e0 des juges d\u2019instruction pour une s\u00e9rie d\u2019enl\u00e8vements, ou de tentatives, dans le milieu des cryptomonnaies.<\/a>\u00a0Plusieurs ont \u00e9t\u00e9 plac\u00e9es en d\u00e9tention provisoire, et trois sous contr\u00f4le judiciaire. D\u2019autres attendaient toujours vers 21\u00a0h de compara\u00eetre devant des juges des libert\u00e9s et de la d\u00e9tention (JLD), a constat\u00e9 une journaliste de l\u2019AFP.<\/p>\n<p>L\u2019information judiciaire porte notamment sur <a target=\"_self\" href=\"https:\/\/www.lanouvellerepublique.fr\/a-la-une\/un-couple-echappe-a-une-tentative-d-enlevement-en-pleine-rue-a-paris-1747138800\" rel=\"nofollow noopener\">la tentative d\u2019enl\u00e8vement de la fille et du petit-fils du PDG de la soci\u00e9t\u00e9 sp\u00e9cialis\u00e9e Paymium, le 13\u00a0mai<\/a> en pleine rue, dans le 11e arrondissement de la capitale.<\/p>\n<p>Mais aussi sur \u00ab\u00a0d\u2019autres projets non aboutis\u00a0\u00bb, a pr\u00e9cis\u00e9 le parquet de Paris. Comme une premi\u00e8re tentative d\u2019enl\u00e8vement des proches du PDG de Paymium, le 12\u00a0mai, d\u2019apr\u00e8s plusieurs sources proches du dossier. Ou <a target=\"_self\" href=\"https:\/\/www.lanouvellerepublique.fr\/a-la-une\/cryptomonnaies-une-nouvelle-tentative-d-enlevement-dejouee-pres-de-nantes-plus-de-vingt-interpellations-1748352652\" rel=\"nofollow noopener\">un projet d\u2019enl\u00e8vement pr\u00e8s de Nantes<\/a>, d\u00e9jou\u00e9 in extremis par les forces de l\u2019ordre. Dans celui-ci, deux commandos avec deux camionnettes devaient \u00eatre utilis\u00e9es, selon l\u2019une de ces sources. L\u2019un des commandos a \u00e9t\u00e9 rep\u00e9r\u00e9 car il utilisait la m\u00eame camionnette que celui ayant op\u00e9r\u00e9 le 13\u00a0mai, a pr\u00e9cis\u00e9 vendredi une autre source proche.<\/p>\n<p>\u00ab\u00a0Hame\u00e7onn\u00e9s par de l\u2019argent\u00a0\u00bb<\/p>\n<p>Pour Ambroise Vienet-Legu\u00e9, qui d\u00e9fend l\u2019un des suspects du volet nantais, ce dossier se caract\u00e9rise par des \u00ab\u00a0profils tr\u00e8s jeunes, hame\u00e7onn\u00e9s par de l\u2019argent puis pris dans une dynamique qui les d\u00e9passe\u00a0\u00bb. \u00ab\u00a0Mon client a reconnu avoir \u00e9t\u00e9 l\u2019un des fusibles d\u2019une machine criminelle\u00a0\u00bb et \u00ab\u00a0regrette am\u00e8rement\u00a0\u00bb, a assur\u00e9 son avocat. Le suspect, 18\u00a0ans, a \u00e9t\u00e9 plac\u00e9 en d\u00e9tention provisoire.<\/p>\n<p>\u00ab\u00a0Mon client, fra\u00eechement 18\u00a0ans et recrut\u00e9 par des personnes aguerries risque d\u2019aller en d\u00e9tention \u00e0 cause d\u2019un contexte o\u00f9 la justice veut faire passer un message, sans individualiser\u00a0\u00bb, s\u2019est inqui\u00e9t\u00e9 Me Sobieslaw Bemmoussat, autre avocat en d\u00e9fense.<\/p>\n<p>L\u2019un des trois mis en examen plac\u00e9s sous contr\u00f4le judiciaire est un homme de 23\u00a0ans soup\u00e7onn\u00e9 d\u2019avoir v\u00e9hicul\u00e9 \u00ab\u00a0une personne \u00e0 la demande d\u2019un tiers\u00a0\u00bb, selon une troisi\u00e8me source proche. \u00ab\u00a0La JLD a retenu la particularit\u00e9 du profil de notre client, qui n\u2019a rien \u00e0 voir avec l\u2019affaire\u00a0\u00bb, se sont f\u00e9licit\u00e9s ses avocats, Mahaut Laravoire et Adrien Sorrentino.<\/p>\n<p>\u00ab\u00a0Il est rassurant de constater que dans un dossier \u00e0 fort \u00e9cho m\u00e9diatique les magistrats fassent la part des choses et tiennent encore compte de la minorit\u00e9 des mis en examen\u00a0\u00bb, a aussi comment\u00e9 Julien Fresnault, avocat d\u2019un adolescent de 16\u00a0ans, accus\u00e9 d\u2019\u00eatre impliqu\u00e9 dans la tentative avort\u00e9e du 12\u00a0mai.<\/p>\n","protected":false},"excerpt":{"rendered":"Une dizaine de personnes, dont au moins trois mineures, ont d\u00e9j\u00e0 \u00e9t\u00e9 mises en examen vendredi \u00e0 Paris,&hellip;\n","protected":false},"author":2,"featured_media":140047,"comment_status":"","ping_status":"","sticky":false,"template":"","format":"standard","meta":{"footnotes":""},"categories":[1888],"tags":[328,11,1777,674,274,1011,27,329,12,626,25],"class_list":{"0":"post-140046","1":"post","2":"type-post","3":"status-publish","4":"format-standard","5":"has-post-thumbnail","7":"category-paris","8":"tag-a-la-une","9":"tag-actualites","10":"tag-eu","11":"tag-europe","12":"tag-faits-divers-justice","13":"tag-fr","14":"tag-france","15":"tag-france-monde","16":"tag-news","17":"tag-paris","18":"tag-republique-francaise"},"share_on_mastodon":{"url":"https:\/\/pubeurope.com\/@fr\/114598679061240784","error":""},"_links":{"self":[{"href":"https:\/\/www.europesays.com\/fr\/wp-json\/wp\/v2\/posts\/140046","targetHints":{"allow":["GET"]}}],"collection":[{"href":"https:\/\/www.europesays.com\/fr\/wp-json\/wp\/v2\/posts"}],"about":[{"href":"https:\/\/www.europesays.com\/fr\/wp-json\/wp\/v2\/types\/post"}],"author":[{"embeddable":true,"href":"https:\/\/www.europesays.com\/fr\/wp-json\/wp\/v2\/users\/2"}],"replies":[{"embeddable":true,"href":"https:\/\/www.europesays.com\/fr\/wp-json\/wp\/v2\/comments?post=140046"}],"version-history":[{"count":0,"href":"https:\/\/www.europesays.com\/fr\/wp-json\/wp\/v2\/posts\/140046\/revisions"}],"wp:featuredmedia":[{"embeddable":true,"href":"https:\/\/www.europesays.com\/fr\/wp-json\/wp\/v2\/media\/140047"}],"wp:attachment":[{"href":"https:\/\/www.europesays.com\/fr\/wp-json\/wp\/v2\/media?parent=140046"}],"wp:term":[{"taxonomy":"category","embeddable":true,"href":"https:\/\/www.europesays.com\/fr\/wp-json\/wp\/v2\/categories?post=140046"},{"taxonomy":"post_tag","embeddable":true,"href":"https:\/\/www.europesays.com\/fr\/wp-json\/wp\/v2\/tags?post=140046"}],"curies":[{"name":"wp","href":"https:\/\/api.w.org\/{rel}","templated":true}]}}