{"id":140054,"date":"2025-05-30T20:33:09","date_gmt":"2025-05-30T20:33:09","guid":{"rendered":"https:\/\/www.europesays.com\/fr\/140054\/"},"modified":"2025-05-30T20:33:09","modified_gmt":"2025-05-30T20:33:09","slug":"gros-moteurs-burgers-et-rocknroll-a-delle-le-festival-motors-show-fait-voyager-aux-usa","status":"publish","type":"post","link":"https:\/\/www.europesays.com\/fr\/140054\/","title":{"rendered":"Gros moteurs, burgers et rock\u2019n\u2019roll\u00a0: \u00e0 Delle, le Festival Motors Show fait voyager aux USA"},"content":{"rendered":"<p>Ford rutilantes, Cadillacs vintage et vrombissements \u00e0 faire trembler les vitres&#8230; Ce week-end, Delle a troqu\u00e9 ses habitudes pour un accent am\u00e9ricain bien marqu\u00e9. Le stade des Fromentaux accueille jusqu\u2019\u00e0 ce dimanche soir la seconde \u00e9dition du Festival Motors Show, un festival 100% am\u00e9ricain.<\/p>\n<p>Pour se sentir aux \u00c9tats-Unis, tout y est\u00a0: les grosses cylindr\u00e9es, <strong>les shows de moto spectaculaires, le catch, les santiags, et bien s\u00fbr&#8230; les hamburgers<\/strong>. Parmi les visiteurs du Festival Motors Show, Ludovic a les yeux qui brillent devant les voitures. Il a fait une heure de route avec sa femme et sa fille pour venir ici car il y a beaucoup de choses qui le passionnent\u00a0: \u00ab\u00a0le r\u00eave am\u00e9ricain, un peu le rockabilly, les belles voitures&#8230; et les hamburgers aussi\u00a0!\u00a0\u00bb<\/p>\n<p>Et le r\u00eave am\u00e9ricain se vit aussi par le go\u00fbt\u00a0: burgers juteux, frites croustillantes, hot-dogs\u2026 Sur le stand de Nancy, \u00e7a cr\u00e9pite pour nourrir les visiteurs. Elle, l\u2019Am\u00e9rique, elle l\u2019a adopt\u00e9e \u00e0 sa mani\u00e8re\u00a0: en ouvrant un diner traditionnel avec son mari\u00a0: le Robin&rsquo;s Family Diner situ\u00e9 \u00e0 Joncherey. Dimanche ils f\u00eateront les sept ans d&rsquo;ouverture directement dans leur stand au festival. Leur passion pour le pays vient aussi de la mentalit\u00e9 am\u00e9ricaine <strong>\u00ab\u00a0Ils sont tr\u00e8s patriotes, tr\u00e8s drapeau, tr\u00e8s symboles. Et nous en France \u00e7a se perd \u00e7a\u00a0! \u00ab\u00a0, explique-t-elle am\u00e8re.<\/strong><\/p>\n<p><img loading=\"lazy\" decoding=\"async\" class=\"VisualPreview svelte-1rldrkz\" src=\"data:image\/jpeg;base64,\/9j\/2wBDACgcHiMeGSgjISMtKygwPGRBPDc3PHtYXUlkkYCZlo+AjIqgtObDoKrarYqMyP\/L2u71\/\/\/\/m8H\/\/\/\/6\/+b9\/\/j\/2wBDASstLTw1PHZBQXb4pYyl+Pj4+Pj4+Pj4+Pj4+Pj4+Pj4+Pj4+Pj4+Pj4+Pj4+Pj4+Pj4+Pj4+Pj4+Pj4+Pj4+Pj\/wAARCAAXACoDASIAAhEBAxEB\/8QAFgABAQEAAAAAAAAAAAAAAAAAAQAC\/8QAFxABAQEBAAAAAAAAAAAAAAAAAAEREv\/EABcBAQEBAQAAAAAAAAAAAAAAAAEAAgP\/xAAXEQEBAQEAAAAAAAAAAAAAAAAAERIB\/9oADAMBAAIRAxEAPwABob0xAkcWlAMbxYNGNWM4k5c60cMiRJkPKSL\/2Q==\" alt=\"Une trentaine de voitures \u00e9taient d\u00e9j\u00e0 pr\u00e9sentes vendredi apr\u00e8s-midi.\" width=\"600\" height=\"337\"\/>  Une trentaine de voitures \u00e9taient d\u00e9j\u00e0 pr\u00e9sentes vendredi apr\u00e8s-midi. \u00a9 Radio France &#8211; Chlo\u00e9 LavoisardDu metal, du rock et des flammes<\/p>\n<p>Plus loin dans les all\u00e9es, le speaker, Denis, attire l&rsquo;attention. \u00ab\u00a0Du metal, du rock et des flammes\u00a0!\u00a0\u00bb, crie-t-il dans son micro. Habill\u00e9 comme l&rsquo;Oncle Sam, ce passionn\u00e9 des \u00c9tats-Unis met l&rsquo;ambiance. Il est l&rsquo;un des rares ici \u00e0 avoir d\u00e9j\u00e0 voyag\u00e9 l\u00e0-bas\u00a0:\u00a0\u00ab\u00a0Las Vegas, la route 66, le Grand Canyon&#8230; Moi \u00e7a continue \u00e0 me faire r\u00eaver.\u00a0\u00bb<\/p>\n<p>Une des grandes installations du festival, c&rsquo;est le campement militaire am\u00e9ricain du club Histoire M\u00e9moire d&rsquo;Alsace bas\u00e9 \u00e0 Walheim. Sous une tente qui date de la Seconde Guerre mondiale, les membres de l&rsquo;association de reconstitution ont tout fait pour cr\u00e9er un d\u00e9cor d&rsquo;\u00e9poque. C&rsquo;est ainsi que, habill\u00e9s en v\u00eatements de soldats, ils expliquent les usages des diff\u00e9rents objets du campement. Les plus chanceux peuvent m\u00eame esp\u00e9rer faire un tour de Jeep\u00a0!<\/p>\n<p><img loading=\"lazy\" decoding=\"async\" class=\"VisualPreview svelte-1rldrkz\" src=\"data:image\/jpeg;base64,\/9j\/2wBDACgcHiMeGSgjISMtKygwPGRBPDc3PHtYXUlkkYCZlo+AjIqgtObDoKrarYqMyP\/L2u71\/\/\/\/m8H\/\/\/\/6\/+b9\/\/j\/2wBDASstLTw1PHZBQXb4pYyl+Pj4+Pj4+Pj4+Pj4+Pj4+Pj4+Pj4+Pj4+Pj4+Pj4+Pj4+Pj4+Pj4+Pj4+Pj4+Pj4+Pj\/wAARCAAXACoDASIAAhEBAxEB\/8QAFwABAQEBAAAAAAAAAAAAAAAAAAIBA\/\/EABcQAQEBAQAAAAAAAAAAAAAAAAABERL\/xAAWAQEBAQAAAAAAAAAAAAAAAAABAAL\/xAAWEQEBAQAAAAAAAAAAAAAAAAAAEQH\/2gAMAwEAAhEDEQA\/AMsTY6VLENRjOVmBOfJjpjMKdKigWcNNANNASf\/Z\" alt=\"Le campement militaire am\u00e9ricain du Club histoire m\u00e9moire alsacienne.\" width=\"600\" height=\"337\"\/>  Le campement militaire am\u00e9ricain du Club histoire m\u00e9moire alsacienne. \u00a9 Radio France &#8211; Chlo\u00e9 Lavoisard<\/p>\n<p>Derri\u00e8re tout \u00e7a, il y a Claude, pr\u00e9sident du Family Motor Club.\u00a0\u00ab\u00a0On est tous un peu fans. On a customis\u00e9 des voitures tout cet hiver pour les pr\u00e9senter aujourd&rsquo;hui aux festivaliers. Je crois que nous sommes des grands enfants passionn\u00e9s de belles voitures am\u00e9ricaines\u00a0\u00bb,\u00a0dit-il souriant.\u00a0<strong>Et il a m\u00eame un r\u00eave plus grand\u00a0: emmener l&rsquo;ensemble des adh\u00e9rents du Moto Club aux Etats-Unis pour d\u00e9couvrir ensemble le pays.<\/strong>\u00a0Un r\u00eave qui &#8211; il l&rsquo;esp\u00e8re &#8211; pourra se r\u00e9aliser gr\u00e2ce aux b\u00e9n\u00e9fices du week-end.<\/p>\n<p>loading<\/p>\n","protected":false},"excerpt":{"rendered":"Ford rutilantes, Cadillacs vintage et vrombissements \u00e0 faire trembler les vitres&#8230; Ce week-end, Delle a troqu\u00e9 ses habitudes&hellip;\n","protected":false},"author":2,"featured_media":140055,"comment_status":"","ping_status":"","sticky":false,"template":"","format":"standard","meta":{"footnotes":""},"categories":[1589],"tags":[11,73,1866,12,1864,1865,1863,308],"class_list":{"0":"post-140054","1":"post","2":"type-post","3":"status-publish","4":"format-standard","5":"has-post-thumbnail","7":"category-etats-unis","8":"tag-actualites","9":"tag-etats-unis","10":"tag-etats-unis-damerique","11":"tag-news","12":"tag-united-states","13":"tag-united-states-of-america","14":"tag-us","15":"tag-usa"},"share_on_mastodon":{"url":"https:\/\/pubeurope.com\/@fr\/114598694359962336","error":""},"_links":{"self":[{"href":"https:\/\/www.europesays.com\/fr\/wp-json\/wp\/v2\/posts\/140054","targetHints":{"allow":["GET"]}}],"collection":[{"href":"https:\/\/www.europesays.com\/fr\/wp-json\/wp\/v2\/posts"}],"about":[{"href":"https:\/\/www.europesays.com\/fr\/wp-json\/wp\/v2\/types\/post"}],"author":[{"embeddable":true,"href":"https:\/\/www.europesays.com\/fr\/wp-json\/wp\/v2\/users\/2"}],"replies":[{"embeddable":true,"href":"https:\/\/www.europesays.com\/fr\/wp-json\/wp\/v2\/comments?post=140054"}],"version-history":[{"count":0,"href":"https:\/\/www.europesays.com\/fr\/wp-json\/wp\/v2\/posts\/140054\/revisions"}],"wp:featuredmedia":[{"embeddable":true,"href":"https:\/\/www.europesays.com\/fr\/wp-json\/wp\/v2\/media\/140055"}],"wp:attachment":[{"href":"https:\/\/www.europesays.com\/fr\/wp-json\/wp\/v2\/media?parent=140054"}],"wp:term":[{"taxonomy":"category","embeddable":true,"href":"https:\/\/www.europesays.com\/fr\/wp-json\/wp\/v2\/categories?post=140054"},{"taxonomy":"post_tag","embeddable":true,"href":"https:\/\/www.europesays.com\/fr\/wp-json\/wp\/v2\/tags?post=140054"}],"curies":[{"name":"wp","href":"https:\/\/api.w.org\/{rel}","templated":true}]}}