{"id":140058,"date":"2025-05-30T20:35:09","date_gmt":"2025-05-30T20:35:09","guid":{"rendered":"https:\/\/www.europesays.com\/fr\/140058\/"},"modified":"2025-05-30T20:35:09","modified_gmt":"2025-05-30T20:35:09","slug":"lallemagne-envisage-de-taxer-plus-fortement-les-geants-du-numerique-pour-un-systeme-plus-equitable","status":"publish","type":"post","link":"https:\/\/www.europesays.com\/fr\/140058\/","title":{"rendered":"L&rsquo;Allemagne envisage de taxer plus fortement les g\u00e9ants du num\u00e9rique, pour \u00abun syst\u00e8me plus \u00e9quitable\u00bb"},"content":{"rendered":"<p>Cette taxe sur les revenus publicitaires des plateformes en Allemagne aurait pour but de \u00abr\u00e9\u00e9quilibrer les disparit\u00e9s entre les g\u00e9ants de la technologie et les entreprises de m\u00e9dias traditionnelles\u00bb.<\/p>\n<p class=\"fig-paragraph\">L&rsquo;Allemagne r\u00e9fl\u00e9chit \u00e0 introduire une taxe sur les revenus publicitaires des g\u00e9ants du num\u00e9rique comme les am\u00e9ricains\u00a0<a href=\"http:\/\/www.lefigaro.fr\/medias\/la-commission-europeenne-met-la-pression-sur-google-et-meta-en-appelant-a-la-conformite-20250319\" data-fig-type=\"Article\" data-gtm-custom-categorie=\"navigation\" data-gtm-custom-action=\"crossclick\" data-gtm-custom-label=\"Contextuel\" data-gtm-event=\"customEventSPE\" data-fig-domain=\"LEFIGARO\" target=\"_blank\" rel=\"noopener\">Google et Meta<\/a>, un projet susceptible d&rsquo;alimenter les tensions commerciales entre Berlin et Washington. Il est \u00abjuste de s&rsquo;y atteler rapidement\u00bb pour cr\u00e9er \u00abun syst\u00e8me plus \u00e9quitable\u00bb, a d\u00e9clar\u00e9 vendredi le ministre des Affaires num\u00e9riques et de la modernisation de l&rsquo;\u00c9tat Philipp Amthor au journal die Welt. Les poids lourds de la tech \u00abpratiquent habilement l&rsquo;\u00e9vasion fiscale\u00bb en Allemagne, tandis que \u00abtout est tax\u00e9\u00bb pour les PME et les artisans, a-t-il dit.<\/p>\n<p class=\"fig-paragraph\">La veille, le ministre en charge des m\u00e9dias et de la culture Wolfram Weimer avait r\u00e9v\u00e9l\u00e9 l&rsquo;\u00e9laboration en cours d&rsquo;un projet de loi visant \u00e0 taxer les revenus publicitaires des plateformes en Allemagne \u00e0 hauteur de 10%. Les plateformes \u00abont \u00e9norm\u00e9ment profit\u00e9 de la performance m\u00e9diatique et culturelle ainsi que de l&rsquo;infrastructure de notre pays\u00bb, a-t-il ajout\u00e9 dans une interview au journal S\u00fcddeutsche Zeitung, disant avoir dans son viseur Alphabet, la soci\u00e9t\u00e9 m\u00e8re de Google, Meta, qui d\u00e9tient Facebook, et d&rsquo;autres plateformes. Le nouveau gouvernement du conservateur Friedrich Merz, alli\u00e9 aux sociaux-d\u00e9mocrates, a promis de travailler \u00e0 la mise en place d&rsquo;une telle taxe, dont les recettes seraient revers\u00e9es au secteur m\u00e9diatique allemand.<\/p>\n<p class=\"fig-paragraph\">Wolfram Weimer, un ancien r\u00e9dacteur en chef de plusieurs m\u00e9dias allemands, a assur\u00e9 vouloir dialoguer avec les repr\u00e9sentants du secteur. Il s&rsquo;est dit inspir\u00e9 par l&rsquo;Autriche, qui a instaur\u00e9 en 2020 un imp\u00f4t de 5% sur les revenus publicitaires des poids lourds du num\u00e9rique. Selon le ministre, l&rsquo;heure presse car l&rsquo;Allemagne se rend \u00abdangereusement d\u00e9pendante de l&rsquo;infrastructure technologique des Am\u00e9ricains\u00bb. Il a notamment d\u00e9nonc\u00e9 les entreprises \u00abde type monopolistique\u00bb qui mettent \u00aben p\u00e9ril la diversit\u00e9 des m\u00e9dias\u00bb et \u00abla libert\u00e9 des discours\u00bb, pointant du doigt par exemple le fait que Google ait rebaptis\u00e9 le Golfe du Mexique en Golfe de l&rsquo;Am\u00e9rique, sous la pression d&rsquo;un d\u00e9cret vivement controvers\u00e9 de Donald Trump.<\/p>\n<p class=\"fig-paragraph\">\u00abUne taxe num\u00e9rique commencerait enfin \u00e0 r\u00e9\u00e9quilibrer les disparit\u00e9s entre les g\u00e9ants de la technologie et les entreprises de m\u00e9dias traditionnelles\u00bb, a salu\u00e9 le syndicat allemand des services Ver.di dans un communiqu\u00e9. L&rsquo;Allemagne rejoint la position d&rsquo;autres pays europ\u00e9ens, dont la France. Au point mort depuis quelque temps, le projet d&rsquo;une taxe num\u00e9rique au niveau europ\u00e9en a aussi refait surface depuis l&rsquo;annonce des droits de douane d\u00e9cr\u00e9t\u00e9s par l&rsquo;administration Trump.<\/p>\n","protected":false},"excerpt":{"rendered":"Cette taxe sur les revenus publicitaires des plateformes en Allemagne aurait pour but de \u00abr\u00e9\u00e9quilibrer les disparit\u00e9s entre&hellip;\n","protected":false},"author":2,"featured_media":140059,"comment_status":"","ping_status":"","sticky":false,"template":"","format":"standard","meta":{"footnotes":""},"categories":[1587],"tags":[339,11,672,340,1804,343,345,350,130,344,352,1805,349,1803,33,341,313,1777,674,1801,346,342,353,351,347,12,4125,348,1802,16033,354],"class_list":{"0":"post-140058","1":"post","2":"type-post","3":"status-publish","4":"format-standard","5":"has-post-thumbnail","7":"category-allemagne","8":"tag-actualite-economique","9":"tag-actualites","10":"tag-allemagne","11":"tag-bourse","12":"tag-bundesrepublik-deutschland","13":"tag-cac-40","14":"tag-chef-dentreprise","15":"tag-concurrence","16":"tag-consommation","17":"tag-creation-dentreprise","18":"tag-crise","19":"tag-de","20":"tag-delocalisations","21":"tag-deutschland","22":"tag-economie","23":"tag-emploi","24":"tag-entreprises","25":"tag-eu","26":"tag-europe","27":"tag-germany","28":"tag-grands-patrons","29":"tag-impots","30":"tag-licenciements","31":"tag-monopole","32":"tag-multinationales","33":"tag-news","34":"tag-numerique","35":"tag-privatisation","36":"tag-republique-federale-dallemagne","37":"tag-tech","38":"tag-unio"},"share_on_mastodon":{"url":"","error":"Validation failed: Text character limit of 500 exceeded"},"_links":{"self":[{"href":"https:\/\/www.europesays.com\/fr\/wp-json\/wp\/v2\/posts\/140058","targetHints":{"allow":["GET"]}}],"collection":[{"href":"https:\/\/www.europesays.com\/fr\/wp-json\/wp\/v2\/posts"}],"about":[{"href":"https:\/\/www.europesays.com\/fr\/wp-json\/wp\/v2\/types\/post"}],"author":[{"embeddable":true,"href":"https:\/\/www.europesays.com\/fr\/wp-json\/wp\/v2\/users\/2"}],"replies":[{"embeddable":true,"href":"https:\/\/www.europesays.com\/fr\/wp-json\/wp\/v2\/comments?post=140058"}],"version-history":[{"count":0,"href":"https:\/\/www.europesays.com\/fr\/wp-json\/wp\/v2\/posts\/140058\/revisions"}],"wp:featuredmedia":[{"embeddable":true,"href":"https:\/\/www.europesays.com\/fr\/wp-json\/wp\/v2\/media\/140059"}],"wp:attachment":[{"href":"https:\/\/www.europesays.com\/fr\/wp-json\/wp\/v2\/media?parent=140058"}],"wp:term":[{"taxonomy":"category","embeddable":true,"href":"https:\/\/www.europesays.com\/fr\/wp-json\/wp\/v2\/categories?post=140058"},{"taxonomy":"post_tag","embeddable":true,"href":"https:\/\/www.europesays.com\/fr\/wp-json\/wp\/v2\/tags?post=140058"}],"curies":[{"name":"wp","href":"https:\/\/api.w.org\/{rel}","templated":true}]}}