{"id":140062,"date":"2025-05-30T20:37:11","date_gmt":"2025-05-30T20:37:11","guid":{"rendered":"https:\/\/www.europesays.com\/fr\/140062\/"},"modified":"2025-05-30T20:37:11","modified_gmt":"2025-05-30T20:37:11","slug":"la-commissaire-europeenne-jessika-roswall-soutient-la-communaute-lgbtq-en-hongrie","status":"publish","type":"post","link":"https:\/\/www.europesays.com\/fr\/140062\/","title":{"rendered":"La commissaire europ\u00e9enne Jessika Roswall soutient la communaut\u00e9 LGBTQ en Hongrie"},"content":{"rendered":"<p>La commissaire europ\u00e9enne charg\u00e9e de l&rsquo;Environnement et de la R\u00e9silience de l&rsquo;eau, Jessika Roswall, affirme que \u00ab\u00a0toute personne souhaitant se joindre \u00e0 la solidarit\u00e9 avec la communaut\u00e9 LGBTQ en Hongrie devrait le faire\u00a0\u00bb.<\/p>\n<p>Elle r\u00e9agissait \u00e0 la r\u00e9cente d\u00e9cision du gouvernement hongrois de Viktor Orb\u00e1n d&rsquo;<a href=\"https:\/\/fr.news.yahoo.com\/hongrie-interdit-marche-fiert%C3%A9s-225115974.html\" data-ylk=\"slk:interdire la Marche des fiert\u00e9s;elm:context_link;itc:0;sec:content-canvas;outcm:mb_qualified_link;_E:mb_qualified_link;ct:story;\" class=\"link  yahoo-link\" target=\"_blank\" rel=\"noopener\"><strong>interdire la Marche des fiert\u00e9s<\/strong><\/a>, une mesure qui a \u00e9t\u00e9 fermement critiqu\u00e9e par une majorit\u00e9 d&rsquo;\u00c9tats membres de l&rsquo;UE, dont la France, l&rsquo;Allemagne et l&rsquo;Espagne.<\/p>\n<p>\u00ab\u00a0L&rsquo;Union europ\u00e9enne\u00a0repose sur des valeurs que nous d\u00e9fendons tous et elle subit une pression sur ce sujet,\u00a0sur ces valeurs pr\u00e9cieuses\u00a0que sont la libert\u00e9 des personnes, la libert\u00e9 d&rsquo;aimer qui on veut,\u00a0l&rsquo;\u00c9tat de droit etc.\u00a0\u00bb, d\u00e9clare Jessika Roswall.<\/p>\n<p>\u00ab\u00a0Je soutiens donc cela\u00a0et j&rsquo;ai moi-m\u00eame particip\u00e9 \u00e0\u00a0de\u00a0nombreuses Marche des fiert\u00e9s \u00e0 Stockholm\u00a0et dans la petite ville o\u00f9 j&rsquo;habite\u00a0\u00bb.<\/p>\n<p><img decoding=\"async\" class=\"caas-img caas-lazy has-preview\" alt=\"Une femme brandit le message &quot;\u00c0 bas le gouvernement fasciste&quot; pour protester contre l'interdiction de la Marche des fiert\u00e9s \u00e0 Budapest, le 1er mai 2025\" src=\"https:\/\/www.europesays.com\/fr\/wp-content\/uploads\/2025\/05\/18c8b8f315bf5963c4adce4184dfc2b2.jpeg\"\/><\/p>\n<p> Une femme brandit le message \u00ab\u00a0\u00c0 bas le gouvernement fasciste\u00a0\u00bb pour protester contre l&rsquo;interdiction de la Marche des fiert\u00e9s \u00e0 Budapest, le 1er mai 2025   &#8211; AP Photo <\/p>\n<p>Pendant ce temps, une source de la Commission europ\u00e9enne a d\u00e9clar\u00e9 \u00e0 Euronews qu&rsquo;il \u00e9tait peu probable que les commissaires europ\u00e9ens se solidarisent avec la communaut\u00e9 LGBTQ+, car cela pourrait \u00eatre per\u00e7u comme une \u00ab\u00a0provocation\u00a0\u00bb par le Premier ministre hongrois Viktor Orb\u00e1n et l&rsquo;amener \u00e0 accuser l&rsquo;UE d&rsquo;interf\u00e9rer dans les affaires hongroises.<\/p>\n<p>\u00ab\u00a0Je pense que cela ferait le jeu de Viktor Orb\u00e1n si des hauts fonctionnaires de Bruxelles se pr\u00e9sentaient [\u00e0 la Marche des fiert\u00e9s]\u00a0\u00bb, affirme la source.<\/p>\n<p>La Marche des fiert\u00e9s aura lieu en juin \u00e0 Budapest, au m\u00e9pris de la nouvelle loi<\/p>\n<p>Toutefois, des experts en droit et certains \u00c9tats membres soutiennent que la Commission europ\u00e9enne est oblig\u00e9e de prot\u00e9ger les droits et les libert\u00e9s des citoyens de l&rsquo;UE en vertu de l&rsquo;article 2 du trait\u00e9 de l&rsquo;UE.<\/p>\n<p>Un groupe de 17 \u00c9tats membres dirig\u00e9 par les Pays-Bas a ainsi sign\u00e9 une d\u00e9claration condamnant la d\u00e9cision hongroise.<\/p>\n<p>Nous sommes \u00ab\u00a0pr\u00e9occup\u00e9s par les implications de ces mesures sur la libert\u00e9 d&rsquo;expression, le droit de r\u00e9union pacifique et le droit \u00e0 la vie priv\u00e9e\u00a0\u00bb, peut-on lire dans cette d\u00e9claration.<\/p>\n<p><img decoding=\"async\" class=\"caas-img caas-lazy has-preview\" alt=\"Le Premier ministre hongrois Viktor Orb\u00e1n arrive au sommet de la Communaut\u00e9 politique europ\u00e9enne \u00e0 Tirana, en Albanie, le 16 mai 2025\" src=\"https:\/\/www.europesays.com\/fr\/wp-content\/uploads\/2025\/05\/205c7a1f25bffa13a0a408b13547ba5f.jpeg\"\/><\/p>\n<p> Le Premier ministre hongrois Viktor Orb\u00e1n arrive au sommet de la Communaut\u00e9 politique europ\u00e9enne \u00e0 Tirana, en Albanie, le 16 mai 2025   &#8211; AP Photo <\/p>\n<p>Le commissaire europ\u00e9en charg\u00e9 de la Justice et de l&rsquo;\u00c9tat de droit, Michael McGrath, estime \u00e9galement que <a href=\"https:\/\/fr.news.yahoo.com\/marche-contre-lhomophobie-interdite-%C3%A0-164004149.html\" data-ylk=\"slk:la libert\u00e9 de r\u00e9union;elm:context_link;itc:0;sec:content-canvas;outcm:mb_qualified_link;_E:mb_qualified_link;ct:story;\" class=\"link  yahoo-link\" target=\"_blank\" rel=\"noopener\"><strong>la libert\u00e9 de r\u00e9union<\/strong><\/a> est un droit fondamental qui doit \u00eatre prot\u00e9g\u00e9.<\/p>\n<p>Il conteste par ailleurs les affirmations selon lesquelles la Marche des fiert\u00e9s repr\u00e9senterait un danger pour les enfants, comme l&rsquo;a soutenu le Parlement hongrois pour justifier la nouvelle loi.<\/p>\n<p>La Marche des fiert\u00e9s de Budapest aura lieu le 28 juin, au m\u00e9pris de la nouvelle loi, et si plusieurs d\u00e9put\u00e9s europ\u00e9ens ont fait part de leur intention d&rsquo;y assister, aucun commissaire europ\u00e9en ne l&rsquo;a fait pour le moment.<\/p>\n","protected":false},"excerpt":{"rendered":"La commissaire europ\u00e9enne charg\u00e9e de l&rsquo;Environnement et de la R\u00e9silience de l&rsquo;eau, Jessika Roswall, affirme que \u00ab\u00a0toute personne&hellip;\n","protected":false},"author":2,"featured_media":140063,"comment_status":"","ping_status":"","sticky":false,"template":"","format":"standard","meta":{"footnotes":""},"categories":[1586],"tags":[11,2196,1777,674,1779,1011,27,26751,26750,24310,12,25,1778,364,7247],"class_list":{"0":"post-140062","1":"post","2":"type-post","3":"status-publish","4":"format-standard","5":"has-post-thumbnail","7":"category-europe","8":"tag-actualites","9":"tag-commission-europeenne","10":"tag-eu","11":"tag-europe","12":"tag-european-union","13":"tag-fr","14":"tag-france","15":"tag-jessika-roswall","16":"tag-la-marche","17":"tag-marche-des-fiertes","18":"tag-news","19":"tag-republique-francaise","20":"tag-ue","21":"tag-union-europeenne","22":"tag-viktor-orban"},"share_on_mastodon":{"url":"https:\/\/pubeurope.com\/@fr\/114598710308882109","error":""},"_links":{"self":[{"href":"https:\/\/www.europesays.com\/fr\/wp-json\/wp\/v2\/posts\/140062","targetHints":{"allow":["GET"]}}],"collection":[{"href":"https:\/\/www.europesays.com\/fr\/wp-json\/wp\/v2\/posts"}],"about":[{"href":"https:\/\/www.europesays.com\/fr\/wp-json\/wp\/v2\/types\/post"}],"author":[{"embeddable":true,"href":"https:\/\/www.europesays.com\/fr\/wp-json\/wp\/v2\/users\/2"}],"replies":[{"embeddable":true,"href":"https:\/\/www.europesays.com\/fr\/wp-json\/wp\/v2\/comments?post=140062"}],"version-history":[{"count":0,"href":"https:\/\/www.europesays.com\/fr\/wp-json\/wp\/v2\/posts\/140062\/revisions"}],"wp:featuredmedia":[{"embeddable":true,"href":"https:\/\/www.europesays.com\/fr\/wp-json\/wp\/v2\/media\/140063"}],"wp:attachment":[{"href":"https:\/\/www.europesays.com\/fr\/wp-json\/wp\/v2\/media?parent=140062"}],"wp:term":[{"taxonomy":"category","embeddable":true,"href":"https:\/\/www.europesays.com\/fr\/wp-json\/wp\/v2\/categories?post=140062"},{"taxonomy":"post_tag","embeddable":true,"href":"https:\/\/www.europesays.com\/fr\/wp-json\/wp\/v2\/tags?post=140062"}],"curies":[{"name":"wp","href":"https:\/\/api.w.org\/{rel}","templated":true}]}}