{"id":140082,"date":"2025-05-30T20:50:10","date_gmt":"2025-05-30T20:50:10","guid":{"rendered":"https:\/\/www.europesays.com\/fr\/140082\/"},"modified":"2025-05-30T20:50:10","modified_gmt":"2025-05-30T20:50:10","slug":"brigitte-et-emmanuel-macron-en-asie-apres-la-gifle-ladorable-photo-postee-sur-instagram","status":"publish","type":"post","link":"https:\/\/www.europesays.com\/fr\/140082\/","title":{"rendered":"Brigitte et Emmanuel Macron en Asie : apr\u00e8s la gifle, l\u2019adorable photo post\u00e9e sur Instagram"},"content":{"rendered":"<p>Apr\u00e8s plusieurs jours d\u2019intense m\u00e9diatisation autour de l&rsquo;incident survenu \u00e0 leur arriv\u00e9e en Asie \u2014 o\u00f9<a href=\"https:\/\/www.public.fr\/claque-de-brigitte-a-emmanuel-macron-au-vietnam-enfin-le-president-evoque-cette-scene-surrealiste\" rel=\"nofollow noopener\" target=\"_blank\"> le pr\u00e9sident Emmanuel Macron aurait \u00e9t\u00e9 victime d&rsquo;une gifle \u00e0 la descente de l&rsquo;avion<\/a> \u2014 le couple pr\u00e9sidentiel fran\u00e7ais a fait une r\u00e9apparition remarqu\u00e9e, mais cette fois-ci loin des tensions diplomatiques et des cam\u00e9ras officielles.<\/p>\n<p>C\u2019est sur les r\u00e9seaux sociaux, \u00e0 travers des clich\u00e9s chaleureux et informels, qu\u2019Emmanuel et Brigitte Macron ont choisi de revenir sur le devant de la sc\u00e8ne, en partageant des moments de leur s\u00e9jour en Asie, sous le signe de la d\u00e9couverte culinaire et de la convivialit\u00e9.<\/p>\n<p>Un d\u00eener intime \u00e0 Hano\u00ef immortalis\u00e9 sur Instagram<\/p>\n<p>Les tensions semblent s&rsquo;\u00eatre apais\u00e9es entre Brigitte et Emmanuel Macron. Apr\u00e8s un scandale et <a href=\"https:\/\/www.public.fr\/claque-de-brigitte-a-emmanuel-macron-au-vietnam-une-nouvelle-video-publiee-leurs-visages-totalement-fermes\" rel=\"nofollow noopener\" target=\"_blank\">une vid\u00e9o sur laquelle la premi\u00e8re dame semble gifler son \u00e9poux<\/a>, la complicit\u00e9 r\u00e8gne \u00e0 nouveau au sein du couple. <\/p>\n<p>En visite officielle au Vietnam, Emmanuel et Brigitte Macron ont pris le temps de s\u2019accorder une parenth\u00e8se gastronomique dans un restaurant r\u00e9put\u00e9 d&rsquo;Hano\u00ef : <strong>Madame Hien<\/strong>, une adresse embl\u00e9matique de la cuisine vietnamienne raffin\u00e9e.<\/p>\n<p>Le couple pr\u00e9sidentiel y a \u00e9t\u00e9 chaleureusement accueilli, et l\u2019\u00e9tablissement n\u2019a pas tard\u00e9 \u00e0 partager un clich\u00e9 sur Instagram, montrant le pr\u00e9sident et la premi\u00e8re dame posant avec le personnel du restaurant. Le sourire du couple sur la photo tranche avec les tensions des jours pr\u00e9c\u00e9dents, et laisse entrevoir une volont\u00e9 d\u2019apaisement et de retour \u00e0 la simplicit\u00e9.<\/p>\n<p>Cette apparition, bien que discr\u00e8te, marque une reprise ma\u00eetris\u00e9e de la communication pr\u00e9sidentielle apr\u00e8s le tumulte provoqu\u00e9 par le scandale. Si l\u2019\u00c9lys\u00e9e reste particuli\u00e8rement silencieux sur l\u2019incident, la mise en avant de moments plus l\u00e9gers permet au couple pr\u00e9sidentiel de reprendre le contr\u00f4le du r\u00e9cit m\u00e9diatique, en se montrant proches, accessibles, et curieux du monde.<\/p>\n<p>D\u00e9gustations locales et immersion culturelle<\/p>\n<p>Ce jeudi 29 mai, le m\u00e9dia vietnamien <strong>VN Express<\/strong> a rapport\u00e9 les d\u00e9tails d\u2019un autre moment gastronomique du couple, lors d\u2019un repas o\u00f9 Emmanuel et Brigitte Macron ont go\u00fbt\u00e9 plusieurs sp\u00e9cialit\u00e9s vietnamiennes.<\/p>\n<p>Au menu : des <strong>rouleaux de printemps frits<\/strong>, une <strong>soupe de vermicelles au crabe<\/strong>, et des <strong>\u00e9pinards d\u2019eau saut\u00e9s \u00e0 l\u2019ail<\/strong>. Un v\u00e9ritable hommage \u00e0 la cuisine traditionnelle locale, qui confirme l\u2019int\u00e9r\u00eat du pr\u00e9sident pour les cultures culinaires des pays qu\u2019il visite.<\/p>\n<p>Ce n\u2019est pas la premi\u00e8re fois qu\u2019Emmanuel Macron utilise la gastronomie comme levier diplomatique ou outil de communication. En 2018, lors d\u2019un d\u00e9placement en Inde, il avait d\u00e9j\u00e0 surpris en partageant un repas de rue avec le Premier ministre indien. \u00c0 Hano\u00ef comme \u00e0 Singapour, cette strat\u00e9gie de proximit\u00e9 semble se poursuivre avec succ\u00e8s.<\/p>\n<p>Parmi les plats go\u00fbt\u00e9s : le <strong>chee cheong fun<\/strong>, un rouleau de nouilles de riz garni d&rsquo;une farce savoureuse, ainsi que le <strong>char kway teow<\/strong>, un plat embl\u00e9matique \u00e0 base de nouilles de riz plates saut\u00e9es avec des crevettes et d\u2019autres ingr\u00e9dients dans de la graisse de porc. Un choix culinaire qui d\u00e9note une vraie volont\u00e9 de s\u2019int\u00e9grer \u00e0 la culture locale, en mettant de c\u00f4t\u00e9 tout protocole.<\/p>\n<p>      Mentionn\u00e9s dans cet article<\/p>\n<p>\u00c0 lire aussi<\/p>\n","protected":false},"excerpt":{"rendered":"Apr\u00e8s plusieurs jours d\u2019intense m\u00e9diatisation autour de l&rsquo;incident survenu \u00e0 leur arriv\u00e9e en Asie \u2014 o\u00f9 le pr\u00e9sident&hellip;\n","protected":false},"author":2,"featured_media":140083,"comment_status":"","ping_status":"","sticky":false,"template":"","format":"standard","meta":{"footnotes":""},"categories":[1359],"tags":[986,58,1073,59,1011,27,2440,973],"class_list":{"0":"post-140082","1":"post","2":"type-post","3":"status-publish","4":"format-standard","5":"has-post-thumbnail","7":"category-people","8":"tag-brigitte-macron","9":"tag-divertissement","10":"tag-emmanuel-macron","11":"tag-entertainment","12":"tag-fr","13":"tag-france","14":"tag-instagram","15":"tag-people"},"share_on_mastodon":{"url":"https:\/\/pubeurope.com\/@fr\/114598761134360524","error":""},"_links":{"self":[{"href":"https:\/\/www.europesays.com\/fr\/wp-json\/wp\/v2\/posts\/140082","targetHints":{"allow":["GET"]}}],"collection":[{"href":"https:\/\/www.europesays.com\/fr\/wp-json\/wp\/v2\/posts"}],"about":[{"href":"https:\/\/www.europesays.com\/fr\/wp-json\/wp\/v2\/types\/post"}],"author":[{"embeddable":true,"href":"https:\/\/www.europesays.com\/fr\/wp-json\/wp\/v2\/users\/2"}],"replies":[{"embeddable":true,"href":"https:\/\/www.europesays.com\/fr\/wp-json\/wp\/v2\/comments?post=140082"}],"version-history":[{"count":0,"href":"https:\/\/www.europesays.com\/fr\/wp-json\/wp\/v2\/posts\/140082\/revisions"}],"wp:featuredmedia":[{"embeddable":true,"href":"https:\/\/www.europesays.com\/fr\/wp-json\/wp\/v2\/media\/140083"}],"wp:attachment":[{"href":"https:\/\/www.europesays.com\/fr\/wp-json\/wp\/v2\/media?parent=140082"}],"wp:term":[{"taxonomy":"category","embeddable":true,"href":"https:\/\/www.europesays.com\/fr\/wp-json\/wp\/v2\/categories?post=140082"},{"taxonomy":"post_tag","embeddable":true,"href":"https:\/\/www.europesays.com\/fr\/wp-json\/wp\/v2\/tags?post=140082"}],"curies":[{"name":"wp","href":"https:\/\/api.w.org\/{rel}","templated":true}]}}