{"id":140086,"date":"2025-05-30T20:52:18","date_gmt":"2025-05-30T20:52:18","guid":{"rendered":"https:\/\/www.europesays.com\/fr\/140086\/"},"modified":"2025-05-30T20:52:18","modified_gmt":"2025-05-30T20:52:18","slug":"weitbruch-une-soiree-dedicace-avec-jean-witt-coauteur-dun-livre-sur-les-aidants","status":"publish","type":"post","link":"https:\/\/www.europesays.com\/fr\/140086\/","title":{"rendered":"Weitbruch. Une soir\u00e9e d\u00e9dicace avec Jean Witt, coauteur d\u2019un livre sur les aidants"},"content":{"rendered":"<p>Souhaitant faire entendre la voix des aidants familiaux, Mich\u00e8le Brisset, infirmi\u00e8re et pr\u00e9sidente de l\u2019association Asdepal, et Jean Witt, auteur et aidant, ont uni leurs voix, leurs exp\u00e9riences et leurs sensibilit\u00e9s pour \u00e9crire ensemble le livre Devenir aidant, un enjeu majeur.<\/p>\n<p>Jean Witt, ancien fr\u00e8re dominicain, a quitt\u00e9 l\u2019ordre pour \u00e9pouser Janine, la femme qu\u2019il aimait. Lorsqu\u2019elle a \u00e9t\u00e9 frapp\u00e9e par la maladie d\u2019Alzheimer, il a choisi de&#8230;<\/p>\n","protected":false},"excerpt":{"rendered":"Souhaitant faire entendre la voix des aidants familiaux, Mich\u00e8le Brisset, infirmi\u00e8re et pr\u00e9sidente de l\u2019association Asdepal, et Jean&hellip;\n","protected":false},"author":2,"featured_media":140087,"comment_status":"","ping_status":"","sticky":false,"template":"","format":"standard","meta":{"footnotes":""},"categories":[1357],"tags":[1379,1687,58,4877,59,1011,27,1380,2410,71,11643,26753],"class_list":{"0":"post-140086","1":"post","2":"type-post","3":"status-publish","4":"format-standard","5":"has-post-thumbnail","7":"category-livres","8":"tag-books","9":"tag-culture-loisirs","10":"tag-divertissement","11":"tag-edition-haguenau-wissembourg","12":"tag-entertainment","13":"tag-fr","14":"tag-france","15":"tag-livres","16":"tag-livres-bd","17":"tag-sante","18":"tag-secteur-de-haguenau","19":"tag-weitbruch"},"share_on_mastodon":{"url":"https:\/\/pubeurope.com\/@fr\/114598768984313382","error":""},"_links":{"self":[{"href":"https:\/\/www.europesays.com\/fr\/wp-json\/wp\/v2\/posts\/140086","targetHints":{"allow":["GET"]}}],"collection":[{"href":"https:\/\/www.europesays.com\/fr\/wp-json\/wp\/v2\/posts"}],"about":[{"href":"https:\/\/www.europesays.com\/fr\/wp-json\/wp\/v2\/types\/post"}],"author":[{"embeddable":true,"href":"https:\/\/www.europesays.com\/fr\/wp-json\/wp\/v2\/users\/2"}],"replies":[{"embeddable":true,"href":"https:\/\/www.europesays.com\/fr\/wp-json\/wp\/v2\/comments?post=140086"}],"version-history":[{"count":0,"href":"https:\/\/www.europesays.com\/fr\/wp-json\/wp\/v2\/posts\/140086\/revisions"}],"wp:featuredmedia":[{"embeddable":true,"href":"https:\/\/www.europesays.com\/fr\/wp-json\/wp\/v2\/media\/140087"}],"wp:attachment":[{"href":"https:\/\/www.europesays.com\/fr\/wp-json\/wp\/v2\/media?parent=140086"}],"wp:term":[{"taxonomy":"category","embeddable":true,"href":"https:\/\/www.europesays.com\/fr\/wp-json\/wp\/v2\/categories?post=140086"},{"taxonomy":"post_tag","embeddable":true,"href":"https:\/\/www.europesays.com\/fr\/wp-json\/wp\/v2\/tags?post=140086"}],"curies":[{"name":"wp","href":"https:\/\/api.w.org\/{rel}","templated":true}]}}