{"id":140088,"date":"2025-05-30T20:53:09","date_gmt":"2025-05-30T20:53:09","guid":{"rendered":"https:\/\/www.europesays.com\/fr\/140088\/"},"modified":"2025-05-30T20:53:09","modified_gmt":"2025-05-30T20:53:09","slug":"laveu-danne-elisabeth-lemoine-a-tarek-boudali-sur-une-particularite-physique","status":"publish","type":"post","link":"https:\/\/www.europesays.com\/fr\/140088\/","title":{"rendered":"l\u2019aveu d\u2019Anne-Elisabeth Lemoine \u00e0 Tarek Boudali sur une particularit\u00e9 physique"},"content":{"rendered":"<p>La pr\u00e9sentatrice de \u00abC \u00e0 vous\u00bb a re\u00e7u ce vendredi 30 mai l\u2019acteur ainsi que sa partenaire de jeu dans Un mariage sans fin, Camille Rowe.<\/p>\n<p class=\"fig-paragraph\">\u00abBonsoir, bienvenue \u00e0 tous les deux sur le plateau de \u201cC \u00e0 vous\u201d\u00bb, a r\u00e9p\u00e9t\u00e9 \u00e0 plusieurs reprises\u00a0<a href=\"http:\/\/tvmag.lefigaro.fr\/programme-tv\/actu-tele\/je-trouve-ca-affreux-babeth-lemoine-chuchote-en-direct-pendant-la-chronique-de-mohamed-bouhafsi-20250526\" target=\"_blank\" data-fig-type=\"Article\" rel=\"noopener\" data-gtm-custom-categorie=\"navigation\" data-gtm-custom-action=\"crossclick\" data-gtm-custom-label=\"Contextuel\" data-gtm-event=\"customEventSPE\" data-fig-domain=\"TVMAG\">Babeth Lemoine<\/a>\u00a0sur France 5 ce vendredi soir. Et pour cause. La pr\u00e9sentatrice recevait le duo de com\u00e9diens,\u00a0<a href=\"https:\/\/tvmag.lefigaro.fr\/programme-tv\/tarek-boudali-j-ai-envie-d-etre-le-tom-cruise-francais_e13e81e0-0c70-11eb-ac2a-a59351ff39c8\" target=\"_blank\" data-fig-type=\"Article\" rel=\"noopener\" data-gtm-custom-categorie=\"navigation\" data-gtm-custom-action=\"crossclick\" data-gtm-custom-label=\"Contextuel\" data-gtm-event=\"customEventSPE\" data-fig-domain=\"TVMAG\">Tarek Boudali<\/a>\u00a0et Camille Rowe, \u00e0 l\u2019affiche du film Un mariage sans fin. Il n\u2019en fallait pas plus pour qu\u2019elle use des codes de ce long m\u00e9trage racontant l\u2019histoire de deux individus coinc\u00e9s dans une boucle temporelle.<\/p>\n<p class=\"fig-paragraph\">\u00abEst-ce que plus vous fr\u00e9quentez Tarek, plus vous vous dites qu\u2019il ressemble \u00e0 Enrique Iglesias\u00a0?\u00bb, a demand\u00e9 de but en blanc l\u2019intervieweuse \u00e0 Camille Rowe. Et si son interlocutrice n\u2019a pas sembl\u00e9 comprendre la r\u00e9f\u00e9rence cach\u00e9e, elle s\u2019est tout de m\u00eame astreinte \u00e0 r\u00e9pondre\u00a0: \u00abEn mieux\u00a0!\u00bb Tarek Boudali a quant \u00e0 lui imm\u00e9diatement compris o\u00f9 l\u2019h\u00f4te de l\u2019\u00e9mission voulait en venir. \u00abAh donc on commence sur les dossiers comme \u00e7a, d\u2019entr\u00e9e de jeu\u00a0?\u00bb, a-t-il lanc\u00e9. Parce qu\u2019effectivement, la question d\u2019Anne-Elisabeth Lemoine n\u2019\u00e9tait pas innocente.<\/p>\n<p class=\"fig-body-link\">\n            \u00c0 lire aussi<br \/>\n        <a class=\"fig-body-link__link\" href=\"http:\/\/tvmag.lefigaro.fr\/programme-tv\/ce-soir-tele\/un-mariage-sans-fin-que-vaut-la-nouveau-film-avec-tarek-boudali-et-camille-rowe-sur-prime-video-20250530\" target=\"_blank\" data-fig-type=\"Article\" rel=\"noopener\" data-gtm-custom-categorie=\"navigation\" data-gtm-custom-action=\"crossclick\" data-gtm-custom-label=\"Contextuel\" data-gtm-event=\"customEventSPE\" data-fig-domain=\"TVMAG\">Un mariage sans fin\u00a0: que vaut le nouveau film avec Tarek Boudali et Camille Rowe sur Prime Video\u00a0?<br \/>\n    <\/a>\n<\/p>\n<p class=\"fig-paragraph\">\u00abLe seul \u00e0 penser que je ressemblais \u00e0 Enrique Iglesias quand j\u2019\u00e9tais jeune, c\u2019\u00e9tait moi. Je le disais \u00e0 tout le monde mais ils me disaient tous que je r\u00eavais ou que j\u2019avais de&#8230; dans les yeux\u00bb, a confi\u00e9 l\u2019acteur, suscitant les rires des chroniqueurs. \u00abEh bien moi je ne pense plus qu\u2019\u00e0 \u00e7a depuis que j\u2019ai su que vous aviez cette ressemblance\u00bb, a rench\u00e9ri la pr\u00e9sentatrice, sur le ton de la confidence. Ragaillardi par ce commentaire, Tarek Boudali a imm\u00e9diatement saisi l\u2019opportunit\u00e9\u00a0: \u00abC\u2019est vrai\u00a0? Mais l\u00e0 depuis quelque temps on commence \u00e0 me dire qu\u2019il y a un petit truc\u00a0!\u00bb Abasourdie par ces r\u00e9v\u00e9lations, Camille Rowe s\u2019est exclam\u00e9e\u00a0: \u00abMais c\u2019est un vrai truc\u00a0?\u00bb tandis que Mohamed Bouhafsi a ajout\u00e9\u00a0: \u00abPlus Enrique qu\u2019Iglesias.\u00bb\u00a0<\/p>\n<p class=\"fig-paragraph\">Bien d\u00e9cid\u00e9e \u00e0 poursuivre sa salve de compliments, Anne-Elisabeth Lemoine a poursuivi. \u00abMoi ce dont je suis s\u00fbre c\u2019est qu\u2019Enrique Iglesias n\u2019a pas le m\u00eame don que vous\u00a0: \u00eatre capable de faire une sorte de chor\u00e9graphie des pectoraux. \u00c7a c\u2019est unique au monde, vous \u00eates le seul \u00e0 faire \u00e7a\u00a0?\u00bb, a interrog\u00e9 la pr\u00e9sentatrice admirative devant une telle performance. \u00abPas du tout, plein de gens en sont capables. [&#8230;] Depuis le d\u00e9but de la promo, on me dit que ce sont des effets sp\u00e9ciaux ou de l\u2019intelligence artificielle. Je ne vais pas me mettre torse nu, mais pour vous&#8230;\u00bb a-t-il amorc\u00e9 avant de baisser son regard sur son t-shirt et d\u2019actionner les muscles de son torse en rythme.<\/p>\n","protected":false},"excerpt":{"rendered":"La pr\u00e9sentatrice de \u00abC \u00e0 vous\u00bb a re\u00e7u ce vendredi 30 mai l\u2019acteur ainsi que sa partenaire de&hellip;\n","protected":false},"author":2,"featured_media":140089,"comment_status":"","ping_status":"","sticky":false,"template":"","format":"standard","meta":{"footnotes":""},"categories":[1356],"tags":[497,496,5631,499,58,59,1011,27,500,504,505,495,503,502,501,26509,252,1364,498],"class_list":{"0":"post-140088","1":"post","2":"type-post","3":"status-publish","4":"format-standard","5":"has-post-thumbnail","7":"category-television","8":"tag-actu-tv","9":"tag-actualite-tv","10":"tag-anne-elisabeth-lemoine","11":"tag-buzz-tv","12":"tag-divertissement","13":"tag-entertainment","14":"tag-fr","15":"tag-france","16":"tag-medias","17":"tag-news-tele","18":"tag-news-television","19":"tag-news-tv","20":"tag-programme-tele","21":"tag-programme-tv","22":"tag-quiz-tv","23":"tag-tarek-boudali","24":"tag-television","25":"tag-tv","26":"tag-tv-actu"},"share_on_mastodon":{"url":"https:\/\/pubeurope.com\/@fr\/114598772898461247","error":""},"_links":{"self":[{"href":"https:\/\/www.europesays.com\/fr\/wp-json\/wp\/v2\/posts\/140088","targetHints":{"allow":["GET"]}}],"collection":[{"href":"https:\/\/www.europesays.com\/fr\/wp-json\/wp\/v2\/posts"}],"about":[{"href":"https:\/\/www.europesays.com\/fr\/wp-json\/wp\/v2\/types\/post"}],"author":[{"embeddable":true,"href":"https:\/\/www.europesays.com\/fr\/wp-json\/wp\/v2\/users\/2"}],"replies":[{"embeddable":true,"href":"https:\/\/www.europesays.com\/fr\/wp-json\/wp\/v2\/comments?post=140088"}],"version-history":[{"count":0,"href":"https:\/\/www.europesays.com\/fr\/wp-json\/wp\/v2\/posts\/140088\/revisions"}],"wp:featuredmedia":[{"embeddable":true,"href":"https:\/\/www.europesays.com\/fr\/wp-json\/wp\/v2\/media\/140089"}],"wp:attachment":[{"href":"https:\/\/www.europesays.com\/fr\/wp-json\/wp\/v2\/media?parent=140088"}],"wp:term":[{"taxonomy":"category","embeddable":true,"href":"https:\/\/www.europesays.com\/fr\/wp-json\/wp\/v2\/categories?post=140088"},{"taxonomy":"post_tag","embeddable":true,"href":"https:\/\/www.europesays.com\/fr\/wp-json\/wp\/v2\/tags?post=140088"}],"curies":[{"name":"wp","href":"https:\/\/api.w.org\/{rel}","templated":true}]}}