{"id":140111,"date":"2025-05-30T21:05:12","date_gmt":"2025-05-30T21:05:12","guid":{"rendered":"https:\/\/www.europesays.com\/fr\/140111\/"},"modified":"2025-05-30T21:05:12","modified_gmt":"2025-05-30T21:05:12","slug":"les-feminines-de-lasse-remportent-la-coupe-laura","status":"publish","type":"post","link":"https:\/\/www.europesays.com\/fr\/140111\/","title":{"rendered":"Les f\u00e9minines de l\u2019ASSE remportent la Coupe LAuRA"},"content":{"rendered":"<p>On ne les arr\u00eate plus\u00a0! D\u00e9j\u00e0 d\u00e9tentrices d\u2019un impressionnant tripl\u00e9 championnat R1-Coupe LAuRA-Coupe de la Loire la saison derni\u00e8re, les joueuses de l\u2019\u00e9quipe r\u00e9serve de l\u2019ASSE sont bien parties pour r\u00e9cidiver.<\/p>\n<p>Apr\u00e8s avoir \u00e9t\u00e9 sacr\u00e9es championnes de R1 sans trembler, elles ont remport\u00e9 ce jeudi la finale de la Coupe LAuRA face au FC Annecy (1-3) sur la pelouse d\u2019Yzeure. Un doubl\u00e9 de Tha\u00efs Aznar et une r\u00e9alisation de M\u00e9lanie Boithias ont concr\u00e9tis\u00e9 la domination des Vertes.<\/p>\n<p>Derni\u00e8re \u00e9tape de cette saison accomplie, samedi prochain \u00e0 Veauche, pour tenter la passe de quatre en Coupe de la Loire.<\/p>\n","protected":false},"excerpt":{"rendered":"On ne les arr\u00eate plus\u00a0! D\u00e9j\u00e0 d\u00e9tentrices d\u2019un impressionnant tripl\u00e9 championnat R1-Coupe LAuRA-Coupe de la Loire la saison&hellip;\n","protected":false},"author":2,"featured_media":30227,"comment_status":"","ping_status":"","sticky":false,"template":"","format":"standard","meta":{"footnotes":""},"categories":[9653],"tags":[1111,11,26756,2430,7539,1777,674,63,1011,27,12,25,4001,7538,517],"class_list":{"0":"post-140111","1":"post","2":"type-post","3":"status-publish","4":"format-standard","5":"has-post-thumbnail","7":"category-saint-etienne","8":"tag-actu","9":"tag-actualites","10":"tag-asse-feminine-as-saint-etienne-football","11":"tag-auvergne-rhone-alpes","12":"tag-edition-loire-sud","13":"tag-eu","14":"tag-europe","15":"tag-football","16":"tag-fr","17":"tag-france","18":"tag-news","19":"tag-republique-francaise","20":"tag-saint-etienne","21":"tag-saint-etienne-ville","22":"tag-sport"},"share_on_mastodon":{"url":"https:\/\/pubeurope.com\/@fr\/114598820152482602","error":""},"_links":{"self":[{"href":"https:\/\/www.europesays.com\/fr\/wp-json\/wp\/v2\/posts\/140111","targetHints":{"allow":["GET"]}}],"collection":[{"href":"https:\/\/www.europesays.com\/fr\/wp-json\/wp\/v2\/posts"}],"about":[{"href":"https:\/\/www.europesays.com\/fr\/wp-json\/wp\/v2\/types\/post"}],"author":[{"embeddable":true,"href":"https:\/\/www.europesays.com\/fr\/wp-json\/wp\/v2\/users\/2"}],"replies":[{"embeddable":true,"href":"https:\/\/www.europesays.com\/fr\/wp-json\/wp\/v2\/comments?post=140111"}],"version-history":[{"count":0,"href":"https:\/\/www.europesays.com\/fr\/wp-json\/wp\/v2\/posts\/140111\/revisions"}],"wp:featuredmedia":[{"embeddable":true,"href":"https:\/\/www.europesays.com\/fr\/wp-json\/wp\/v2\/media\/30227"}],"wp:attachment":[{"href":"https:\/\/www.europesays.com\/fr\/wp-json\/wp\/v2\/media?parent=140111"}],"wp:term":[{"taxonomy":"category","embeddable":true,"href":"https:\/\/www.europesays.com\/fr\/wp-json\/wp\/v2\/categories?post=140111"},{"taxonomy":"post_tag","embeddable":true,"href":"https:\/\/www.europesays.com\/fr\/wp-json\/wp\/v2\/tags?post=140111"}],"curies":[{"name":"wp","href":"https:\/\/api.w.org\/{rel}","templated":true}]}}