{"id":140114,"date":"2025-05-30T21:07:20","date_gmt":"2025-05-30T21:07:20","guid":{"rendered":"https:\/\/www.europesays.com\/fr\/140114\/"},"modified":"2025-05-30T21:07:20","modified_gmt":"2025-05-30T21:07:20","slug":"ultra-trail-tour-de-nancy-2025-uttn-live-les-resultats-sports-infos-ski","status":"publish","type":"post","link":"https:\/\/www.europesays.com\/fr\/140114\/","title":{"rendered":"Ultra Trail Tour de Nancy 2025 &#8211; UTTN &#8211; LIVE &#8211; Les r\u00e9sultats &#8211; Sports Infos &#8211; Ski"},"content":{"rendered":"<p>&#8230;<\/p>\n<p><strong>Ultra Trail Tour de Nancy 2025<\/strong><\/p>\n<p>\u00a0<\/p>\n<p><a href=\"https:\/\/fsx.i-run.fr\/?P4572B4851A1427\" target=\"_blank\" rel=\"noopener\"><img decoding=\"async\" src=\"https:\/\/www.europesays.com\/fr\/wp-content\/uploads\/2025\/05\/1748639233_890_\"\/> <\/a><\/p>\n<p>&#8230;<\/p>\n<p><strong>L\u2019Ultra Trail Tour de Nancy (UTTN) 2025, pr\u00e9vu les 31 mai et 1er juin \u00e0 Champigneulles (Meurthe-et-Moselle), revient pour sa quatri\u00e8me \u00e9dition avec des parcours renouvel\u00e9s au c\u0153ur des paysages lorrains.<\/strong><\/p>\n<p>De 1 km \u00e0 110 km, incluant l\u2019\u00e9preuve reine \u00ab Roi Stan \u00bb (110 km, 3700 m D+), l\u2019\u00e9v\u00e9nement propose des trails pour tous niveaux : Macaron (13 km), Mirabelle (23 km), Chardon (57 km), et Bergamotte (9 km).<\/p>\n<p>Une marche nordique et des courses enfants (1 km et 3 km) compl\u00e8tent ce rendez-vous festif.<\/p>\n<p>D\u00e9part du \u00ab Roi Stan \u00bb depuis la mythique Place Stanislas, les autres depuis le Complexe Sportif de Bellefontaine.\u00a0<\/p>\n<p>\u00a0<\/p>\n<p>&#8230;<\/p>\n<p>&#8230;<\/p>\n<p><a href=\"https:\/\/ctb.intersport.fr\/?P5129AD4851A1F13\" target=\"_blank\" rel=\"noopener\"><img decoding=\"async\" src=\"https:\/\/www.europesays.com\/fr\/wp-content\/uploads\/2025\/05\/1748639235_571_\"\/> <\/a><\/p>\n<p>&#8230;<\/p>\n<p><img loading=\"lazy\" decoding=\"async\" alt=\"SALOMON RUNNING_800x533.jpg\" height=\"533\" src=\"https:\/\/www.europesays.com\/fr\/wp-content\/uploads\/2025\/05\/SALOMON+RUNNING_800x533.jpg\" width=\"800\"\/><\/p>\n<p>&#8230;<\/p>\n<p><img loading=\"lazy\" decoding=\"async\" alt=\"LOGO+TRAIL.jpg\" height=\"646\" src=\"https:\/\/www.europesays.com\/fr\/wp-content\/uploads\/2025\/05\/LOGO+TRAIL.jpg\" width=\"800\"\/><\/p>\n<p>\u00a0<\/p>\n","protected":false},"excerpt":{"rendered":"&#8230; Ultra Trail Tour de Nancy 2025 \u00a0 &#8230; L\u2019Ultra Trail Tour de Nancy (UTTN) 2025, pr\u00e9vu les&hellip;\n","protected":false},"author":2,"featured_media":140115,"comment_status":"","ping_status":"","sticky":false,"template":"","format":"standard","meta":{"footnotes":""},"categories":[9635],"tags":[1111,11,4132,1464,4130,4131,207,1777,674,1011,27,775,4133,1702,12,25,4129,4128,1467],"class_list":{"0":"post-140114","1":"post","2":"type-post","3":"status-publish","4":"format-standard","5":"has-post-thumbnail","7":"category-nancy","8":"tag-actu","9":"tag-actualites","10":"tag-athletisme","11":"tag-basketball","12":"tag-biathlon","13":"tag-biathlon-live","14":"tag-cyclisme","15":"tag-eu","16":"tag-europe","17":"tag-fr","18":"tag-france","19":"tag-grand-est","20":"tag-hockey-sur-glace","21":"tag-nancy","22":"tag-news","23":"tag-republique-francaise","24":"tag-ski","25":"tag-sports-infos","26":"tag-tennis"},"share_on_mastodon":{"url":"https:\/\/pubeurope.com\/@fr\/114598828085321404","error":""},"_links":{"self":[{"href":"https:\/\/www.europesays.com\/fr\/wp-json\/wp\/v2\/posts\/140114","targetHints":{"allow":["GET"]}}],"collection":[{"href":"https:\/\/www.europesays.com\/fr\/wp-json\/wp\/v2\/posts"}],"about":[{"href":"https:\/\/www.europesays.com\/fr\/wp-json\/wp\/v2\/types\/post"}],"author":[{"embeddable":true,"href":"https:\/\/www.europesays.com\/fr\/wp-json\/wp\/v2\/users\/2"}],"replies":[{"embeddable":true,"href":"https:\/\/www.europesays.com\/fr\/wp-json\/wp\/v2\/comments?post=140114"}],"version-history":[{"count":0,"href":"https:\/\/www.europesays.com\/fr\/wp-json\/wp\/v2\/posts\/140114\/revisions"}],"wp:featuredmedia":[{"embeddable":true,"href":"https:\/\/www.europesays.com\/fr\/wp-json\/wp\/v2\/media\/140115"}],"wp:attachment":[{"href":"https:\/\/www.europesays.com\/fr\/wp-json\/wp\/v2\/media?parent=140114"}],"wp:term":[{"taxonomy":"category","embeddable":true,"href":"https:\/\/www.europesays.com\/fr\/wp-json\/wp\/v2\/categories?post=140114"},{"taxonomy":"post_tag","embeddable":true,"href":"https:\/\/www.europesays.com\/fr\/wp-json\/wp\/v2\/tags?post=140114"}],"curies":[{"name":"wp","href":"https:\/\/api.w.org\/{rel}","templated":true}]}}