{"id":140116,"date":"2025-05-30T21:08:10","date_gmt":"2025-05-30T21:08:10","guid":{"rendered":"https:\/\/www.europesays.com\/fr\/140116\/"},"modified":"2025-05-30T21:08:10","modified_gmt":"2025-05-30T21:08:10","slug":"jai-toujours-chante-a-11-ans-aubin-remporte-le-concours-les-voix-de-la-crau","status":"publish","type":"post","link":"https:\/\/www.europesays.com\/fr\/140116\/","title":{"rendered":"\u00ab\u00a0J&rsquo;ai toujours chant\u00e9\u00a0\u00bb: \u00e0 11 ans, Aubin remporte le concours Les Voix de La Crau"},"content":{"rendered":"<p>L\u2019atmosph\u00e8re \u00e9tait \u00e9lectrique \u00e0 l\u2019espace Jean-Paul-Maurric de La Crau. Pour sa seconde \u00e9dition, <strong>le concours Les Voix de La Crau<\/strong> a confirm\u00e9 sa promesse, r\u00e9v\u00e9lant des talents bruts et une passion communicative pour la chanson. Au terme d\u2019une soir\u00e9e riche en \u00e9motions, c\u2019est le jeune Aubin Serizier, du haut de ses 11 ans, qui a conquis le c\u0153ur du public et l\u2019oreille attentive du jury de professionnels.<\/p>\n<p>\u00c9l\u00e8ve de 6e au coll\u00e8ge du Fenouillet, Aubin, qui f\u00eatera bient\u00f4t ses 12 printemps, n\u2019est pas un inconnu sur la sc\u00e8ne musicale crauroise. Samedi, face \u00e0 quinze autres candidats tous plus m\u00e9ritants les uns que les autres, c\u2019est lui qui s\u2019est distingu\u00e9. Son interpr\u00e9tation poignante de Maintenant de Vianney a sans doute fait la diff\u00e9rence. Plus qu\u2019une simple justesse ou un timbre d\u00e9j\u00e0 affirm\u00e9, c\u2019est une v\u00e9ritable ma\u00eetrise sc\u00e9nique et une capacit\u00e9 \u00e0 transmettre l\u2019\u00e9motion qui ont \u00e9bloui. \u00ab\u00a0J\u2019ai toujours chant\u00e9\u00a0\u00bb, confie-t-il avec une maturit\u00e9 d\u00e9sarmante. Et j\u2019ai suivi des cours \u00e0 l\u2019\u00e9cole de musique de La Crau depuis l\u2019\u00e2ge de 6 ans.\u00a0\u00bb<\/p>\n<p>Un parcours pr\u00e9coce qui porte ses fruits, lui qui illuminait d\u00e9j\u00e0 de ses solos les prestations de la chorale de l\u2019\u00e9cole. Samedi, son vibrato prometteur a ajout\u00e9 cette couleur vocale unique qui a d\u00e9cid\u00e9 le jury \u00e0 lui remettre le prix.<\/p>\n<p>Juste derri\u00e8re lui, Julia Guenantin n\u2019a pas d\u00e9m\u00e9rit\u00e9, livrant une prestation salu\u00e9e pour son talent \u00e9vident.<\/p>\n<p>Remerciements \u00e0 la professeur de chant du coll\u00e8ge <\/p>\n<p>Christian Simon, le maire de La Crau, pr\u00e9sent pour l\u2019\u00e9v\u00e9nement, n\u2019a pas manqu\u00e9 de f\u00e9liciter l\u2019ensemble des participants. \u00ab\u00a0Ce n\u2019est pas si facile d\u2019oser monter sur sc\u00e8ne, a-t-il soulign\u00e9. Et ce concours est peut-\u00eatre l\u2019occasion pour eux de faire un premier pas d\u00e9cisif. C\u2019est en tout cas un immense bravo \u00e0 tous, et une reconnaissance particuli\u00e8re \u00e0 Karen Fillol, professeur de chant au coll\u00e8ge, qui a su faire \u00e9clore tant des vocations. \u00ab\u00a0<\/p>\n<p>Au-del\u00e0 de la comp\u00e9tition, c\u2019est une v\u00e9ritable f\u00eate de la musique qui s\u2019est jou\u00e9e, avec des r\u00e9pertoires modernes et ancr\u00e9s dans l\u2019air du temps. Une initiative qui, comme l\u2019a relev\u00e9 le premier magistrat, \u00ab\u00a0donne envie aux jeunes Craurois de se lancer, dans un cadre s\u00e9rieux mais aussi d\u00e9tendu et convivial\u00a0\u00bb. Une ambiance bienveillante, typique de ces communes \u00e0 taille humaine o\u00f9 l\u2019on se conna\u00eet, o\u00f9 l\u2019on se soutient.<\/p>\n<p>Avec Aubin, Les Voix de La Crau a confirm\u00e9 sa place de tremplin pour les jeunes artistes locaux, portant haut les couleurs d\u2019une jeunesse passionn\u00e9e, ce qui est l\u2019essentiel au-del\u00e0 de la performance.<\/p>\n<p>            Palmar\u00e8s <\/p>\n<p>1. Aubin Serizier;<br \/>&#13;<br \/>\n2. Julia Guenantin;<br \/>&#13;<br \/>\n3. Lilia Farigla-Pedret;<br \/>&#13;<br \/>\n4. Ciara Fournet.<\/p>\n","protected":false},"excerpt":{"rendered":"L\u2019atmosph\u00e8re \u00e9tait \u00e9lectrique \u00e0 l\u2019espace Jean-Paul-Maurric de La Crau. Pour sa seconde \u00e9dition, le concours Les Voix de&hellip;\n","protected":false},"author":2,"featured_media":140117,"comment_status":"","ping_status":"","sticky":false,"template":"","format":"standard","meta":{"footnotes":""},"categories":[9619],"tags":[1111,11,1777,674,1011,27,12,882,25,2310,3366],"class_list":{"0":"post-140116","1":"post","2":"type-post","3":"status-publish","4":"format-standard","5":"has-post-thumbnail","7":"category-toulon","8":"tag-actu","9":"tag-actualites","10":"tag-eu","11":"tag-europe","12":"tag-fr","13":"tag-france","14":"tag-news","15":"tag-provence-alpes-cote-dazur","16":"tag-republique-francaise","17":"tag-toulon","18":"tag-vie-locale"},"share_on_mastodon":{"url":"https:\/\/pubeurope.com\/@fr\/114598832046960449","error":""},"_links":{"self":[{"href":"https:\/\/www.europesays.com\/fr\/wp-json\/wp\/v2\/posts\/140116","targetHints":{"allow":["GET"]}}],"collection":[{"href":"https:\/\/www.europesays.com\/fr\/wp-json\/wp\/v2\/posts"}],"about":[{"href":"https:\/\/www.europesays.com\/fr\/wp-json\/wp\/v2\/types\/post"}],"author":[{"embeddable":true,"href":"https:\/\/www.europesays.com\/fr\/wp-json\/wp\/v2\/users\/2"}],"replies":[{"embeddable":true,"href":"https:\/\/www.europesays.com\/fr\/wp-json\/wp\/v2\/comments?post=140116"}],"version-history":[{"count":0,"href":"https:\/\/www.europesays.com\/fr\/wp-json\/wp\/v2\/posts\/140116\/revisions"}],"wp:featuredmedia":[{"embeddable":true,"href":"https:\/\/www.europesays.com\/fr\/wp-json\/wp\/v2\/media\/140117"}],"wp:attachment":[{"href":"https:\/\/www.europesays.com\/fr\/wp-json\/wp\/v2\/media?parent=140116"}],"wp:term":[{"taxonomy":"category","embeddable":true,"href":"https:\/\/www.europesays.com\/fr\/wp-json\/wp\/v2\/categories?post=140116"},{"taxonomy":"post_tag","embeddable":true,"href":"https:\/\/www.europesays.com\/fr\/wp-json\/wp\/v2\/tags?post=140116"}],"curies":[{"name":"wp","href":"https:\/\/api.w.org\/{rel}","templated":true}]}}