{"id":140132,"date":"2025-05-30T21:19:30","date_gmt":"2025-05-30T21:19:30","guid":{"rendered":"https:\/\/www.europesays.com\/fr\/140132\/"},"modified":"2025-05-30T21:19:30","modified_gmt":"2025-05-30T21:19:30","slug":"strasbourg-extension-du-stationnement-payant-a-neudorf-un-an-apres-moins-catastrophique-que-prevu","status":"publish","type":"post","link":"https:\/\/www.europesays.com\/fr\/140132\/","title":{"rendered":"Strasbourg. Extension du stationnement payant \u00e0 Neudorf, un an apr\u00e8s\u00a0: \u00ab\u00a0Moins catastrophique que pr\u00e9vu\u00a0\u00bb"},"content":{"rendered":"<p>Elle fait partie des mesures phares \u2013 et contest\u00e9es, disons-le \u2013 <a href=\"https:\/\/www.dna.fr\/p\/jeanne-barseghian\" target=\"_blank\" rel=\"nofollow noopener\">du mandat de Jeanne Barseghian<\/a> et de la municipalit\u00e9 \u00e9cologiste\u00a0: l\u2019extension du stationnement payant \u00e0 trois nouveaux secteurs de la ville de Strasbourg, dont Neudorf, act\u00e9e lors du conseil municipal de mars\u00a02023. Bien qu\u2019une partie des habitants et commer\u00e7ants, avec le soutien de quelques \u00e9lus d\u2019opposition aient tent\u00e9, des mois durant, de jouer des coudes et de faire ent\u00e9riner ce projet de r\u00e9forme dans le quartier de Neudorf, <a href=\"https:\/\/www.dna.fr\/politique\/2024\/06\/01\/entree-en-vigueur-du-stationnement-payant-au-neudorf-le-quartier-sur-le-qui-vive\" target=\"_blank\" rel=\"nofollow noopener\">ce dernier est pourtant bel et bien entr\u00e9 en fonction au 1er\u00a0juin 2024<\/a>. Ce tr\u00e8s vaste morceau de ville de plus de 45\u00a0500 habitants (26 558 m\u00e9nages selon l\u2019Insee), jusqu\u2019alors \u00e9pargn\u00e9, s\u2019est ainsi dot\u00e9 de <a href=\"https:\/\/www.dna.fr\/economie\/2024\/03\/04\/stationnement-a-neudorf-le-nombre-de-places-payantes-revu-a-la-baisse\" target=\"_blank\" rel=\"nofollow noopener\">6\u00a0300 places de stationnement mat\u00e9rialis\u00e9es au sol<\/a> , en zone verte (la moins ch\u00e8re), auxquelles se sont ajout\u00e9es de prime abord 160 places pr\u00e9serv\u00e9es en zone bleue. Les multiples objectifs de cette mesure martel\u00e9s par la Ville, \u00e9tant, on le rappelle, de \u00ab\u00a0faciliter le stationnement utile\u00a0\u00bb, \u00ab\u00a0mieux&#8230;<\/p>\n","protected":false},"excerpt":{"rendered":"Elle fait partie des mesures phares \u2013 et contest\u00e9es, disons-le \u2013 du mandat de Jeanne Barseghian et de&hellip;\n","protected":false},"author":2,"featured_media":140133,"comment_status":"","ping_status":"","sticky":false,"template":"","format":"standard","meta":{"footnotes":""},"categories":[2820],"tags":[1111,11,3542,4406,130,33,2880,1777,674,107,1011,27,775,12,25,104,640,2879,2803,216],"class_list":{"0":"post-140132","1":"post","2":"type-post","3":"status-publish","4":"format-standard","5":"has-post-thumbnail","7":"category-strasbourg","8":"tag-actu","9":"tag-actualites","10":"tag-circulation","11":"tag-commerce-et-services","12":"tag-consommation","13":"tag-economie","14":"tag-edition-strasbourg","15":"tag-eu","16":"tag-europe","17":"tag-fil-info","18":"tag-fr","19":"tag-france","20":"tag-grand-est","21":"tag-news","22":"tag-republique-francaise","23":"tag-societe","24":"tag-strasbourg","25":"tag-strasbourg-ville","26":"tag-transport","27":"tag-vie-des-entreprises"},"share_on_mastodon":{"url":"https:\/\/pubeurope.com\/@fr\/114598875164170858","error":""},"_links":{"self":[{"href":"https:\/\/www.europesays.com\/fr\/wp-json\/wp\/v2\/posts\/140132","targetHints":{"allow":["GET"]}}],"collection":[{"href":"https:\/\/www.europesays.com\/fr\/wp-json\/wp\/v2\/posts"}],"about":[{"href":"https:\/\/www.europesays.com\/fr\/wp-json\/wp\/v2\/types\/post"}],"author":[{"embeddable":true,"href":"https:\/\/www.europesays.com\/fr\/wp-json\/wp\/v2\/users\/2"}],"replies":[{"embeddable":true,"href":"https:\/\/www.europesays.com\/fr\/wp-json\/wp\/v2\/comments?post=140132"}],"version-history":[{"count":0,"href":"https:\/\/www.europesays.com\/fr\/wp-json\/wp\/v2\/posts\/140132\/revisions"}],"wp:featuredmedia":[{"embeddable":true,"href":"https:\/\/www.europesays.com\/fr\/wp-json\/wp\/v2\/media\/140133"}],"wp:attachment":[{"href":"https:\/\/www.europesays.com\/fr\/wp-json\/wp\/v2\/media?parent=140132"}],"wp:term":[{"taxonomy":"category","embeddable":true,"href":"https:\/\/www.europesays.com\/fr\/wp-json\/wp\/v2\/categories?post=140132"},{"taxonomy":"post_tag","embeddable":true,"href":"https:\/\/www.europesays.com\/fr\/wp-json\/wp\/v2\/tags?post=140132"}],"curies":[{"name":"wp","href":"https:\/\/api.w.org\/{rel}","templated":true}]}}